{"id":999,"date":"2011-03-02T14:32:39","date_gmt":"2011-03-02T13:32:39","guid":{"rendered":"http:\/\/shamael.noblogs.org\/?p=999"},"modified":"2011-05-18T09:38:39","modified_gmt":"2011-05-18T07:38:39","slug":"pd-e-il-caso-chiusi-pieno-sostegno-a-quei-dirigenti-ed-iscritti-che-hanno-trovato-la-forza-per-dire-basta-alle-imposizioni-dallalto-andate-avanti-la-base-e-con-voi","status":"publish","type":"post","link":"https:\/\/shamael.noblogs.org\/?p=999","title":{"rendered":"PD e il caso Chiusi. Pieno sostegno a quei dirigenti ed iscritti che hanno trovato la forza per dire basta alle imposizioni dall&#8217;alto. Andate avanti la base \u00e8 con voi"},"content":{"rendered":"<p><a href=\"https:\/\/shamael.noblogs.org\/files\/2011\/01\/primula-rossa.jpg\"><img loading=\"lazy\" decoding=\"async\" class=\"alignleft size-full wp-image-421\" src=\"https:\/\/shamael.noblogs.org\/files\/2011\/01\/primula-rossa.jpg\" alt=\"\" width=\"200\" height=\"210\" \/><\/a>Il\u00a0<strong>mite Mugnaioli<\/strong>, segretario comunale del PD(S) senese, ha sferrato un suo fendente, panico a Siena.<\/p>\n<div>E, ovviamente,\u00a0<strong>non si \u00e8\u00a0fatto sfuggire l&#8217;occasione per prendersela da una parte con mezzo mondo<\/strong> e,\u00a0<strong>dall&#8217;altra, per continuare a sognare sulle note di &#8220;Bella, meravigliosa 2.0&#8221;<\/strong> (i cui\u00a0<strong>iscritti diessini<\/strong>, soprattutto la componente maggioritaria che presumiamo essere\u00a0<strong>composta da over 58\/60 anni<\/strong>, ancora oggi\u00a0<strong>si domandano se a quel 2.0 non manchino altri due numeri, &#8220;11&#8221; ad ad indicare l&#8217;anno in cui si vota<\/strong> &#8211; alla valenza mediatica del web, nell&#8217;elettorato diessino e non solo, non c&#8217;ha pensato quasi nessuno, facciano un sondaggio cos\u00ec lo verificano di persona).<\/div>\n<div>E siccome Mugnaioli parla di una forte unit\u00e0 interna, quando abbiamo letto questa aulica affermazione c&#8217;\u00e8 venuto in mente quello che all&#8217;interno di quello stesso PD cos\u00ec tanto unito e coeso, sta avvenendo a Chiusi.<\/div>\n<div><strong>E\u00a0che c&#8217;entra Chiusi con Siena<\/strong>, direte voi.\u00a0<strong>C&#8217;entra e come<\/strong>. Perch\u00e9 il\u00a0<strong>gruppo dirigente<\/strong>, i factotum politici che\u00a0<strong>presidiano il partito<\/strong>, circodandolo con i cavalli di frisia perch\u00e9 nessuno possa varcare certe linee\u00a0<strong>ed insidiare le posizioni che hanno conquistato in anni e anni di fedelt\u00e0 diessina, sono sempre gli stessi<\/strong>. E non vengano a dire che a Siena il segretario si chiama Alessandro Mugnaioli e quello Provinciale Elisa Meloni e che, quindi, il primo &#8211; non avendo la bega di Chiusi &#8211; \u00e8 in grado di tenere le redini del gioco e la seconda no,\u00a0<strong>perch\u00e9 la fonte battesimale \u00e8 sempre la stessa<\/strong>.<\/div>\n<div>Gi\u00e0,\u00a0<strong>di Chiusi perch\u00e9 non parla il PD<\/strong>? Sempre prolifico sulla stampa a lanciare moniti e a commentare l&#8217;agire altrui; sempre solerte nell&#8217;irradiare uno scenario interno che sembra l&#8217;ambientazione di &#8216;Alice nel paese delle meraviglie&#8217;;\u00a0<strong>sempre pronto a magnificare l&#8217;unit\u00e0 e la coesione interna; cosa sta accadendo al PD di Chiusi<\/strong>? Dalle notizie riportate sulla stampa locale\u00a0(unica fonte da cui traiamo la nostre riflessioni)\u00a0<strong>ci pare di aver letto che tra i &#8220;dissidenti&#8221; c&#8217;\u00e8 anche il capogruppo in provincia Nasorri<\/strong>. Se questa notizia fosse confermata vorrebbe dire che il\u00a0<strong>perimetro\u00a0del malessere si estende ben al di l\u00e0 della sola Chiusi<\/strong>. Ma &#8211; sempre stando a quanto riportato dalla stampa e tralasciamo di menzionare ci\u00f2 che viene detto in giro &#8211;\u00a0<strong>avete fatto caso a quali siano le parole usate da chi vuole caratterizzare questo gruppo dirigente diessino<\/strong>?\u00a0<strong>Arroganza e imposizioni<\/strong>. &#8220;[&#8230;]<em>Per questo i firmatari del documento non accetteranno mai\u00a0<strong>imposizioni di candidature<\/strong> <strong>stabilite a tavolino o calate dall&#8217;alto<\/strong> senza il coinvolgimento della comunit\u00e0 chiusina<\/em>&#8220;, queste sono le<strong>dichiarazioni fatte dai 95 firmatari iscritti al PD di Chiusi all&#8217;indirizzo della segreteria provinciale dello stesso PD<\/strong>, se vi pare poco. Volete invece sentire come li ha catalogati il<strong>segretario dell&#8217;IDV on. Evangelisti<\/strong>? Ecco qua\u00a0&#8220;<em>Il\u00a0<strong>Pd<\/strong> ha assunto un\u00a0<strong>atteggiamento di supponenza e arroganza<\/strong> [&#8230;] che c&#8217;\u00e8 un&#8217;area del centrosinistra che equivale alla met\u00e0 dei consensi del Pd e che non si riconosce pi\u00f9 e non \u00e8 disposta ad accettare le logiche di governo lontane dagli interessi dei cittadini<\/em>&#8220;. Ma ci chiediamo, possibile che siano sempre gli altri a sbagliare? Possibile che la\u00a0<strong>dirigenza<\/strong> (quella vera e ristretta)\u00a0<strong>del PD di Siena e provincia non pensi mai per un attimo a mettersi in discussione<\/strong> e verificare con obiettivit\u00e0 che i metodi praticati adottati fino ad ora non sono visti di buon grado (per\u00a0<strong>usare un eufemismo<\/strong>) n\u00e9 dai cittadini n\u00e9 tantomeno e soprattutto da una consistente parte dei loro iscritti e dirigenti?<\/div>\n<div><\/div>\n<div>Firmato<\/div>\n<div><strong>La Primula Rossa<\/strong><\/div>\n","protected":false},"excerpt":{"rendered":"<p>Il\u00a0mite Mugnaioli, segretario comunale del PD(S) senese, ha sferrato un suo fendente, panico a Siena. E, ovviamente,\u00a0non si \u00e8\u00a0fatto sfuggire l&#8217;occasione per prendersela da una parte con mezzo mondo e,\u00a0dall&#8217;altra, per continuare a sognare sulle note di &#8220;Bella, meravigliosa 2.0&#8221; (i cui\u00a0iscritti diessini, soprattutto la componente maggioritaria che presumiamo essere\u00a0composta da over 58\/60 anni, ancora [&hellip;]<\/p>\n","protected":false},"author":2063,"featured_media":0,"comment_status":"open","ping_status":"open","sticky":false,"template":"","format":"standard","meta":{"footnotes":""},"categories":[1],"tags":[22],"class_list":["post-999","post","type-post","status-publish","format-standard","hentry","category-general","tag-politica-senese"],"_links":{"self":[{"href":"https:\/\/shamael.noblogs.org\/index.php?rest_route=\/wp\/v2\/posts\/999","targetHints":{"allow":["GET"]}}],"collection":[{"href":"https:\/\/shamael.noblogs.org\/index.php?rest_route=\/wp\/v2\/posts"}],"about":[{"href":"https:\/\/shamael.noblogs.org\/index.php?rest_route=\/wp\/v2\/types\/post"}],"author":[{"embeddable":true,"href":"https:\/\/shamael.noblogs.org\/index.php?rest_route=\/wp\/v2\/users\/2063"}],"replies":[{"embeddable":true,"href":"https:\/\/shamael.noblogs.org\/index.php?rest_route=%2Fwp%2Fv2%2Fcomments&post=999"}],"version-history":[{"count":3,"href":"https:\/\/shamael.noblogs.org\/index.php?rest_route=\/wp\/v2\/posts\/999\/revisions"}],"predecessor-version":[{"id":2391,"href":"https:\/\/shamael.noblogs.org\/index.php?rest_route=\/wp\/v2\/posts\/999\/revisions\/2391"}],"wp:attachment":[{"href":"https:\/\/shamael.noblogs.org\/index.php?rest_route=%2Fwp%2Fv2%2Fmedia&parent=999"}],"wp:term":[{"taxonomy":"category","embeddable":true,"href":"https:\/\/shamael.noblogs.org\/index.php?rest_route=%2Fwp%2Fv2%2Fcategories&post=999"},{"taxonomy":"post_tag","embeddable":true,"href":"https:\/\/shamael.noblogs.org\/index.php?rest_route=%2Fwp%2Fv2%2Ftags&post=999"}],"curies":[{"name":"wp","href":"https:\/\/api.w.org\/{rel}","templated":true}]}}