{"id":6175,"date":"2012-10-18T18:59:08","date_gmt":"2012-10-18T16:59:08","guid":{"rendered":"http:\/\/shamael.noblogs.org\/?p=6175"},"modified":"2012-10-18T18:59:08","modified_gmt":"2012-10-18T16:59:08","slug":"riceviamo-e-pubblichiamo-sembra-di-guardare-alberto-sordi","status":"publish","type":"post","link":"https:\/\/shamael.noblogs.org\/?p=6175","title":{"rendered":"Riceviamo e pubblichiamo. Sembra di guardare Alberto Sordi"},"content":{"rendered":"<p align=\"justify\"><a href=\"https:\/\/shamael.noblogs.org\/files\/2012\/10\/alberto_sordi.jpg\"><img loading=\"lazy\" decoding=\"async\" class=\"alignleft size-full wp-image-6176\" src=\"https:\/\/shamael.noblogs.org\/files\/2012\/10\/alberto_sordi.jpg\" alt=\"\" width=\"420\" height=\"390\" srcset=\"https:\/\/shamael.noblogs.org\/files\/2012\/10\/alberto_sordi.jpg 420w, https:\/\/shamael.noblogs.org\/files\/2012\/10\/alberto_sordi-300x278.jpg 300w\" sizes=\"auto, (max-width: 420px) 100vw, 420px\" \/><\/a>Ve lo ricordate il film con Alberto Sordi nei panni di un tenente dell&#8217;esercito che chiede gli ordini ai propri superiori l&#8217;otto settembre del 1943? E i superiori che gli intimano, ai sensi degli ultimi provvedimenti regolamentari, di cantare durante le marce di spostamento. E allora cantano mentre i tedeschi li attaccano uccidendo decine di militari italiani. Beh! La situazione al Monte sembra essere proprio questa. Dopo dieci mesi dall&#8217;insediamento della &#8220;splendida&#8221; coppia Profumo, Viola nulla \u00e8 cambiato e i numeri rimangono brutti. \u00a0Una societ\u00e0 di rating considera il titolo della banca senese spazzatura e la colpa \u00e8 tutta del personale. Risorsa che va penalizzata, secondo gli attuali gestori, in modo indiscriminato perch\u00e8 privilegiata nel recente passato e non adatta. Chi stabilisce tale inadeguatezza sono niente po&#8217; po&#8217; di meno che personaggi come la signora Dalla Riva e il signor Bernardo Mingrone che a fronte dei loro lauti compensi ignorano storie personali legate da anni a una azienda che si chiama Monte dei Paschi di Siena. Obbiettivo: disseminare terrore, paura per cercare di recuperare una capacit\u00e0 di direzione che non sembra essere riconosciuta. La fiducia nei confronti dei capi non \u00e8 qualcosa che si compra il mercoled\u00ec al mercato. Profumo fa cadere, sempre, le solite considerazioni prive del riscontro della misurabilit\u00e0 dei numeri, dal sesto piano. Ha i suoi fedeli catapultati a Siena con cui si riunisce una volta alla settimana a Milano. Viola, per contro, ha i suoi fiduciari con cui dialoga costantemente a Siena. Ma, n\u00e9 quelli di Profumo, n\u00e9 quelli di Viola parlano fra di loro. Ci sono due modi per essere riconosciuti come &#8220;capi&#8221;: l&#8217;egemonia determinata dalla capacit\u00e0 professionale o la paura esercitata da un potere indiscriminato. I vertici bancari hanno scelto la seconda strada nel deserto dei risultati. Tutti avevano sperato in un cambiamento che fosse fatto di certezza di obiettivi del coinvolgimento sui risultati, del rispetto della risorsa lavoro per quello che ha espresso e per quello, soprattutto, che poteva ancora esprimere. Si colpisce, viceversa, nel mucchio senza conoscere le singole individualit\u00e0, si distrugge un patrimonio di conoscenza che hanno fatto grande nel passato il Monte e che avevano subito la gestione anch&#8217;essa indiscriminata della coppia Mussari &#8211; Fabrizio Rossi. Non si \u00e8 tentato un recupero, una rimotivazione delle capacit\u00e0 che pur erano disponibili a un cambiamento di passo per il bene del gruppo a cui appartenevano. Non tutti i dipendenti sono nella direzione generale e non tutti hanno fatto parte delle scelte sciagurate del passato. Ma a fronte dei molti che vengono cacciati senza reali responsabilit\u00e0 altri vengono conservati nei loro posti di comando. Livelli che sono di primaria importanza nell&#8217;azienda, ma che godono della copertura politica di chi oggi non \u00e8 pi\u00f9 ai vertici e\/o del partito di maggioranza relativa a Siena. Ceccuzzi porta su di s\u00e9 anche questa responsabilit\u00e0: quella di aver scelto gli attuali &#8220;capi&#8221; e di aver distrutto un patrimonio fatto di carne e di ossa.<\/p>\n<p dir=\"ltr\">Giovanni Romagnoli<\/p>\n","protected":false},"excerpt":{"rendered":"<p>Ve lo ricordate il film con Alberto Sordi nei panni di un tenente dell&#8217;esercito che chiede gli ordini ai propri superiori l&#8217;otto settembre del 1943? E i superiori che gli intimano, ai sensi degli ultimi provvedimenti regolamentari, di cantare durante le marce di spostamento. E allora cantano mentre i tedeschi li attaccano uccidendo decine di [&hellip;]<\/p>\n","protected":false},"author":2063,"featured_media":0,"comment_status":"open","ping_status":"open","sticky":false,"template":"","format":"standard","meta":{"footnotes":""},"categories":[1],"tags":[],"class_list":["post-6175","post","type-post","status-publish","format-standard","hentry","category-general"],"_links":{"self":[{"href":"https:\/\/shamael.noblogs.org\/index.php?rest_route=\/wp\/v2\/posts\/6175","targetHints":{"allow":["GET"]}}],"collection":[{"href":"https:\/\/shamael.noblogs.org\/index.php?rest_route=\/wp\/v2\/posts"}],"about":[{"href":"https:\/\/shamael.noblogs.org\/index.php?rest_route=\/wp\/v2\/types\/post"}],"author":[{"embeddable":true,"href":"https:\/\/shamael.noblogs.org\/index.php?rest_route=\/wp\/v2\/users\/2063"}],"replies":[{"embeddable":true,"href":"https:\/\/shamael.noblogs.org\/index.php?rest_route=%2Fwp%2Fv2%2Fcomments&post=6175"}],"version-history":[{"count":2,"href":"https:\/\/shamael.noblogs.org\/index.php?rest_route=\/wp\/v2\/posts\/6175\/revisions"}],"predecessor-version":[{"id":6178,"href":"https:\/\/shamael.noblogs.org\/index.php?rest_route=\/wp\/v2\/posts\/6175\/revisions\/6178"}],"wp:attachment":[{"href":"https:\/\/shamael.noblogs.org\/index.php?rest_route=%2Fwp%2Fv2%2Fmedia&parent=6175"}],"wp:term":[{"taxonomy":"category","embeddable":true,"href":"https:\/\/shamael.noblogs.org\/index.php?rest_route=%2Fwp%2Fv2%2Fcategories&post=6175"},{"taxonomy":"post_tag","embeddable":true,"href":"https:\/\/shamael.noblogs.org\/index.php?rest_route=%2Fwp%2Fv2%2Ftags&post=6175"}],"curies":[{"name":"wp","href":"https:\/\/api.w.org\/{rel}","templated":true}]}}