{"id":4723,"date":"2012-04-18T10:21:59","date_gmt":"2012-04-18T08:21:59","guid":{"rendered":"http:\/\/shamael.noblogs.org\/?p=4723"},"modified":"2012-04-18T10:21:59","modified_gmt":"2012-04-18T08:21:59","slug":"chi-di-discontinuita-ferisce-di-discontinuita-perisce-lo-strano-caso-del-discontinuatore-ceccuzzi-e-ora-come-fa-a-piazzare-tutti-i-suoi-uomini","status":"publish","type":"post","link":"https:\/\/shamael.noblogs.org\/?p=4723","title":{"rendered":"Chi di discontinuit\u00e0 ferisce, di discontinuit\u00e0 perisce. Lo strano caso del discontinuatore Ceccuzzi: e ora come fa a &#8216;piazzare&#8217; tutti i suoi uomini?"},"content":{"rendered":"<p align=\"justify\"><a href=\"https:\/\/shamael.noblogs.org\/files\/2012\/04\/marzucchi.jpg\"><img loading=\"lazy\" decoding=\"async\" class=\"alignleft size-full wp-image-4724\" src=\"https:\/\/shamael.noblogs.org\/files\/2012\/04\/marzucchi.jpg\" alt=\"\" width=\"430\" height=\"286\" srcset=\"https:\/\/shamael.noblogs.org\/files\/2012\/04\/marzucchi.jpg 430w, https:\/\/shamael.noblogs.org\/files\/2012\/04\/marzucchi-300x199.jpg 300w\" sizes=\"auto, (max-width: 430px) 100vw, 430px\" \/><\/a>Dal nostro corrispondente all&#8217;Acri, l&#8217;economista Paco Pachese &#8211; La parola &#8220;discontinuit\u00e0&#8221; di nuovo alla ribalta. Ma stavolta a pronunciarla non \u00e8 Mister Discontinuator, al secolo Franchino il Ceccuzzi (pro tempore sindaco di Siena). Il nuovo motto di Ceccuzzi \u00e8 uscito dalla bocca del presidente dell&#8217;Acri Giuseppe Guzzetti in un&#8217;intervista rilasciata ad Affari e Finanza qualche giorno fa. E siamo certi che nell&#8217;accezione in cui l\u2019ha declinata lui al Ceccuzzi non piaccia per niente.<br \/>\nGiuseppe Guzzetti, presidente dell\u2019Acri l\u2019associazione che rappresenta la quasi totalit\u00e0 degli 88 enti ex bancari a proposito del rapporto tra politica e mondo delle Fondazioni bancarie inizia subito dicendo \u201cNo, non c\u2019\u00e8 una guerra con i politici, ma noi cerchiamo di far capire che \u00e8 nel loro interesse non mettere soggetti privati quali noi siamo sotto il loro controllo: se entra la politica, le Fondazioni scompaiono\u201d.<br \/>\nMa la parte pi\u00f9 interessante e senza dubbio estremamente dolorosa per Franchino da Montepulciano arriva quando il Presidente Guzzetti spiega il significato della nuova \u2018Carta delle Fondazioni\u2019 (una sorta di decalogo al quale attenersi) approvata all\u2019unanimit\u00e0 nei giorni scorsi \u201cIl punto pi\u00f9 qualificante della Carta \u00e8 quello che parla della governance. Al fine di salvaguardare la propria indipendenza ed evitare conflitti di interesse \u2013 si legge nel testo \u2013 la partecipazione agli organi delle Fondazioni \u00e8 incompatibile con qualsiasi incarico o candidatura politica\u201d. Guzzetti, rispondendo al giornalista prosegue affermando \u201cInoltre ci deve essere \u2018discontinuit\u00e0\u2019: chi ha fatto politica non pu\u00f2 entrare in una Fondazione, se non dopo un periodo di decantazione di uno-due anni. La \u2018discontinuit\u00e0\u2019 deve valere anche in uscita: chi \u00e8 stato dentro una Fondazione non potr\u00e0 candidarsi in un partito se non passeranno uno o due anni di \u2018sabbatico\u2019\u201d.<br \/>\nE qui viene il bello e, soprattutto, l\u2019ennesima grana per il Ceccuzzi (che va a sommarsi a tutte quelle che si crea da solo; alle tante che gli creano i suoi &#8216;consigliori&#8217;; alla atavica sfiga che gli si \u00e8 appiccicata addosso come una cozza allo scoglio fin da quando la sua candidatura venne lanciata).<br \/>\nCome far\u00e0, a questo punto il socialista e vice sindaco Mauro Marzucchi (che siede nei banchi della giunta comunale non perch\u00e9 \u00e8 un tecnico, ma bens\u00ec perch\u00e9 \u00e8 un politico a tutto tondo) a coronare il suo sogno di essere nominato nella deputazione amministratrice della Fondazione MPS? A quali nuovi equilibrismi dialettici e a quali stravaganti strategie di comunicazione i prodi comunicatori ceccuzziani tenteranno di ricorrere per far passare come non politici tutta una pletora di personaggi che, invece, hanno fatto solo quello in tutta la loro vita?<br \/>\nRisponda ad una sola domanda, Ceccuzzi: cosa ne pensa della nuova &#8216;Carta delle Fondazioni&#8217; e della tanto sua amata parolina magica &#8216;discontinuit\u00e0&#8217;?<\/p>\n","protected":false},"excerpt":{"rendered":"<p>Dal nostro corrispondente all&#8217;Acri, l&#8217;economista Paco Pachese &#8211; La parola &#8220;discontinuit\u00e0&#8221; di nuovo alla ribalta. Ma stavolta a pronunciarla non \u00e8 Mister Discontinuator, al secolo Franchino il Ceccuzzi (pro tempore sindaco di Siena). Il nuovo motto di Ceccuzzi \u00e8 uscito dalla bocca del presidente dell&#8217;Acri Giuseppe Guzzetti in un&#8217;intervista rilasciata ad Affari e Finanza qualche [&hellip;]<\/p>\n","protected":false},"author":2063,"featured_media":0,"comment_status":"open","ping_status":"open","sticky":false,"template":"","format":"standard","meta":{"footnotes":""},"categories":[1],"tags":[],"class_list":["post-4723","post","type-post","status-publish","format-standard","hentry","category-general"],"_links":{"self":[{"href":"https:\/\/shamael.noblogs.org\/index.php?rest_route=\/wp\/v2\/posts\/4723","targetHints":{"allow":["GET"]}}],"collection":[{"href":"https:\/\/shamael.noblogs.org\/index.php?rest_route=\/wp\/v2\/posts"}],"about":[{"href":"https:\/\/shamael.noblogs.org\/index.php?rest_route=\/wp\/v2\/types\/post"}],"author":[{"embeddable":true,"href":"https:\/\/shamael.noblogs.org\/index.php?rest_route=\/wp\/v2\/users\/2063"}],"replies":[{"embeddable":true,"href":"https:\/\/shamael.noblogs.org\/index.php?rest_route=%2Fwp%2Fv2%2Fcomments&post=4723"}],"version-history":[{"count":2,"href":"https:\/\/shamael.noblogs.org\/index.php?rest_route=\/wp\/v2\/posts\/4723\/revisions"}],"predecessor-version":[{"id":4726,"href":"https:\/\/shamael.noblogs.org\/index.php?rest_route=\/wp\/v2\/posts\/4723\/revisions\/4726"}],"wp:attachment":[{"href":"https:\/\/shamael.noblogs.org\/index.php?rest_route=%2Fwp%2Fv2%2Fmedia&parent=4723"}],"wp:term":[{"taxonomy":"category","embeddable":true,"href":"https:\/\/shamael.noblogs.org\/index.php?rest_route=%2Fwp%2Fv2%2Fcategories&post=4723"},{"taxonomy":"post_tag","embeddable":true,"href":"https:\/\/shamael.noblogs.org\/index.php?rest_route=%2Fwp%2Fv2%2Ftags&post=4723"}],"curies":[{"name":"wp","href":"https:\/\/api.w.org\/{rel}","templated":true}]}}