{"id":4717,"date":"2012-04-17T20:04:04","date_gmt":"2012-04-17T18:04:04","guid":{"rendered":"http:\/\/shamael.noblogs.org\/?p=4717"},"modified":"2012-04-17T20:04:04","modified_gmt":"2012-04-17T18:04:04","slug":"centro-di-palazzo-te-di-mantova-e-lappello-degli-intellettuali-azzerate-tutto-e-ripartiamo-da-zero-a-casa-anche-il-comunicatore-david-rossi","status":"publish","type":"post","link":"https:\/\/shamael.noblogs.org\/?p=4717","title":{"rendered":"Centro di Palazzo T\u00e9 di Mantova e l&#8217;appello degli intellettuali: &#8220;Azzerate tutto e ripartiamo da zero&#8221;. A casa anche il comunicatore David Rossi"},"content":{"rendered":"<p align=\"JUSTIFY\"><strong><a href=\"https:\/\/shamael.noblogs.org\/files\/2012\/04\/pi\u00f9-sani-e-piu-belli.jpg\"><img loading=\"lazy\" decoding=\"async\" class=\"alignleft  wp-image-4718\" src=\"https:\/\/shamael.noblogs.org\/files\/2012\/04\/pi\u00f9-sani-e-piu-belli-300x199.jpg\" alt=\"\" width=\"434\" height=\"287\" \/><\/a>Ecco il testo integrale degli intellettuali di Mantova:<\/strong><\/p>\n<blockquote>\n<p align=\"JUSTIFY\">Abbiamo letto nei giorni scorsi della decisione di Alain Elkann di lasciare l&#8217;incarico di presidente del Comitato scientifico del Centro Internazionale d&#8217;Arte e Cultura di Palazzo Te. Elkann lamenta che il Consiglio d&#8217;amministrazione del Centro, e in particolare il suo presidente, non abbiano tenuto in alcun conto le proposte formulate dal Comitato scientifico.<br \/>\nContemporaneamente si \u00e8 appreso che la prevista grande mostra su Giulio Romano non si far\u00e0 pi\u00f9; al suo posto \u00e8 arrivata una mostra itinerante sugli artisti dell&#8217;animazione &#8211; sui cartoon per intenderci -, di recente transitata al Padiglione d&#8217;Arte contemporanea di Milano. Nel frattempo abbiamo dovuto ascoltare le polemiche di Vittorio Sgarbi che, more solito, avvelenano ulteriormente il clima senza peraltro dare alcun contributo alla delineazione di un futuro del Centro che sia all&#8217;altezza del suo passato.<br \/>\nTutto ci\u00f2 indica senza possibilit\u00e0 d&#8217;equivoco a quale sorte si vuole condannare il Centro da parte dei suoi attuali massimi responsabili: tramonta definitivamente l&#8217;idea del Centro come luogo di ricerca, oltre che come organizzatore di esposizioni (felice idea che \u00e8 diventata in diverse occasioni un&#8217;importante realt\u00e0); si rinuncia a valorizzare sotto il profilo scientifico, artistico e turistico lo straordinario patrimonio storico di Mantova; vengono meno le relazioni con i musei d&#8217;Italia, d&#8217;Europa e del mondo che hanno costituito una delle chiavi dei successi del passato; si scoraggiano infine le forze economiche a rilanciare il Centro e a investire in imprese culturali che possano concorrere alla crescita della nostra citt\u00e0 e della nostra provincia.<br \/>\nLa china sulla quale il Centro pare avviato \u00e8 in larga misura da ricondurre all&#8217;inadeguatezza dei suoi attuali massimi responsabili. Crediamo dunque non vi sia alcuna seria possibilit\u00e0 di rilanciare il Centro se non si comincia con il nominarne di nuovi, pensando a personalit\u00e0 di grande prestigio scientifico e di riconosciuta indipendenza.<br \/>\nSoltanto un gruppo di amministratori caratterizzati da questo profilo potr\u00e0 disegnare un nuovo futuro per il Centro, chiamando a raccolta le migliori energie della cultura locale, riallacciando i legami con le pi\u00f9 quotate istituzioni culturali nazionali e internazionali, elaborando progetti che traggano ispirazione e linfa dalla straordinaria ricchezza della storia artistica e culturale di Mantova, sottoponendo ai privati progetti rigorosi sotto il profilo scientifico e convincenti sotto il profilo turistico, favorendo l&#8217;intesa e la cooperazione tra pubbliche amministrazioni e forze economiche.<br \/>\n<strong>Gianluigi Arcari<\/strong>, editore,\u00a0<strong>Mario Artioli, Nicoletta Azzi, Giancorrado Barozzi, Carlo Marco Belfanti, Maurizio Bertolotti<\/strong>, pres. istituto di storia contemporanea,<strong>\u00a0Renato Berzaghi<\/strong>,<strong>Molly Bourne<\/strong>,\u00a0<strong>Eugenio Alberto Cattini<\/strong>, critico cinematografico,\u00a0<strong>Sergio Cordibella,<\/strong>\u00a0presidente del Conservatorio e fondatore del Centro Te,\u00a0<strong>Gianfranco Ferlisi, Daniela Ferrari,<\/strong>\u00a0direttrice Archivio di Stato,<strong>\u00a0Edgarda Ferri<\/strong>, scrittrice,\u00a0<strong>Gaspare Gasparini, Maria Vittoria Grassi, Egidio Lucchini, Luca Nicolini,<\/strong>Festivaletteratura,<strong>\u00a0Maria Rosa Palvarini, Roberto Pedrazzoli,<\/strong>\u00a0pittore, ex assessore cultura Provincia,\u00a0<strong>Carla Pezzali Zuccoli<\/strong>,<strong>\u00a0Carlo Prandi, Paolo Ricci, Giovanni Rodella, Marzio Achille Romani,<\/strong>\u00a0docente alla Bocconi,<strong>Vanna Rubini, Noris Zuccoli<\/strong><\/p>\n<\/blockquote>\n<p align=\"JUSTIFY\">P.S. Sempre dall&#8217;archivio fotografico di Dagospia la foto del comunicatore VIP David Rossi insieme a Rosanna Lambertucci (Pi\u00f9 sani pi\u00f9 belli).<\/p>\n","protected":false},"excerpt":{"rendered":"<p>Ecco il testo integrale degli intellettuali di Mantova: Abbiamo letto nei giorni scorsi della decisione di Alain Elkann di lasciare l&#8217;incarico di presidente del Comitato scientifico del Centro Internazionale d&#8217;Arte e Cultura di Palazzo Te. Elkann lamenta che il Consiglio d&#8217;amministrazione del Centro, e in particolare il suo presidente, non abbiano tenuto in alcun conto [&hellip;]<\/p>\n","protected":false},"author":2063,"featured_media":0,"comment_status":"open","ping_status":"open","sticky":false,"template":"","format":"standard","meta":{"footnotes":""},"categories":[1],"tags":[],"class_list":["post-4717","post","type-post","status-publish","format-standard","hentry","category-general"],"_links":{"self":[{"href":"https:\/\/shamael.noblogs.org\/index.php?rest_route=\/wp\/v2\/posts\/4717","targetHints":{"allow":["GET"]}}],"collection":[{"href":"https:\/\/shamael.noblogs.org\/index.php?rest_route=\/wp\/v2\/posts"}],"about":[{"href":"https:\/\/shamael.noblogs.org\/index.php?rest_route=\/wp\/v2\/types\/post"}],"author":[{"embeddable":true,"href":"https:\/\/shamael.noblogs.org\/index.php?rest_route=\/wp\/v2\/users\/2063"}],"replies":[{"embeddable":true,"href":"https:\/\/shamael.noblogs.org\/index.php?rest_route=%2Fwp%2Fv2%2Fcomments&post=4717"}],"version-history":[{"count":2,"href":"https:\/\/shamael.noblogs.org\/index.php?rest_route=\/wp\/v2\/posts\/4717\/revisions"}],"predecessor-version":[{"id":4720,"href":"https:\/\/shamael.noblogs.org\/index.php?rest_route=\/wp\/v2\/posts\/4717\/revisions\/4720"}],"wp:attachment":[{"href":"https:\/\/shamael.noblogs.org\/index.php?rest_route=%2Fwp%2Fv2%2Fmedia&parent=4717"}],"wp:term":[{"taxonomy":"category","embeddable":true,"href":"https:\/\/shamael.noblogs.org\/index.php?rest_route=%2Fwp%2Fv2%2Fcategories&post=4717"},{"taxonomy":"post_tag","embeddable":true,"href":"https:\/\/shamael.noblogs.org\/index.php?rest_route=%2Fwp%2Fv2%2Ftags&post=4717"}],"curies":[{"name":"wp","href":"https:\/\/api.w.org\/{rel}","templated":true}]}}