{"id":4703,"date":"2012-04-16T19:07:51","date_gmt":"2012-04-16T17:07:51","guid":{"rendered":"http:\/\/shamael.noblogs.org\/?p=4703"},"modified":"2012-04-16T19:07:51","modified_gmt":"2012-04-16T17:07:51","slug":"clamoroso-mancini-rinfresca-la-memoria-al-ceccuzzi","status":"publish","type":"post","link":"https:\/\/shamael.noblogs.org\/?p=4703","title":{"rendered":"Clamoroso!! Mancini rinfresca la memoria al Ceccuzzi"},"content":{"rendered":"<p align=\"justify\">La situazione \u00e8 fuori controllo e il sindaco Ceccuzzi farebbe bene a cambiare i comunicatori. Ieri il sindaco aveva urlato chiedendo alla fondazione i soldi per i BOC. Oggi Mancini diffonde una nota che rinfresca la memoria al Ceccuzzi su quelle che sono le condizioni della Fondazione e le scadenze formali e legali. Non sar\u00e0 mica che il sindaco a forza di discontinuarsi si discontinua anche dalla memoria.<\/p>\n<p align=\"justify\">Ecco l\u2019intervento del Mancini.<\/p>\n<blockquote>\n<p align=\"justify\">Il Sindaco di Siena \u201cbatte cassa\u201d e sollecita\u00a0la Fondazione Mps\u00a0a prendere rapide decisioni in merito ad alcune richieste di finanziamento del Comune stesso e addossa alle decisioni della Fondazione la responsabilit\u00e0 di tagli a servizi essenziali, di aumento delle imposte e persino della stabilit\u00e0 della massima istituzione cittadina.<br \/>\nMessa cos\u00ec la cosa potrebbe sembrare addirittura un ricatto e quindi inaccettabile, ma essendo ottimista e corretto, non lo voglio pensare e quindi posso assicurare che esamineremo serenamente l\u2019invito fatto alla Fondazione che, come sempre, non verr\u00e0 meno al suo compito fondamentale di \u201cpromuovere lo sviluppo del territorio\u201d e di sostenere le varie realt\u00e0 locali.<br \/>\nNon \u00e8 per\u00f2 accettabile, neanche sotto forma di dubbio, che passi l\u2019idea che\u00a0la Fondazione\u00a0abbia perso tempo per prendere una decisione, perch\u00e9 questo non \u00e8 vero.\u00a0La Fondazione\u00a0infatti dopo aver attuato significative dismissioni di vari asset per ridurre il debito assunto per fare fronte all\u2019aumento di capitale di Banca Mps come richiesto anche dagli stessi Enti Nominanti, sta trattando con le banche creditrici per una migliore rimodulazione del debito residuo. Il termine per chiudere, come a tutti noto, \u00e8 il 30 aprile prossimo e tra le clausole in corso di negoziazione ci sono forti vincoli per l\u2019attivit\u00e0 della Fondazione, relativi sia all\u2019assunzione di impegni di spesa per nuove erogazioni, sia al pagamento di erogazioni gi\u00e0 deliberate negli anni scorsi.<br \/>\nLa conseguenza \u00e8 molto semplice: l\u2019impossibilit\u00e0 di assumere nuovi impegni prima del 30 aprile, prima cio\u00e8 di conoscere la quantit\u00e0 massima di risorse spendibili.<br \/>\nTutto questo \u00e8 stato illustrato tempestivamente a tutte le istituzioni e associazioni e cos\u00ec ci siamo comportati, con due sole eccezioni: per il Comune e\u00a0la Provincia\u00a0di Siena, cui sono state assegnate le quote annue relative ai progetti pluriennali con la riserva per\u00f2 di possibile revoca, parziale o totale, in base alla conclusione delle trattative con gli enti creditori (Deputazione amministratrice del 28 marzo scorso). Ci\u00f2 \u00e8 stato concordato da tempo fra Comune, Provincia e Fondazione.<br \/>\nLo scorso venerd\u00ec 13 aprile \u00e8 giunta la richiesta del Comune di Siena di una erogazione di cassa dei pluriennali scaduti e rendicontati.<br \/>\nLa Fondazione\u00a0si \u00e8 subito attivata per verificarne la fattibilit\u00e0 stante i vincoli sopra ricordati: la nostra struttura e il consulente legale stanno approfondendo la questione.<br \/>\nPosso quindi assicurare il Sindaco di Siena che se l\u2019operazione sar\u00e0 fattibile non esiteremo a farla, ma devo essere chiaro evidenziando che le risorse residue, gi\u00e0 limitatissime, diminuiranno, quando &#8211; terminata la negoziazione del debito \u2013 saranno effettuate le assegnazioni definitive che dovranno tener conto delle necessit\u00e0 di tutti, compresi i progetti propri della Fondazione (fra cui Siena Biotech e Tls, gi\u00e0 in serie difficolt\u00e0).<br \/>\nL\u2019avrei fatto presente personalmente al Sindaco, ma visto che ha optato per un \u201cappello al popolo\u201d sono costretto ad usare lo stesso mezzo, venendo meno al mio abituale riserbo.<br \/>\nInoltre \u00e8 mio dovere ricordare che il Documento Programmatico 2012 della Fondazione fissa come\u00a0<strong>priorit\u00e0 assoluta la \u201csolidit\u00e0 patrimoniale e l\u2019equilibrio finanziario della Fondazione\u201d<\/strong>\u00a0cercando di ridurre al minimo i rischi. Tutto questo comporta scelte coerenti e conseguenti, con forti riduzioni nelle spese e nell\u2019attivit\u00e0 istituzionale (come richiesto anche nell\u2019ultimo documento del Consiglio Comunale di Siena).<br \/>\nConcordo infine con quanti hanno ribadito la necessit\u00e0 della massima coesione e unit\u00e0 di intenti specie in questo difficile momento, come opportunamente fatto da tempo.\u00a0La Fondazione\u00a0non \u00e8 mai venuta meno a tale principio e cos\u00ec intende procedere. Tutto questo, ovviamente, nel rispetto delle varie posizioni, dei diversi ruoli e soprattutto delle autonomie e delle conseguenti responsabilit\u00e0.<\/p>\n<\/blockquote>\n","protected":false},"excerpt":{"rendered":"<p>La situazione \u00e8 fuori controllo e il sindaco Ceccuzzi farebbe bene a cambiare i comunicatori. Ieri il sindaco aveva urlato chiedendo alla fondazione i soldi per i BOC. Oggi Mancini diffonde una nota che rinfresca la memoria al Ceccuzzi su quelle che sono le condizioni della Fondazione e le scadenze formali e legali. Non sar\u00e0 [&hellip;]<\/p>\n","protected":false},"author":2063,"featured_media":0,"comment_status":"open","ping_status":"open","sticky":false,"template":"","format":"standard","meta":{"footnotes":""},"categories":[1],"tags":[],"class_list":["post-4703","post","type-post","status-publish","format-standard","hentry","category-general"],"_links":{"self":[{"href":"https:\/\/shamael.noblogs.org\/index.php?rest_route=\/wp\/v2\/posts\/4703","targetHints":{"allow":["GET"]}}],"collection":[{"href":"https:\/\/shamael.noblogs.org\/index.php?rest_route=\/wp\/v2\/posts"}],"about":[{"href":"https:\/\/shamael.noblogs.org\/index.php?rest_route=\/wp\/v2\/types\/post"}],"author":[{"embeddable":true,"href":"https:\/\/shamael.noblogs.org\/index.php?rest_route=\/wp\/v2\/users\/2063"}],"replies":[{"embeddable":true,"href":"https:\/\/shamael.noblogs.org\/index.php?rest_route=%2Fwp%2Fv2%2Fcomments&post=4703"}],"version-history":[{"count":1,"href":"https:\/\/shamael.noblogs.org\/index.php?rest_route=\/wp\/v2\/posts\/4703\/revisions"}],"predecessor-version":[{"id":4704,"href":"https:\/\/shamael.noblogs.org\/index.php?rest_route=\/wp\/v2\/posts\/4703\/revisions\/4704"}],"wp:attachment":[{"href":"https:\/\/shamael.noblogs.org\/index.php?rest_route=%2Fwp%2Fv2%2Fmedia&parent=4703"}],"wp:term":[{"taxonomy":"category","embeddable":true,"href":"https:\/\/shamael.noblogs.org\/index.php?rest_route=%2Fwp%2Fv2%2Fcategories&post=4703"},{"taxonomy":"post_tag","embeddable":true,"href":"https:\/\/shamael.noblogs.org\/index.php?rest_route=%2Fwp%2Fv2%2Ftags&post=4703"}],"curies":[{"name":"wp","href":"https:\/\/api.w.org\/{rel}","templated":true}]}}