{"id":4692,"date":"2012-04-15T17:18:01","date_gmt":"2012-04-15T15:18:01","guid":{"rendered":"http:\/\/shamael.noblogs.org\/?p=4692"},"modified":"2012-04-15T17:18:01","modified_gmt":"2012-04-15T15:18:01","slug":"tommaso-occami-il-default-del-ceccuzzi","status":"publish","type":"post","link":"https:\/\/shamael.noblogs.org\/?p=4692","title":{"rendered":"Tommaso Occami. Il default del Ceccuzzi"},"content":{"rendered":"<p align=\"JUSTIFY\"><a href=\"https:\/\/shamael.noblogs.org\/files\/2012\/02\/occam.jpg\"><img loading=\"lazy\" decoding=\"async\" class=\"alignleft  wp-image-4137\" src=\"https:\/\/shamael.noblogs.org\/files\/2012\/02\/occam.jpg\" alt=\"\" width=\"435\" height=\"350\" srcset=\"https:\/\/shamael.noblogs.org\/files\/2012\/02\/occam.jpg 420w, https:\/\/shamael.noblogs.org\/files\/2012\/02\/occam-300x241.jpg 300w\" sizes=\"auto, (max-width: 435px) 100vw, 435px\" \/><\/a>C&#8217;\u00e8 un rapporto fra l&#8217;uscita dell&#8217;associazione Per Siena e quella del Ceccuzzi sul bilancio. L&#8217;impossibilit\u00e0 di intervenire a sostegno del grido disperato del sindaco sulla situazione economica \u00e8 scritta nelle righe di appoggio che la birreria fa a Franchino. Non possiamo aderire e il comunicato del De Gortes ce lo ricorda. Se il sindaco di Siena fosse stata un&#8217;altra persona che avesse avuto il coraggio di denunciare il passato e non ne fosse di fatto colluso, allora s\u00ec, probabilmente, saremmo corsi al capezzale di Siena per dare una mano, ma a Ceccuzzi no! E le motivazioni ce le ricordano Daniele Tacconi e Mauro Rosati, quelli che hanno fatto la campagna elettorale per l&#8217;attuale sindaco e ai quali il primo cittadino ha riconosciuto degli incarichi per compensarli dell&#8217;aiuto. Il sindaco di Siena sembra il protagonista del Don Giovanni, quello che viene tirato nell&#8217;abisso dal commendatore, come nell&#8217;opera di Mozart, tanto citata da Gramsci. L&#8217;incapacit\u00e0 di rappresentare il nuovo che avanza che porter\u00e0 alla rivoluzione francese perch\u00e9 il libertino rappresenta l&#8217;ancien regime ormai alla fine. La zavorra che lega Ceccuzzi al passato \u00e8 rappresentata da Giuseppe Mussari, Gabriello Mancini e dal rapporto con i Monaci che lui stesso ha portato in auge e ha condizionato agli Alessandro Piazzi, ai Maurizio Cenni, ai Fabio Borghi, ai Giulio Carli, ai Simone Bezzini, agli Angelo Riccaboni e fermiamoci qui per carit\u00e0 di patria.<\/p>\n<p align=\"JUSTIFY\">Parliamo del bilancio comunale: siamo arrivati dove tutti sapevamo che saremmo arrivati! Probabilmente il primo cittadino drammatizza per cercare di convincere la Margherita a dare una mano vista la situazione nella quale il PD ha portato la citt\u00e0. Devo dire che la drammatizzazione non \u00e8 particolare difficile perch\u00e9 la situazione del bilancio del Comune di Siena \u00e8 ancora pi\u00f9 grave di quella che lo stesso chianino rappresenta nelle sue esternazioni. Per averne conferma il Ceccuzzi si rivolga al suo vicesindaco o all&#8217;ex assessore al bilancio tale Massimo Bianchi. Capace, questo ultimo, di farsi grande con il rating che le banche di affari davano alla Fondazione e dalla quale il Comune dipende. La dipendenza \u00e8 sotto gli occhi di tutti. Il comune di Siena cos\u00ec come gli altri comuni della provincia si sono fatti grandi, hanno chiesto voti ai cittadini, utilizzando le risorse che non erano proprie adoperandole anche per le spese correnti. La festa \u00e8 finita e le soluzioni non ci sono. Tutti sapevamo che saremmo arrivati a questo punto, ma si \u00e8 voluto negare l&#8217;evidenza, quella che le forze di opposizione hanno denunciato in campagna elettorale quando hanno sostenuto che un secondo aumento di capitale, sarebbe stato catastrofico per la Fondazione e per la citt\u00e0. Quel secondo aumento di capitale che viene disconosciuto dal sindaco, ma da lui tanto sbandierato prima delle elezioni amministrative. Che faceva gridare al Ceccuzzi che la difesa dell&#8217;autonomia della banca cos\u00ec come la capacit\u00e0 di conservare il controllo della Fondazione sul Monte passava da quella ipotesi. Speriamo che in consiglio comunale, quando si discuter\u00e0 del Bilancio, le forze di opposizione siano presenti e non si dimentichino di quello che hanno evidenziato ai cittadini non pi\u00f9 tardi di qualche mese fa. Il Ceccuzzi vuole i soldi dalla Fondazione per mandare avanti il Comune. Con questa richiesta non fa che anticipare la fine della stessa istituzione presieduta da Gabriello Mancini. Cio\u00e8 trasforma patrimonio in spesa corrente e decreta la fine dell&#8217;ultima possibilit\u00e0 di ripresa della Fondazione bruciando le risorse per il suo mandato amministrativo senza pensare al futuro di una collettivit\u00e0 che non finisce con l&#8217;era ceccuzziana. Il sindaco dovrebbe sapere, se ha parlato con Viola, che l&#8217;aumento di capitale per la banca \u00e8 dietro l&#8217;angolo con le relative conseguenze per la Fondazione. C&#8217;\u00e8 un&#8217;unica possibilit\u00e0! L&#8217;azzeramento della situazione, il cambiamento dei vertici a partire da quelli comunali. Persone nuove, non colluse con il passato, che non facciano del trasformismo, che siano delle vere novit\u00e0! Solo a queste condizioni la citt\u00e0 sapr\u00e0 stringersi intorno alle istituzioni e farsi carico dei sacrifici che si renderanno necessari. Bisogna girare pagina!<\/p>\n<p align=\"JUSTIFY\"><strong>Tommaso Occami<\/strong><\/p>\n","protected":false},"excerpt":{"rendered":"<p>C&#8217;\u00e8 un rapporto fra l&#8217;uscita dell&#8217;associazione Per Siena e quella del Ceccuzzi sul bilancio. L&#8217;impossibilit\u00e0 di intervenire a sostegno del grido disperato del sindaco sulla situazione economica \u00e8 scritta nelle righe di appoggio che la birreria fa a Franchino. Non possiamo aderire e il comunicato del De Gortes ce lo ricorda. Se il sindaco di [&hellip;]<\/p>\n","protected":false},"author":2063,"featured_media":0,"comment_status":"open","ping_status":"open","sticky":false,"template":"","format":"standard","meta":{"footnotes":""},"categories":[1],"tags":[],"class_list":["post-4692","post","type-post","status-publish","format-standard","hentry","category-general"],"_links":{"self":[{"href":"https:\/\/shamael.noblogs.org\/index.php?rest_route=\/wp\/v2\/posts\/4692","targetHints":{"allow":["GET"]}}],"collection":[{"href":"https:\/\/shamael.noblogs.org\/index.php?rest_route=\/wp\/v2\/posts"}],"about":[{"href":"https:\/\/shamael.noblogs.org\/index.php?rest_route=\/wp\/v2\/types\/post"}],"author":[{"embeddable":true,"href":"https:\/\/shamael.noblogs.org\/index.php?rest_route=\/wp\/v2\/users\/2063"}],"replies":[{"embeddable":true,"href":"https:\/\/shamael.noblogs.org\/index.php?rest_route=%2Fwp%2Fv2%2Fcomments&post=4692"}],"version-history":[{"count":3,"href":"https:\/\/shamael.noblogs.org\/index.php?rest_route=\/wp\/v2\/posts\/4692\/revisions"}],"predecessor-version":[{"id":4695,"href":"https:\/\/shamael.noblogs.org\/index.php?rest_route=\/wp\/v2\/posts\/4692\/revisions\/4695"}],"wp:attachment":[{"href":"https:\/\/shamael.noblogs.org\/index.php?rest_route=%2Fwp%2Fv2%2Fmedia&parent=4692"}],"wp:term":[{"taxonomy":"category","embeddable":true,"href":"https:\/\/shamael.noblogs.org\/index.php?rest_route=%2Fwp%2Fv2%2Fcategories&post=4692"},{"taxonomy":"post_tag","embeddable":true,"href":"https:\/\/shamael.noblogs.org\/index.php?rest_route=%2Fwp%2Fv2%2Ftags&post=4692"}],"curies":[{"name":"wp","href":"https:\/\/api.w.org\/{rel}","templated":true}]}}