{"id":4675,"date":"2012-04-13T19:26:08","date_gmt":"2012-04-13T17:26:08","guid":{"rendered":"http:\/\/shamael.noblogs.org\/?p=4675"},"modified":"2012-04-13T19:26:08","modified_gmt":"2012-04-13T17:26:08","slug":"la-posizione-del-segretario-del-pd-di-mantova-sulla-questione-del-centro-di-palazzo-te","status":"publish","type":"post","link":"https:\/\/shamael.noblogs.org\/?p=4675","title":{"rendered":"La posizione del segretario del PD di Mantova sulla questione del Centro di Palazzo T\u00e8"},"content":{"rendered":"<p align=\"JUSTIFY\"><span style=\"font-size: small\"><a href=\"https:\/\/shamael.noblogs.org\/files\/2012\/04\/MPS_Antonveneta___David_Rossi_11.jpg\"><img loading=\"lazy\" decoding=\"async\" class=\"alignleft  wp-image-4661\" src=\"https:\/\/shamael.noblogs.org\/files\/2012\/04\/MPS_Antonveneta___David_Rossi_11.jpg\" alt=\"\" width=\"432\" height=\"567\" srcset=\"https:\/\/shamael.noblogs.org\/files\/2012\/04\/MPS_Antonveneta___David_Rossi_11.jpg 400w, https:\/\/shamael.noblogs.org\/files\/2012\/04\/MPS_Antonveneta___David_Rossi_11-228x300.jpg 228w\" sizes=\"auto, (max-width: 432px) 100vw, 432px\" \/><\/a>Ieri abbiamo messo in evidenza il ruolo di vicepresidente del Centro di Palazzo T\u00e8 di Mantova, il comunicatore per tutte le stagioni David Rossi e delle polemiche in corso nei confronti della gestione del Centro (<a href=\"https:\/\/shamael.noblogs.org\/?p=4664\" target=\"_blank\">http:\/\/shamael.noblogs.org\/?p=4664)<\/a><\/span><\/p>\n<p align=\"JUSTIFY\">\u00a0<span style=\"font-size: small\">Ecco il testo dell&#8217;intervento del segretario del PD di Mantova in merito alle vicende di Palazzo T\u00e8:<\/span><\/p>\n<blockquote>\n<p align=\"JUSTIFY\">\u00a0<span style=\"font-size: small\"><span style=\"font-family: Verdana,sans-serif\">Poche settimane fa ebbi modo di intervenire sul alcuni punti delicati della politica culturale mantovana, con particolare riferimento a centri nevralgici sia sul piano della tradizione che della prospettiva. Tutti con il cuore pulsante nel Comune capoluogo. Tra questi citavo Palazzo Te, la cui crisi ha innescato un giusto dibattito pubblico. Ritrovando nella lettera degli intellettuali mantovani pubblicata dalla Gazzetta di Mantova relativa alla vicenda del Centro Te alcune di quelle riflessioni, ritengo necessario proseguire un ragionamento e confermare un impegno. Il Centro Te rappresenta la pi\u00f9 significativa espressione della nostra terra <\/span><span style=\"font-family: Verdana,sans-serif\">collocata in relazione con il resto del mondo e la situazione che si sta determinando, con una difficolt\u00e0 progressiva nell\u2019affrontare il deficit e nel programmare gli eventi futuri, \u00e8 strettamente legata alla possibilit\u00e0 di individuare, come avevo gi\u00e0 proposto, soggetti e personalit\u00e0 in grado di svolgere una funzione di rilancio dell\u2019intero centro. \u00c8 questa una questione centrale. Ecco quindi che\u00a0<\/span><span style=\"font-family: Verdana,sans-serif\"><strong>se si guarda al Centro T\u00e9 con lo sguardo giusto, il ragionamento fatto dal presidente Pastacci e dall\u2019assessore Zaltieri sul contributo della Provincia \u00e8 tutt\u2019altro che infondato.<\/strong><\/span><span style=\"font-family: Verdana,sans-serif\">\u00a0<\/span><span style=\"font-family: Verdana,sans-serif\"><strong>Ragionamento che si interseca con le richieste di chiarimento sul futuro formulate dal capogruppo Pd in consiglio comunale Giovanni Buvoli.<\/strong><\/span><span style=\"font-family: Verdana,sans-serif\">\u00a0Palazzo Te \u00e8 un centro internazionale ed \u00e8 da questo assunto che dovrebbe partire un piano di rilancio che varchi il perimetro del comune capoluogo.\u00a0<\/span><span style=\"font-family: Verdana,sans-serif\"><strong>Il Centro internazionale dovrebbe fare leva su questa vocazione naturale a parlare con il mondo;<\/strong><\/span><span style=\"font-family: Verdana,sans-serif\">\u00a0lo potr\u00e0 fare se sar\u00e0 in grado di ritrovare lo spirito dei fondatori, di quelle intelligenze che diedero vita a questa istituzione oggi piegata da una crisi particolarmente difficile. Insisto nel dire che il rischio \u00e8 quello di un impoverimento del sapere e di un abbandono dei centri della ricerca e della conoscenza.\u00a0<\/span><span style=\"font-family: Verdana,sans-serif\"><strong>Sono temi che vanno affrontati con una forte capacit\u00e0 di innovazione, con passione e con un infinito sforzo per ridare prospettiva a tante storie, a tante realt\u00e0 e tanti soggetti capaci, che rappresentano un patrimonio di valore incalcolabile per il nostro territorio<\/strong><\/span><span style=\"font-family: Verdana,sans-serif\">. Il nostro impegno andr\u00e0 dunque in questa direzione. Sentiamo come forza politica il bisogno di portare questo confronto ad un livello pi\u00f9 alto, capace cio\u00e8 di interessare il mondo della cultura e dell\u2019impresa nella dimensione e visione descritta in queste settimane dal Sole 24Ore attraverso\u00a0<\/span><span style=\"font-family: Verdana,sans-serif\"><strong>il Manifesto per la costituente della Cultura, caparbiamente promosso per riattivare \u201cil circolo virtuoso tra conoscenza, arte, tutela e occupazione<\/strong><\/span><span style=\"font-family: Verdana,sans-serif\">\u201d. Un Manifesto fondato su cinque punti: 1. Una costituente per la Cultura. Sulla base della \u201csemplice\u201d constatazione che senza cultura non vi \u00e8 sviluppo. E nemmeno progresso, mi vien d\u2019aggiungere. 2. Pensare a un\u2019ottica di medio-lungo periodo, simile alla ricostruzione economica del dopoguerra. 3. Cooperazione tra ministeri. 4. L\u2019arte a scuola e la cultura scientifica. 5. Pubblico-privato, sgravi ed equit\u00e0 fiscale.\u00a0<\/span><span style=\"font-family: Verdana,sans-serif\"><strong>Mi domando se vi \u00e8 volont\u00e0 e spazio per discutere con questa altezza, declinando nella nostra citt\u00e0 quei riferimenti, per dare vita ad una buona pratica per la cultura anche a livello territoriale. Come si vede, nessuna invenzione ma un robusto e chiaro riferimento operativo.<\/strong><\/span><span style=\"font-family: Verdana,sans-serif\">\u00a0Infine, \u00e8 di questi giorni il richiamo del Presidente della Fondazione Universit\u00e0 di Mantova rispetto all\u2019urgenza dell\u2019impegno dell\u2019Universit\u00e0 di Pavia sul nostro territorio. Ecco, rispetto all\u2019elenco delle criticit\u00e0 che avevo individuato nel mio intervento manca solo il Teatro Sociale.\u00a0<\/span><\/span><\/p>\n<p align=\"JUSTIFY\"><span style=\"font-family: Verdana,sans-serif\"><strong>Massimiliano Fontana\u00a0<\/strong><\/span><\/p>\n<p align=\"JUSTIFY\"><span style=\"font-family: Verdana,sans-serif\"><strong>Segretario Provinciale PD Mantova<\/strong><\/span><\/p>\n<\/blockquote>\n<p align=\"JUSTIFY\">\u00a0<span style=\"font-family: Verdana,sans-serif\">P.S. Ma il cda della banca MPS perch\u00e8 non chiede una relazione del lavoro svolto e della situazione di Palazzo T\u00e8 al proprio rappresentante in qualit\u00e0 di vicepresidente David Rossi?<\/span><\/p>\n","protected":false},"excerpt":{"rendered":"<p>Ieri abbiamo messo in evidenza il ruolo di vicepresidente del Centro di Palazzo T\u00e8 di Mantova, il comunicatore per tutte le stagioni David Rossi e delle polemiche in corso nei confronti della gestione del Centro (http:\/\/shamael.noblogs.org\/?p=4664) \u00a0Ecco il testo dell&#8217;intervento del segretario del PD di Mantova in merito alle vicende di Palazzo T\u00e8: \u00a0Poche settimane [&hellip;]<\/p>\n","protected":false},"author":2063,"featured_media":0,"comment_status":"open","ping_status":"open","sticky":false,"template":"","format":"standard","meta":{"footnotes":""},"categories":[1],"tags":[],"class_list":["post-4675","post","type-post","status-publish","format-standard","hentry","category-general"],"_links":{"self":[{"href":"https:\/\/shamael.noblogs.org\/index.php?rest_route=\/wp\/v2\/posts\/4675","targetHints":{"allow":["GET"]}}],"collection":[{"href":"https:\/\/shamael.noblogs.org\/index.php?rest_route=\/wp\/v2\/posts"}],"about":[{"href":"https:\/\/shamael.noblogs.org\/index.php?rest_route=\/wp\/v2\/types\/post"}],"author":[{"embeddable":true,"href":"https:\/\/shamael.noblogs.org\/index.php?rest_route=\/wp\/v2\/users\/2063"}],"replies":[{"embeddable":true,"href":"https:\/\/shamael.noblogs.org\/index.php?rest_route=%2Fwp%2Fv2%2Fcomments&post=4675"}],"version-history":[{"count":2,"href":"https:\/\/shamael.noblogs.org\/index.php?rest_route=\/wp\/v2\/posts\/4675\/revisions"}],"predecessor-version":[{"id":4677,"href":"https:\/\/shamael.noblogs.org\/index.php?rest_route=\/wp\/v2\/posts\/4675\/revisions\/4677"}],"wp:attachment":[{"href":"https:\/\/shamael.noblogs.org\/index.php?rest_route=%2Fwp%2Fv2%2Fmedia&parent=4675"}],"wp:term":[{"taxonomy":"category","embeddable":true,"href":"https:\/\/shamael.noblogs.org\/index.php?rest_route=%2Fwp%2Fv2%2Fcategories&post=4675"},{"taxonomy":"post_tag","embeddable":true,"href":"https:\/\/shamael.noblogs.org\/index.php?rest_route=%2Fwp%2Fv2%2Ftags&post=4675"}],"curies":[{"name":"wp","href":"https:\/\/api.w.org\/{rel}","templated":true}]}}