{"id":4664,"date":"2012-04-12T14:34:16","date_gmt":"2012-04-12T12:34:16","guid":{"rendered":"http:\/\/shamael.noblogs.org\/?p=4664"},"modified":"2012-04-12T14:34:16","modified_gmt":"2012-04-12T12:34:16","slug":"andiamo-a-prendere-un-te-a-mantova","status":"publish","type":"post","link":"https:\/\/shamael.noblogs.org\/?p=4664","title":{"rendered":"Andiamo a prendere un T\u00e8 a Mantova"},"content":{"rendered":"<p align=\"JUSTIFY\"><a href=\"https:\/\/shamael.noblogs.org\/files\/2012\/04\/MPS_Antonveneta___David_Rossi_11.jpg\"><img loading=\"lazy\" decoding=\"async\" class=\"alignleft  wp-image-4661\" src=\"https:\/\/shamael.noblogs.org\/files\/2012\/04\/MPS_Antonveneta___David_Rossi_11.jpg\" alt=\"\" width=\"432\" height=\"568\" srcset=\"https:\/\/shamael.noblogs.org\/files\/2012\/04\/MPS_Antonveneta___David_Rossi_11.jpg 400w, https:\/\/shamael.noblogs.org\/files\/2012\/04\/MPS_Antonveneta___David_Rossi_11-228x300.jpg 228w\" sizes=\"auto, (max-width: 432px) 100vw, 432px\" \/><\/a>Quei pochi che hanno letto il corriere di Siena di oggi avranno notato il repentino cambio di linea del Bisi che fino a ieri era tutto critico, e anche di pi\u00f9, nei confronti del Ceccuzzi e oggi ritorna sulla vecchia linea editoriale del tutti allineati con il sistema. Probabilmente un suggerimento per il cambio repentino di linea gli sar\u00e0 arrivato anche dal comunicatore discontinuista David Rossi, questo ultimo folgorato sulla via del Ceccuzzi. E probabilmente i suggerimenti non mancheranno nemmeno per i prossimi giorni. E tal proposito, nei prossimi giorni, pubblicheremo i dati delle vendite dei quotidiani in provincia di Siena. Ma ora non perdiamo di vista la via della comunicazione Siena-Mantova. Anzi, facciamo una cosa carina e andiamo a prendere un T\u00e8 proprio a Mantova. Un tempo Mantova era la citt\u00e0 rossa della Lombardia perch\u00e8 guidata dalla sinistra; nel 2010 per\u00f2 dopo un faticoso ballottaggio la citt\u00e0 \u00e8 passata sotto il governo del centrodestra. Oggi a Siena governa il centrosinistra e a Mantova il centrodestra ma per i comunicatori geniali la differenza non esiste. A Mantova hanno costituito un Centro Internazionale d&#8217;Arte e di Cultura di Palazzo T\u00e8 e tra i soci ,insieme al Comune di Mantova,figura anche la banca Monte dei Paschi. Alla presidenza del Centro ci troviamo Angelo Crespi un uomo legato a Marcello Dell&#8217;Utri anche se Vittorio Sgarbi dice che \u00e8 una \u201csua creatura\u201d. S\u00ec perch\u00e8 c&#8217;\u00e8 anche Sgarbi che orbita a Palazzo T\u00e8. Alla vicepresidenza del Centro in rappresentanza della banca MPS ci troviamo il comunicatore David Rossi. Girellando e conversando con amici di Mantova abbiamo scoperto che sul Centro di Palazzo T\u00e8 \u00e8 scoppiato un putiferio politico: l&#8217;amministrazione provinciale di Mantova (governata dal centrosinistra) e l&#8217;amministrazione comunale di Mantova (governata dal centrodestra). I vertici del Centro di Palazzo T\u00e8 sono in prevalenza di area centrodestra e anche il comunicatore David Rossi pur nominato dalla banca con i vertici in prevalenza di centrosinistra, \u00e8 schierattissimo al fianco del presidente Angelo Crespi. Ma lo scontro dentro e fuori Palazzo T\u00e8 non \u00e8 solo di natura politica; lo scontro verte anche sulla gestione del Centro stesso anche dal punto di vista economico. Ci sono state anche delle dimissioni dal comitato scientifico del Centro in aperta polemica con Angelo Crespi e addirittura Alain Elkan sbattendo la porta ha rilasciato queste dichiarazioni:\u00a0\u00abNon sono disposto a subire imposizioni e non accetto che il comitato venga costantemente umiliato\u00bb. Un altro membro dimissionario Giuli Agosti ha rincarato la dose: \u00abNon si \u00e8 nemmeno proceduto a un accantonamento di fondi per dare inizio effettivamente ai complessi lavori per una mostra che non si voleva inferiore a quella del 1989. Cos\u00ec come non si \u00e8 fatta nemmeno una stima effettiva dei costi, anche per ridimensionarli\u00bb. Insomma una polemica rovente e uno scontro pesante. Naturalmente il comunicatore che si divide tra Siena e Mantova \u00e8 sempre vicepresidente. A proposito, ma il cda della banca ha verificato la gestione del Centro T\u00e8 e i bilanci dello stesso Centro, considerato che la stessa banca MPS \u00e8 tra i soci? Una verifica non ci starebbe male: di solito che investe risorse economiche in una societ\u00e0 o in un ente dovrebbe controllare la gestione fino in fondo. A Siena con il centrosinistra, a Mantova con il centrodestra. Pari opportunit\u00e0 comunicative. Nel frattempo dal PD mantovano aumentano le critiche politiche nei confronti della gestione di Palazzo T\u00e8 e l&#8217;amministrazione provinciale sta valutando di riconsiderare l&#8217;investimento nel Centro.<\/p>\n<p align=\"JUSTIFY\">In attesa di leggere i prossimi suggerimenti del comunicatore sul solito giornale noi ci prendiamo un caff\u00e8; il t\u00e8 la prossima volta.<\/p>\n","protected":false},"excerpt":{"rendered":"<p>Quei pochi che hanno letto il corriere di Siena di oggi avranno notato il repentino cambio di linea del Bisi che fino a ieri era tutto critico, e anche di pi\u00f9, nei confronti del Ceccuzzi e oggi ritorna sulla vecchia linea editoriale del tutti allineati con il sistema. Probabilmente un suggerimento per il cambio repentino [&hellip;]<\/p>\n","protected":false},"author":2063,"featured_media":0,"comment_status":"open","ping_status":"open","sticky":false,"template":"","format":"standard","meta":{"footnotes":""},"categories":[1],"tags":[],"class_list":["post-4664","post","type-post","status-publish","format-standard","hentry","category-general"],"_links":{"self":[{"href":"https:\/\/shamael.noblogs.org\/index.php?rest_route=\/wp\/v2\/posts\/4664","targetHints":{"allow":["GET"]}}],"collection":[{"href":"https:\/\/shamael.noblogs.org\/index.php?rest_route=\/wp\/v2\/posts"}],"about":[{"href":"https:\/\/shamael.noblogs.org\/index.php?rest_route=\/wp\/v2\/types\/post"}],"author":[{"embeddable":true,"href":"https:\/\/shamael.noblogs.org\/index.php?rest_route=\/wp\/v2\/users\/2063"}],"replies":[{"embeddable":true,"href":"https:\/\/shamael.noblogs.org\/index.php?rest_route=%2Fwp%2Fv2%2Fcomments&post=4664"}],"version-history":[{"count":1,"href":"https:\/\/shamael.noblogs.org\/index.php?rest_route=\/wp\/v2\/posts\/4664\/revisions"}],"predecessor-version":[{"id":4665,"href":"https:\/\/shamael.noblogs.org\/index.php?rest_route=\/wp\/v2\/posts\/4664\/revisions\/4665"}],"wp:attachment":[{"href":"https:\/\/shamael.noblogs.org\/index.php?rest_route=%2Fwp%2Fv2%2Fmedia&parent=4664"}],"wp:term":[{"taxonomy":"category","embeddable":true,"href":"https:\/\/shamael.noblogs.org\/index.php?rest_route=%2Fwp%2Fv2%2Fcategories&post=4664"},{"taxonomy":"post_tag","embeddable":true,"href":"https:\/\/shamael.noblogs.org\/index.php?rest_route=%2Fwp%2Fv2%2Ftags&post=4664"}],"curies":[{"name":"wp","href":"https:\/\/api.w.org\/{rel}","templated":true}]}}