{"id":4586,"date":"2012-04-02T19:34:24","date_gmt":"2012-04-02T17:34:24","guid":{"rendered":"http:\/\/shamael.noblogs.org\/?p=4586"},"modified":"2012-04-02T19:34:24","modified_gmt":"2012-04-02T17:34:24","slug":"non-sempre-ma-in-questo-caso-siamo-concordi-con-simone-bezzini-pero-ce-un-pero-che-sara-sfuggito-a-bezzini-ma-a-noi-no","status":"publish","type":"post","link":"https:\/\/shamael.noblogs.org\/?p=4586","title":{"rendered":"Non sempre, ma in questo caso siamo concordi con Simone Bezzini. Per\u00f2 &#8230; c&#8217;\u00e8 un per\u00f2 che sar\u00e0 sfuggito a Bezzini, ma a noi no"},"content":{"rendered":"<p><span><a href=\"https:\/\/shamael.noblogs.org\/files\/2011\/09\/431686-bezzini.jpg\"><img loading=\"lazy\" decoding=\"async\" class=\"alignleft size-thumbnail wp-image-3162\" src=\"https:\/\/shamael.noblogs.org\/files\/2011\/09\/431686-bezzini-150x150.jpg\" alt=\"\" width=\"150\" height=\"150\" \/><\/a><a href=\"https:\/\/shamael.noblogs.org\/files\/2012\/04\/2-alessandro-profumo-unicredit1.jpg\"><img loading=\"lazy\" decoding=\"async\" class=\"alignleft size-thumbnail wp-image-4587\" src=\"https:\/\/shamael.noblogs.org\/files\/2012\/04\/2-alessandro-profumo-unicredit1-150x150.jpg\" alt=\"\" width=\"150\" height=\"150\" srcset=\"https:\/\/shamael.noblogs.org\/files\/2012\/04\/2-alessandro-profumo-unicredit1-150x150.jpg 150w, https:\/\/shamael.noblogs.org\/files\/2012\/04\/2-alessandro-profumo-unicredit1.jpg 300w\" sizes=\"auto, (max-width: 150px) 100vw, 150px\" \/><\/a>Domenica 1 aprile (non \u00e8 un pesce) la nostra portavoce Marianne Franceschi (amica su fb di Bezzini) si accorge che il presidente della provincia ha messo un post sulla bacheca che noi condividiamo in pieno. Per\u00f2 &#8230; c&#8217;\u00e8 un per\u00f2 che sar\u00e0 sfuggito a<strong> Bezzini<\/strong>\u00a0figuriamoci ai mega comunicatori mega pagati che ruotano in provincia. Il nostro Bezzini scrive:<\/span><\/p>\n<blockquote>\n<p align=\"JUSTIFY\">\u00a0<span style=\"font-size: small\">Enel e ENI si lamentano perch\u00e9 negli ultimi anni in Italia \u00e8 cresciuta troppo la produzione di energia da fonti rinnovabili penalizzando le centrali alimentate con idrocarburi. Io penso invece che gli incentivi per le rinnovabili siano stati una delle poche cose buone fatte nel nostro paese negli ultimi anni. Da una parte infatti si migliora l&#8217;ambiente e dall&#8217;altra si creano nuove opportunit\u00e0 per le aziende. Mi auguro che il governo non ceda alle pressioni dei due colossi e prosegua con decisione nel sostegno alle energie rinnovabili.<\/span><\/p>\n<\/blockquote>\n<p><span>Anche noi ci auguriamo che il governo non ceda alle pressioni di questi due colossi.<\/span><\/p>\n<p align=\"JUSTIFY\"><span style=\"font-size: small\">Indovinate chi \u00e8 la Responsabile sostenibilit\u00e0 del colosso ENI? Si chiama Sabina Ratti e qui c&#8217;\u00e8 l&#8217;indirizzo di posta elettronica per inviare eventuali mail per manifestare il sostegno alla presa di posizione di Bezzini:\u00a0<a href=\"mailto:ratti_sostenibilita@eni.com\" target=\"_blank\">ratti_sostenibilita@<\/a><\/span><a href=\"mailto:ratti_sostenibilita@eni.com\" target=\"_blank\"><em><span style=\"font-size: small\">eni<\/span><\/em><span style=\"font-size: small\">.com<\/span><\/a><\/p>\n<p align=\"JUSTIFY\"><span style=\"font-size: small\">Chi \u00e8\u00a0<\/span><span style=\"font-size: small\"><strong>Sabina Ratti<\/strong><\/span><span style=\"font-size: small\">? E&#8217; grande amica di Rosy Bindi, ma soprattutto \u00e8 la moglie del futuro (salvo sorprese) presidente del Monte dei Paschi\u00a0<\/span><span style=\"font-size: small\"><strong>Alessandro Profumo<\/strong><\/span><span style=\"font-size: small\">, ovvero il presidente voluto da Bezzini e Ceccuzzi.<\/span><\/p>\n<p align=\"JUSTIFY\"><span style=\"font-size: small\">Cosi per ricordare a tutti con chi sono schierati i dirigenti del PD.<\/span><\/p>\n","protected":false},"excerpt":{"rendered":"<p>Domenica 1 aprile (non \u00e8 un pesce) la nostra portavoce Marianne Franceschi (amica su fb di Bezzini) si accorge che il presidente della provincia ha messo un post sulla bacheca che noi condividiamo in pieno. Per\u00f2 &#8230; c&#8217;\u00e8 un per\u00f2 che sar\u00e0 sfuggito a Bezzini\u00a0figuriamoci ai mega comunicatori mega pagati che ruotano in provincia. Il [&hellip;]<\/p>\n","protected":false},"author":2063,"featured_media":0,"comment_status":"open","ping_status":"open","sticky":false,"template":"","format":"standard","meta":{"footnotes":""},"categories":[1],"tags":[],"class_list":["post-4586","post","type-post","status-publish","format-standard","hentry","category-general"],"_links":{"self":[{"href":"https:\/\/shamael.noblogs.org\/index.php?rest_route=\/wp\/v2\/posts\/4586","targetHints":{"allow":["GET"]}}],"collection":[{"href":"https:\/\/shamael.noblogs.org\/index.php?rest_route=\/wp\/v2\/posts"}],"about":[{"href":"https:\/\/shamael.noblogs.org\/index.php?rest_route=\/wp\/v2\/types\/post"}],"author":[{"embeddable":true,"href":"https:\/\/shamael.noblogs.org\/index.php?rest_route=\/wp\/v2\/users\/2063"}],"replies":[{"embeddable":true,"href":"https:\/\/shamael.noblogs.org\/index.php?rest_route=%2Fwp%2Fv2%2Fcomments&post=4586"}],"version-history":[{"count":2,"href":"https:\/\/shamael.noblogs.org\/index.php?rest_route=\/wp\/v2\/posts\/4586\/revisions"}],"predecessor-version":[{"id":4589,"href":"https:\/\/shamael.noblogs.org\/index.php?rest_route=\/wp\/v2\/posts\/4586\/revisions\/4589"}],"wp:attachment":[{"href":"https:\/\/shamael.noblogs.org\/index.php?rest_route=%2Fwp%2Fv2%2Fmedia&parent=4586"}],"wp:term":[{"taxonomy":"category","embeddable":true,"href":"https:\/\/shamael.noblogs.org\/index.php?rest_route=%2Fwp%2Fv2%2Fcategories&post=4586"},{"taxonomy":"post_tag","embeddable":true,"href":"https:\/\/shamael.noblogs.org\/index.php?rest_route=%2Fwp%2Fv2%2Ftags&post=4586"}],"curies":[{"name":"wp","href":"https:\/\/api.w.org\/{rel}","templated":true}]}}