{"id":4578,"date":"2012-04-01T13:44:38","date_gmt":"2012-04-01T11:44:38","guid":{"rendered":"http:\/\/shamael.noblogs.org\/?p=4578"},"modified":"2012-04-01T13:46:03","modified_gmt":"2012-04-01T11:46:03","slug":"profumo-di-banditi-le-cricche-gelminian-verdiniane-e-i-loro-effetti-disastrosi-sulluniversita-in-generale-e-su-quella-di-siena-in-modo-particolare-lettera-aperta-alle-istituzioni","status":"publish","type":"post","link":"https:\/\/shamael.noblogs.org\/?p=4578","title":{"rendered":"Profumo di banditi? Le cricche gelminian-verdiniane e i loro effetti disastrosi sull&#8217;universit\u00e0 in generale e su quella di Siena in modo particolare. Lettera aperta alle Istituzioni"},"content":{"rendered":"<p><a href=\"https:\/\/shamael.noblogs.org\/files\/2011\/11\/Francesco-Profumo.jpg\"><img loading=\"lazy\" decoding=\"async\" class=\"alignleft  wp-image-3607\" src=\"https:\/\/shamael.noblogs.org\/files\/2011\/11\/Francesco-Profumo-150x150.jpg\" alt=\"\" width=\"90\" height=\"90\" \/><\/a><a href=\"https:\/\/shamael.noblogs.org\/files\/2012\/01\/tomasi.jpg\"><img loading=\"lazy\" decoding=\"async\" class=\"alignleft  wp-image-4008\" src=\"https:\/\/shamael.noblogs.org\/files\/2012\/01\/tomasi-150x150.jpg\" alt=\"\" width=\"90\" height=\"90\" \/><\/a><a href=\"https:\/\/shamael.noblogs.org\/files\/2011\/08\/berlinguer_gelminiR375.jpg\"><img loading=\"lazy\" decoding=\"async\" class=\"alignleft  wp-image-3041\" src=\"https:\/\/shamael.noblogs.org\/files\/2011\/08\/berlinguer_gelminiR375-150x150.jpg\" alt=\"\" width=\"90\" height=\"90\" \/><\/a><a href=\"https:\/\/shamael.noblogs.org\/files\/2011\/12\/criccaboni.jpg\"><img loading=\"lazy\" decoding=\"async\" class=\"alignleft  wp-image-3770\" src=\"https:\/\/shamael.noblogs.org\/files\/2011\/12\/criccaboni-150x150.jpg\" alt=\"\" width=\"90\" height=\"90\" \/><\/a><a href=\"https:\/\/shamael.noblogs.org\/files\/2011\/01\/InesFabbro_G1.jpg\"><img loading=\"lazy\" decoding=\"async\" class=\"alignleft  wp-image-404\" src=\"https:\/\/shamael.noblogs.org\/files\/2011\/01\/InesFabbro_G1-150x150.jpg\" alt=\"\" width=\"90\" height=\"90\" \/><\/a><a href=\"https:\/\/shamael.noblogs.org\/files\/2012\/04\/livon.jpg\"><img loading=\"lazy\" decoding=\"async\" class=\"alignleft  wp-image-4579\" src=\"https:\/\/shamael.noblogs.org\/files\/2012\/04\/livon-150x150.jpg\" alt=\"\" width=\"90\" height=\"90\" \/><\/a>Vi ricordate il <a href=\"https:\/\/shamael.noblogs.org\/?p=4072\">blitz trombereccio<\/a> riccaboniano? Bene: a quando un bel blitz dei ROS in Viale Trastevere dove, a questo punto \u00e8 provato, che la cricca verdiniana e, in subordine, gelminiana, sta causando ormai da anni disastri inenarrabili? A questo proposito questi uffici propongono una lettera aperta che chiunque pu\u00f2 copiare dal blog e spedire agli indirizzi in calce.<\/p>\n<p style=\"text-align: right\">Al Presidente della Repubblica<br \/>\nOn. Giorgio Napolitano<br \/>\nPalazzo del Quirinale<br \/>\nPiazza del Quirinale<br \/>\nRoma<\/p>\n<p style=\"text-align: right\">Al Presidente del Consiglio<br \/>\nSen. Prof. Mario Monti<br \/>\nPalazzo Chigi<br \/>\nPiazza Colonna<br \/>\nRoma<\/p>\n<p style=\"text-align: right\">Al Vice Presidente del CSM<br \/>\nAvv. Michele Vietti<br \/>\nPalazzo dei Marescialli<br \/>\nPiazza della Repubblica<br \/>\nRoma<\/p>\n<p>Questi uffici sono a notificare alle massime istituzioni dello Stato, agli indirizzi in calce, che &#8211; evidentemente nella loro acquiescenza &#8211; una cricca si \u00e8 ormai da anni impadronita del Ministero della Pubblica Istruzione, dell&#8217;Universit\u00e0 e della Ricerca Scientifica, da ora in poi MIUR, estendendo i propri gangli cancerosi in varie universit\u00e0 italiane senza che nessuno di chi ha competenza per farlo, e cio\u00e8 Voi, abbia mosso un dito per rimediare a questo disastro. Questi uffici segnalano in modo particolare il caso dell&#8217;universit\u00e0 di Siena, la pi\u00f9 dissestata dell&#8217;universo conosciuto, che vive ormai da anni in uno stato di assoluta prostrazione, in balia delle volont\u00e0 perverse di una serie di personaggi assolutamente ambigui che andiamo ad illustrare.<br \/>\nIl primo \u00e8 sicuramente Maria Stella Gelmini che, morbida argilla nelle mani di Denis Verdini (i cui guai giudiziari sono noti all&#8217;universo mondo), non ha mosso un dito per cercare di risolvere una situazione che getta nello sconforto e nella prostrazione (anche economia) un&#8217;intera citt\u00e0 e una comunit\u00e0 universitaria composta da quasi 17.000 persone. Anzi: ha peggiorato le cose circondandosi di personaggi a dir poco ambigui come, per esempio, Marco Tomasi, ex direttore generale al Ministero, ora Direttore generale per la Provincia autonoma di Trento, ma che ancora continua ad interagire con gli attuali vertici dell&#8217;Ateneo senese, vertici peraltro abusivi in quanto la Magistratura &#8211; con estremo ritardo &#8211; ha notificato l&#8217;accusa a 10 persone di aver falsato le elezioni che hanno visto prevalere di soli sedici voti Angelo Riccaboni (d&#8217;ora in avanti Criccaboni con evidente allusione) traendo in inganno, come affermato dall&#8217;Autorit\u00e0 Giudiziaria, l&#8217;allora Ministro Gelmini (che peraltro si \u00e8 fatta ingannare senza muovere foglia). Inoltre Tomasi intratteneva e continua ad intrattenere rapporti con l&#8217;altro vertice dell&#8217;Ateneo voluto (?) dal Criccaboni, la condannata dalla corte dei conti dell&#8217;Emilia Romagna Ines Fabbro, approvando qualsiasi porcheria commessa ai danni dell&#8217;Ateneo (che pure la paga la spropositata e del tutto immeritata cifra di 177.000 euro l&#8217;anno che vanno ad aggiungersi alla pensione).<br \/>\nMa non \u00e8 finita qui. Dimessosi Berlusconi, il vertice dell&#8217;Ateneo \u00e8 stato affidato a Francesco Profumo, per volont\u00e0 sempre della medesima Gelmini. Ora diciamocela tutta: Prof. Monti, ci rivolgiamo soprattutto a Lei: ma nella sua carriera Le \u00e8 mai capitato di leggere L&#8217;uomo delinquente di Cesare Lombroso? E se s\u00ec, ne ha compreso il significato? E, sempre se s\u00ec, ma in consiglio dei Ministri ce la butta mai un&#8217;occhiata verso lo scranno del Ministro del MIUR? E controlla mai cosa combina? Anche perch\u00e9 ci sono voluti bei mesi e diversi articoli di denuncia sulla stampa nazionale (Corriere della Sera) per farlo dimettere dalla Presidenza del CNR che gli era stata affidata proprio dalla Gelmini, nonch\u00e9 risulta ancora &#8211; bench\u00e9 sospeso &#8211; essere il Rettore del Politecnico di Torino. No, dico &#8230; Vogliamo risolverla questa situazione oppure no?<br \/>\nMa non \u00e8 finita. Al posto di Tomasi \u00e8 stato chiamato un altro personaggio incredibile, sempre dalla Gelmini, alla direzione generale: Daniele Livon ex direttore amministrativo di Udine che, tanto per cambiare, \u00e8 stato coinvolto in questioni di bilanci ballerini (basta leggere qui http:\/\/ilsensodellamisura.com\/2008\/06\/08\/malauniversita-ricominciamo-da-udine-con-una-nuova-ispezione-ministeriale\/).<br \/>\nNel contempo, ed ecco la ragione dell&#8217;indirizzamento della presente anche al CSM, sono passati QUATTRO ANNI (dicansi QUATTRO ANNI) dalla scoperta di una voragine di bilancio all&#8217;Universit\u00e0 di Siena di circa 270 milioni e quasi DUE ANNI (dicansi DUE ANNI) dall&#8217;inizio delle indagini sulle elezioni irregolari del Criccaboni nonch\u00e9 dall&#8217;assunzione, su indicazione di Tomasi come si dimostra facilmente leggendo qui (http:\/\/shamael.noblogs.org\/?p=4184), da parte della Magistratura senese. Chiuse le indagini su tutte e due le inchieste, sono pi\u00f9 di quattro mesi che attendiamo qualche determinazione del GUP di Siena. Nel frattempo tutta questa cricca continua ad agire indisturbata, con grave nocumento per i dipendenti, gli studenti e, va da s\u00e9, la citt\u00e0 di Siena che &#8211; come si pu\u00f2 facilmente immaginare &#8211; vede concreto il rischio di un tracollo definitivo dell&#8217;ex prestigioso Ateneo (antichissimo) e di tutto l&#8217;indotto (nonch\u00e9 dell&#8217;immagine della citt\u00e0 medesima). Il tutto, va detto, grazie anche all&#8217;inerzia della classe politica locale che teme di veder scoperchiati i pozzi di bottino che ha fattivamente contribuito a creare.<br \/>\nRimanendo in attesa di Vostre future determinazioni atte a risolvere questa incredibile lesione della legalit\u00e0, della buona amministrazione e del principio ineludibile sancito all&#8217;articolo 3 della Costituzione, porgiamo i nostri pi\u00f9 distinti ossequi<\/p>\n<p>Di questi uffici<br \/>\n<strong>Cesare Mori<\/strong><\/p>\n","protected":false},"excerpt":{"rendered":"<p>Vi ricordate il blitz trombereccio riccaboniano? Bene: a quando un bel blitz dei ROS in Viale Trastevere dove, a questo punto \u00e8 provato, che la cricca verdiniana e, in subordine, gelminiana, sta causando ormai da anni disastri inenarrabili? A questo proposito questi uffici propongono una lettera aperta che chiunque pu\u00f2 copiare dal blog e spedire [&hellip;]<\/p>\n","protected":false},"author":2063,"featured_media":0,"comment_status":"open","ping_status":"open","sticky":false,"template":"","format":"standard","meta":{"footnotes":""},"categories":[1],"tags":[],"class_list":["post-4578","post","type-post","status-publish","format-standard","hentry","category-general"],"_links":{"self":[{"href":"https:\/\/shamael.noblogs.org\/index.php?rest_route=\/wp\/v2\/posts\/4578","targetHints":{"allow":["GET"]}}],"collection":[{"href":"https:\/\/shamael.noblogs.org\/index.php?rest_route=\/wp\/v2\/posts"}],"about":[{"href":"https:\/\/shamael.noblogs.org\/index.php?rest_route=\/wp\/v2\/types\/post"}],"author":[{"embeddable":true,"href":"https:\/\/shamael.noblogs.org\/index.php?rest_route=\/wp\/v2\/users\/2063"}],"replies":[{"embeddable":true,"href":"https:\/\/shamael.noblogs.org\/index.php?rest_route=%2Fwp%2Fv2%2Fcomments&post=4578"}],"version-history":[{"count":3,"href":"https:\/\/shamael.noblogs.org\/index.php?rest_route=\/wp\/v2\/posts\/4578\/revisions"}],"predecessor-version":[{"id":4581,"href":"https:\/\/shamael.noblogs.org\/index.php?rest_route=\/wp\/v2\/posts\/4578\/revisions\/4581"}],"wp:attachment":[{"href":"https:\/\/shamael.noblogs.org\/index.php?rest_route=%2Fwp%2Fv2%2Fmedia&parent=4578"}],"wp:term":[{"taxonomy":"category","embeddable":true,"href":"https:\/\/shamael.noblogs.org\/index.php?rest_route=%2Fwp%2Fv2%2Fcategories&post=4578"},{"taxonomy":"post_tag","embeddable":true,"href":"https:\/\/shamael.noblogs.org\/index.php?rest_route=%2Fwp%2Fv2%2Ftags&post=4578"}],"curies":[{"name":"wp","href":"https:\/\/api.w.org\/{rel}","templated":true}]}}