{"id":4539,"date":"2012-03-27T21:38:51","date_gmt":"2012-03-27T19:38:51","guid":{"rendered":"http:\/\/shamael.noblogs.org\/?p=4539"},"modified":"2012-03-27T21:38:51","modified_gmt":"2012-03-27T19:38:51","slug":"caro-alberto-monaci-ma-quando-la-finite-con-le-nomine-fuori-luogo-che-cincastra-sandro-vannini-con-il-corecom","status":"publish","type":"post","link":"https:\/\/shamael.noblogs.org\/?p=4539","title":{"rendered":"Caro Alberto Monaci ma quando la finite con le nomine fuori luogo? Che c&#8217;incastra Sandro Vannini con il CORECOM?"},"content":{"rendered":"<p><a href=\"https:\/\/shamael.noblogs.org\/files\/2011\/02\/monaci.jpg\"><img loading=\"lazy\" decoding=\"async\" class=\"alignleft  wp-image-892\" src=\"https:\/\/shamael.noblogs.org\/files\/2011\/02\/monaci.jpg\" alt=\"\" width=\"190\" height=\"244\" srcset=\"https:\/\/shamael.noblogs.org\/files\/2011\/02\/monaci.jpg 265w, https:\/\/shamael.noblogs.org\/files\/2011\/02\/monaci-233x300.jpg 233w\" sizes=\"auto, (max-width: 190px) 100vw, 190px\" \/><\/a><a href=\"https:\/\/shamael.noblogs.org\/files\/2012\/03\/sandro_vannini_2.jpg\"><img loading=\"lazy\" decoding=\"async\" class=\"alignleft  wp-image-4540\" src=\"https:\/\/shamael.noblogs.org\/files\/2012\/03\/sandro_vannini_2-265x300.jpg\" alt=\"\" width=\"214\" height=\"241\" srcset=\"https:\/\/shamael.noblogs.org\/files\/2012\/03\/sandro_vannini_2-265x300.jpg 265w, https:\/\/shamael.noblogs.org\/files\/2012\/03\/sandro_vannini_2.jpg 374w\" sizes=\"auto, (max-width: 214px) 100vw, 214px\" \/><\/a>Il CORECOM \u00e8 lorgano di consulenza e di gestione della Regione in materia di comunicazione, nonch\u00e9 organo funzionale dell&#8217;Autorit\u00e0 per le Garanzie nelle Comunicazioni e sapete Alberto Monaci chi ha proposto al vertice del CORECOM? Ci vuole mettere Sandro Vannini, l&#8217;ex consigliere comunale di Siena. Che c&#8217;incastra Vannini con le telecomunicazioni? E prima sapete chi c&#8217;era? Lui: (periz)Omar Calabrese, il semiologo cacciatore di barbari ladri di tetti d&#8217;oro. Uno competente mai eh? Vediamo di smetterla con queste nomine e cambiare velocemente proposta.<\/p>\n","protected":false},"excerpt":{"rendered":"<p>Il CORECOM \u00e8 lorgano di consulenza e di gestione della Regione in materia di comunicazione, nonch\u00e9 organo funzionale dell&#8217;Autorit\u00e0 per le Garanzie nelle Comunicazioni e sapete Alberto Monaci chi ha proposto al vertice del CORECOM? Ci vuole mettere Sandro Vannini, l&#8217;ex consigliere comunale di Siena. Che c&#8217;incastra Vannini con le telecomunicazioni? E prima sapete chi [&hellip;]<\/p>\n","protected":false},"author":2063,"featured_media":0,"comment_status":"open","ping_status":"open","sticky":false,"template":"","format":"standard","meta":{"footnotes":""},"categories":[1],"tags":[],"class_list":["post-4539","post","type-post","status-publish","format-standard","hentry","category-general"],"_links":{"self":[{"href":"https:\/\/shamael.noblogs.org\/index.php?rest_route=\/wp\/v2\/posts\/4539","targetHints":{"allow":["GET"]}}],"collection":[{"href":"https:\/\/shamael.noblogs.org\/index.php?rest_route=\/wp\/v2\/posts"}],"about":[{"href":"https:\/\/shamael.noblogs.org\/index.php?rest_route=\/wp\/v2\/types\/post"}],"author":[{"embeddable":true,"href":"https:\/\/shamael.noblogs.org\/index.php?rest_route=\/wp\/v2\/users\/2063"}],"replies":[{"embeddable":true,"href":"https:\/\/shamael.noblogs.org\/index.php?rest_route=%2Fwp%2Fv2%2Fcomments&post=4539"}],"version-history":[{"count":2,"href":"https:\/\/shamael.noblogs.org\/index.php?rest_route=\/wp\/v2\/posts\/4539\/revisions"}],"predecessor-version":[{"id":4542,"href":"https:\/\/shamael.noblogs.org\/index.php?rest_route=\/wp\/v2\/posts\/4539\/revisions\/4542"}],"wp:attachment":[{"href":"https:\/\/shamael.noblogs.org\/index.php?rest_route=%2Fwp%2Fv2%2Fmedia&parent=4539"}],"wp:term":[{"taxonomy":"category","embeddable":true,"href":"https:\/\/shamael.noblogs.org\/index.php?rest_route=%2Fwp%2Fv2%2Fcategories&post=4539"},{"taxonomy":"post_tag","embeddable":true,"href":"https:\/\/shamael.noblogs.org\/index.php?rest_route=%2Fwp%2Fv2%2Ftags&post=4539"}],"curies":[{"name":"wp","href":"https:\/\/api.w.org\/{rel}","templated":true}]}}