{"id":4387,"date":"2012-03-16T08:30:47","date_gmt":"2012-03-16T07:30:47","guid":{"rendered":"http:\/\/shamael.noblogs.org\/?p=4387"},"modified":"2012-03-16T08:30:47","modified_gmt":"2012-03-16T07:30:47","slug":"solidarieta-ai-dipendenti-mps-e-una-curiosita","status":"publish","type":"post","link":"https:\/\/shamael.noblogs.org\/?p=4387","title":{"rendered":"Solidariet\u00e0 ai dipendenti MPS e una curiosit\u00e0"},"content":{"rendered":"<p>La Redazione di Fratello Illuminato ha letto che oggi saranno messe a disposizione delle navette &#8211; che partiranno dal palazzetto dello sport e arriveranno in centro &#8211; per quei dipendenti del Monte dei Paschi che parteciperanno allo sciopero (e a cui va tutta la nostra pi\u00f9 piena solidariet\u00e0).<br \/>\nUna curiosit\u00e0, per\u00f2, ce l&#8217;abbiamo.<br \/>\nDato che queste navette sembrerebbero essere state messe a disposizione dal Comune, ci chiedevamo se questa sensazione fosse vera.<br \/>\nLa cosa, per la verit\u00e0, non ci stupirebbe pi\u00f9 di tanto, dato che il sindaco, Franco &#8216;Discontinuator&#8217; Ceccuzzi (salvo cali di zuccheri dell&#8217;ultim&#8217;ora) dovrebbe capitanare il corteo dei dimostranti che sciopereranno contro il piano del direttore generale Fabrizio Viola casualmente, peraltro, scelto dallo stesso Ceccuzzi.<br \/>\nAllora, Ceccuzzi, ma le navette chi le paga, il Comune o Goldrake?<\/p>\n<p><a href=\"https:\/\/shamael.noblogs.org\/files\/2012\/03\/Goldrake_ufo_robot.jpg\"><img loading=\"lazy\" decoding=\"async\" class=\"alignleft size-full wp-image-4389\" src=\"https:\/\/shamael.noblogs.org\/files\/2012\/03\/Goldrake_ufo_robot.jpg\" alt=\"\" width=\"400\" height=\"400\" srcset=\"https:\/\/shamael.noblogs.org\/files\/2012\/03\/Goldrake_ufo_robot.jpg 400w, https:\/\/shamael.noblogs.org\/files\/2012\/03\/Goldrake_ufo_robot-150x150.jpg 150w, https:\/\/shamael.noblogs.org\/files\/2012\/03\/Goldrake_ufo_robot-300x300.jpg 300w\" sizes=\"auto, (max-width: 400px) 100vw, 400px\" \/><\/a><\/p>\n<p>IN ANTEPRIMA PER NOVELLA 2.0 L&#8217;ESCLUSIVA IMMAGINE DI FABRIZIO ROSSI CHE LAVORA AL PIANO DEI TAGLI<br \/>\n<a href=\"https:\/\/shamael.noblogs.org\/files\/2012\/03\/Richelieu.jpg\"><img loading=\"lazy\" decoding=\"async\" class=\"alignleft size-full wp-image-4388\" src=\"https:\/\/shamael.noblogs.org\/files\/2012\/03\/Richelieu.jpg\" alt=\"\" width=\"430\" height=\"287\" srcset=\"https:\/\/shamael.noblogs.org\/files\/2012\/03\/Richelieu.jpg 430w, https:\/\/shamael.noblogs.org\/files\/2012\/03\/Richelieu-300x200.jpg 300w\" sizes=\"auto, (max-width: 430px) 100vw, 430px\" \/><\/a><br \/>\nCon i loro potenti teleobbiettivi, i nostri paparazzi sono riusciti a rubare una preziosissima immagine del Richelieu di San Prospero (al secolo Fabrizio Rossi, capo delle risorse umane del Monte dei Paschi) intento nelle strategie dei tagli al personale del Monte.<br \/>\nIl momento \u00e8 serio e delicato, ma Fabrizio Rossi (che \u00e8 al Monte da prima della statua di Sallustio) come si pu\u00f2 vedere nell&#8217;immagine ha saldamente in mano gli strumenti del mestiere. Tutto sotto controllo. Responsabilmente come capo del personale ha gi\u00e0 preparato anche il discorso da fare ai dipendenti che gestisce. Di seguito un&#8217;anteprima di ci\u00f2 che dir\u00e0 (clicca qui)<\/p>\n<p><a href=\"http:\/\/www.youtube.com\/watch?v=UKQdzDQqJ_U\"><img loading=\"lazy\" decoding=\"async\" class=\"alignleft size-full wp-image-4307\" src=\"https:\/\/shamael.noblogs.org\/files\/2012\/03\/lavoratori.jpg\" alt=\"\" width=\"276\" height=\"181\" \/><\/a><\/p>\n","protected":false},"excerpt":{"rendered":"<p>La Redazione di Fratello Illuminato ha letto che oggi saranno messe a disposizione delle navette &#8211; che partiranno dal palazzetto dello sport e arriveranno in centro &#8211; per quei dipendenti del Monte dei Paschi che parteciperanno allo sciopero (e a cui va tutta la nostra pi\u00f9 piena solidariet\u00e0). Una curiosit\u00e0, per\u00f2, ce l&#8217;abbiamo. Dato che [&hellip;]<\/p>\n","protected":false},"author":2063,"featured_media":0,"comment_status":"open","ping_status":"open","sticky":false,"template":"","format":"standard","meta":{"footnotes":""},"categories":[1],"tags":[],"class_list":["post-4387","post","type-post","status-publish","format-standard","hentry","category-general"],"_links":{"self":[{"href":"https:\/\/shamael.noblogs.org\/index.php?rest_route=\/wp\/v2\/posts\/4387","targetHints":{"allow":["GET"]}}],"collection":[{"href":"https:\/\/shamael.noblogs.org\/index.php?rest_route=\/wp\/v2\/posts"}],"about":[{"href":"https:\/\/shamael.noblogs.org\/index.php?rest_route=\/wp\/v2\/types\/post"}],"author":[{"embeddable":true,"href":"https:\/\/shamael.noblogs.org\/index.php?rest_route=\/wp\/v2\/users\/2063"}],"replies":[{"embeddable":true,"href":"https:\/\/shamael.noblogs.org\/index.php?rest_route=%2Fwp%2Fv2%2Fcomments&post=4387"}],"version-history":[{"count":1,"href":"https:\/\/shamael.noblogs.org\/index.php?rest_route=\/wp\/v2\/posts\/4387\/revisions"}],"predecessor-version":[{"id":4390,"href":"https:\/\/shamael.noblogs.org\/index.php?rest_route=\/wp\/v2\/posts\/4387\/revisions\/4390"}],"wp:attachment":[{"href":"https:\/\/shamael.noblogs.org\/index.php?rest_route=%2Fwp%2Fv2%2Fmedia&parent=4387"}],"wp:term":[{"taxonomy":"category","embeddable":true,"href":"https:\/\/shamael.noblogs.org\/index.php?rest_route=%2Fwp%2Fv2%2Fcategories&post=4387"},{"taxonomy":"post_tag","embeddable":true,"href":"https:\/\/shamael.noblogs.org\/index.php?rest_route=%2Fwp%2Fv2%2Ftags&post=4387"}],"curies":[{"name":"wp","href":"https:\/\/api.w.org\/{rel}","templated":true}]}}