{"id":4372,"date":"2012-03-14T15:41:23","date_gmt":"2012-03-14T14:41:23","guid":{"rendered":"http:\/\/shamael.noblogs.org\/?p=4372"},"modified":"2012-03-14T15:41:23","modified_gmt":"2012-03-14T14:41:23","slug":"il-parere-delleconomista-paco-pachese-caro-ceccuzzi-non-e-credibile-la-mossa-di-mettere-il-cappello-in-troppi-posti-annulla-la-partecipazione-alla-manifestazione","status":"publish","type":"post","link":"https:\/\/shamael.noblogs.org\/?p=4372","title":{"rendered":"Il parere dell&#8217;economista Paco Pachese: Caro Ceccuzzi non \u00e8 credibile la mossa di mettere il cappello in troppi posti. Annulla la partecipazione alla manifestazione"},"content":{"rendered":"<p><a href=\"https:\/\/shamael.noblogs.org\/files\/2012\/03\/cappello_borsalino_antica_casa.jpg\"><img loading=\"lazy\" decoding=\"async\" class=\"alignleft size-full wp-image-4373\" src=\"https:\/\/shamael.noblogs.org\/files\/2012\/03\/cappello_borsalino_antica_casa.jpg\" alt=\"\" width=\"430\" height=\"319\" srcset=\"https:\/\/shamael.noblogs.org\/files\/2012\/03\/cappello_borsalino_antica_casa.jpg 430w, https:\/\/shamael.noblogs.org\/files\/2012\/03\/cappello_borsalino_antica_casa-300x222.jpg 300w\" sizes=\"auto, (max-width: 430px) 100vw, 430px\" \/><\/a>Il 2 gennaio 2012 con una nota congiunta il sindaco Ceccuzzi e il presidente Bezzini, accreditandosi la scelta del nuovo direttore generale Fabrizio Viola, manifestavano apprezzamento per la figura dello stesso Viola ed erano \u201ccerti\u201d del buon lavoro che avrebbe fatto per la banca e per gli azionisti. Il 29 aprile 2011 sempre il Ceccuzzi scriveva: &#8220;La Fondazione deve mantenere il 51% dei diritti dei voti nell\u2019assemblea del Monte. I numeri forniti in questi giorni da Mps rendono chiare le ricadute di cui beneficiano l\u2019economia e la comunit\u00e0 senese. Benefici non parassitari e che hanno determinato una crescita della competitivit\u00e0 del nostro indotto. E\u2019 fondamentale, anche per questo, che la Fondazione mantenga sempre, nel rispetto della legislazione vigente, il 51% dei diritti di voto nell\u2019assemblea del Monte. Un impegno a cui mi atterr\u00f2 se sar\u00f2 eletto sindaco, cos\u00ec come sancito nel programma di mandato che abbiamo depositato\u201d. Il giorno 8 novembre 2007 il Ceccuzzi affermava: \u201cBanca Antonveneta \u00e8 sempre stata l\u2019anima gemella di Bmps. La Banca Mps e Antonveneta sono due realt\u00e0 che hanno grandi potenzialit\u00e0 di sviluppo e che possono integrarsi al meglio con grande vantaggio per gli azionisti e per la clientela. In passato \u00e8 stato giusto preservare Bmps da pessimi affari in attesa della vera occasione di crescita\u201d. Il 18 febbraio 2012 sempre il Ceccuzzi dichiarava: \u201cLa discesa della Fondazione Mps sotto la soglia del 50% nella Banca Mps rappresenta un\u2019opportunit\u00e0 per ridurre il rischio di un patrimonio eccessivamente concentrato sulla banca per eccesso di lealt\u00e0 &#8230;\u201d.<br \/>\nIl primo \u201ccappello\u201d l\u2019aveva messo sia \u201csul mantenimento del 51%\u201d e di recente \u201csulla discesa sotto la soglia del 50%\u201d. Inutile sprecare parole sul fatto che Ceccuzzi conosceva tutto e ha condiviso politicamente l\u2019acquisizione della banca Antonveneta: le\u00a0 nostre parole non servono, bastano le dichiarazioni ufficiali del Ceccuzzi. Ma il cappello dei cappelli (o cappellata!!!) l\u2019ha messo sulla nomina del direttore della banca Fabrizio Viola e ieri, dopo aver sudato freddo per il rischio di trovarsi il corteo dello sciopero davanti il palazzo comunale, si \u00e8 ripreso il cappello dalla testa di Viola per metterlo sulla protesta dei dipendenti del Monte. Ve li ricordate quei manifesti formato famiglia che metteva in ogni dove il tuttologo Berlusconi: \u201cPresidente operaio\u201d, \u201cPresidente giardiniere\u201d, \u201cPresidente sciatore\u201d etc.etc.? Ci risiamo con la comunicazione \u201cuno e trino\u201d: \u201csindaco banchiere\u201d,\u201dsindaco tifoso\u201d, \u201csindaco operaio\u201d. Almeno Bezzini, inaspettatamente, non si \u00e8 lasciato prendere dall\u2019onda emotiva e si \u00e8 mantenuto riservato in merito allo sciopero di venerdi 16 marzo. Bezzini, giustamente e forse, ha fatto questa riflessione: \u201cHo dato il via libera alla nomina di Viola, sono l\u2019ente che nomina i vertici dell\u2019azionista di maggioranza della banca e quindi non posso giocare con il politichese schierandomi con la manifestazione; sono il presidente della provincia e non il segretario del partito\u201d. Il Ceccuzzi, invece con molta probabilit\u00e0, di considerazioni ne avr\u00e0 fatte due: i dipendenti sono realmente incazzati e la Fisac non pu\u00f2 pi\u00f9 fare da filtro come negli anni passati. Per\u00f2 schierandosi con la manifestazione, se mi concedete la valutazione, ha dimostrato di essere poco credibile nei confronti della governance della banca e alquanto ipocrita nei confronti di coloro che manifesteranno. La lettura che viene fatta tra gli economisti e analisti seri (e non tra i fini del posto) rafforza\u00a0 la tesi dell\u2019inadeguatezza della politica locale nel gestire (questo si \u00e8 gi\u00e0 manifestato negli ultimi 10 anni) i nuovi scenari dentro e fuori la banca e non solo; la partecipazione alla manifestazione, dell\u2019ente (il comune) che nomina l\u2019azionista (la fondazione) di maggioranza della banca viene letta come una sorta di sfiducia al direttore generale Viola e al cda della banca. I dipendenti venerdi scendono in piazza per\u00a0 manifestare contro i vertici della banca (di riflesso contro gli azionisti) e per i propri diritti e non per fare una prova muscolare, come vorrebbe un gruppo ristretto di dirigenti sindacali, funzionale a far pressione per nominare un membro del cda vicino allo stesso gruppetto di dirigenti sindacali. Piano con il cappello!!!<\/p>\n<p><strong>Prof. Paco Pachese (economista di Oxford)<\/strong><\/p>\n","protected":false},"excerpt":{"rendered":"<p>Il 2 gennaio 2012 con una nota congiunta il sindaco Ceccuzzi e il presidente Bezzini, accreditandosi la scelta del nuovo direttore generale Fabrizio Viola, manifestavano apprezzamento per la figura dello stesso Viola ed erano \u201ccerti\u201d del buon lavoro che avrebbe fatto per la banca e per gli azionisti. Il 29 aprile 2011 sempre il Ceccuzzi [&hellip;]<\/p>\n","protected":false},"author":2063,"featured_media":0,"comment_status":"open","ping_status":"open","sticky":false,"template":"","format":"standard","meta":{"footnotes":""},"categories":[1],"tags":[],"class_list":["post-4372","post","type-post","status-publish","format-standard","hentry","category-general"],"_links":{"self":[{"href":"https:\/\/shamael.noblogs.org\/index.php?rest_route=\/wp\/v2\/posts\/4372","targetHints":{"allow":["GET"]}}],"collection":[{"href":"https:\/\/shamael.noblogs.org\/index.php?rest_route=\/wp\/v2\/posts"}],"about":[{"href":"https:\/\/shamael.noblogs.org\/index.php?rest_route=\/wp\/v2\/types\/post"}],"author":[{"embeddable":true,"href":"https:\/\/shamael.noblogs.org\/index.php?rest_route=\/wp\/v2\/users\/2063"}],"replies":[{"embeddable":true,"href":"https:\/\/shamael.noblogs.org\/index.php?rest_route=%2Fwp%2Fv2%2Fcomments&post=4372"}],"version-history":[{"count":1,"href":"https:\/\/shamael.noblogs.org\/index.php?rest_route=\/wp\/v2\/posts\/4372\/revisions"}],"predecessor-version":[{"id":4374,"href":"https:\/\/shamael.noblogs.org\/index.php?rest_route=\/wp\/v2\/posts\/4372\/revisions\/4374"}],"wp:attachment":[{"href":"https:\/\/shamael.noblogs.org\/index.php?rest_route=%2Fwp%2Fv2%2Fmedia&parent=4372"}],"wp:term":[{"taxonomy":"category","embeddable":true,"href":"https:\/\/shamael.noblogs.org\/index.php?rest_route=%2Fwp%2Fv2%2Fcategories&post=4372"},{"taxonomy":"post_tag","embeddable":true,"href":"https:\/\/shamael.noblogs.org\/index.php?rest_route=%2Fwp%2Fv2%2Ftags&post=4372"}],"curies":[{"name":"wp","href":"https:\/\/api.w.org\/{rel}","templated":true}]}}