{"id":4305,"date":"2012-03-06T21:54:20","date_gmt":"2012-03-06T20:54:20","guid":{"rendered":"http:\/\/shamael.noblogs.org\/?p=4305"},"modified":"2012-03-06T22:07:44","modified_gmt":"2012-03-06T21:07:44","slug":"clamoroso-riccaboni-e-fabbro-si-autodenunciano-e-lo-fanno-sulla-gazzetta-ufficiale-serie-generale-n-49-del-28-febbraio-2012","status":"publish","type":"post","link":"https:\/\/shamael.noblogs.org\/?p=4305","title":{"rendered":"Clamoroso!!! Riccaboni e Fabbro si autodenunciano e lo fanno sulla Gazzetta Ufficiale (Serie generale) n. 49 del 28 febbraio 2012"},"content":{"rendered":"<p><a href=\"https:\/\/shamael.noblogs.org\/files\/2012\/03\/riccaboni-fabbro1.jpg\"><img loading=\"lazy\" decoding=\"async\" class=\"alignleft size-full wp-image-4306\" src=\"https:\/\/shamael.noblogs.org\/files\/2012\/03\/riccaboni-fabbro1.jpg\" alt=\"\" width=\"420\" height=\"364\" srcset=\"https:\/\/shamael.noblogs.org\/files\/2012\/03\/riccaboni-fabbro1.jpg 420w, https:\/\/shamael.noblogs.org\/files\/2012\/03\/riccaboni-fabbro1-300x260.jpg 300w\" sizes=\"auto, (max-width: 420px) 100vw, 420px\" \/><\/a>Vi ricordate la storiella di cui abbiamo parlato in questo post (<a href=\"https:\/\/shamael.noblogs.org\/?p=4184\">http:\/\/shamael.noblogs.org\/?p=4184<\/a>)? Vi ricordate anche la famosa lettera di esenzione dalle attivit\u00e0 didattiche, commettendo un abuso d&#8217;ufficio<a href=\"https:\/\/shamael.noblogs.org\/?p=4217\"> grosso come una casa<\/a>, soprattutto se &#8211; come riteniamo &#8211; l&#8217;avesse scritta la nota condannata dalla corte dei conti Ines &#8220;maestrina&#8221; Fabbro? Non ve lo ricordate? Pazienza &#8230; Tanto qualcuno che se ne ricorda in viale Franci ci sar\u00e0 &#8230; Ma un inaspettato aiuto a voi tutti e anche a viale Franci proviene &#8211; INCREDIBILE &#8211; da Criccaboni &amp; Fabbro medesimi!!! Leggiamo il nuovo statuto dell&#8217;Ateneo pubblicato, per l&#8217;appunto, nella G.U. n. 49 del 28 (numero particolarmente significativo rispetto a quanto abbiamo detto qui) febbraio 2012:<\/p>\n<p>&nbsp;<\/p>\n<p>&nbsp;<\/p>\n<p><strong>Articolo 11 (Docenti)<\/strong><\/p>\n<p>[&#8230; omissis &#8230;]<\/p>\n<p><strong>4. Il Senato Accademico, sentito il Nucleo di Valutazione d\u2019Ateneo e il Dipartimento di<\/strong><br \/>\n<strong>afferenza, pu\u00f2 deliberare una riduzione del carico didattico dei docenti cui siano affidati<\/strong><br \/>\n<strong>incarichi gestionali, secondo le modalit\u00e0 definite nel Regolamento didattico d\u2019Ateneo.<\/strong><br \/>\n<strong>5. Il Senato Accademico, su proposta del Dipartimento di afferenza e sentito il Nucleo di<\/strong><br \/>\n<strong>Valutazione d\u2019Ateneo, pu\u00f2 altres\u00ec deliberare una riduzione del carico didattico dei docenti<\/strong><br \/>\n<strong>quando svolgano attivit\u00e0 di ricerca particolarmente rilevanti, secondo le modalit\u00e0 definite nel<\/strong><br \/>\n<strong>Regolamento generale d\u2019Ateneo.<\/strong><\/p>\n<p>Ci possono spiegare come conciliano la scrittura di quella lettera con quanto LORO STESSI hanno messo nello statuto, pubblicato \u00e8 vero solo ora, ma approvato gi\u00e0 nel luglio 2011, cio\u00e8 mesi prima di scrivere quella lettera?<\/p>\n<p>Ricordiamo inoltre che il Senato accademico \u00e8 composto ad oggi in buona parte da condannati dalla corte dei conti (<strong>Fabbro e Bernardi<\/strong>) e\/o da inquisiti per falso in atto pubblico (<strong>Bettalli e Guerrini<\/strong>). Continuiamo cos\u00ec: facciamoci del male &#8230;<\/p>\n<p>E comunque, anche prima dell&#8217;autodenuncia teniamo a precisare che la didattica era comunques ESCLUSIVA COMPETENZA del Senato e mai e poi mai del Rettore e figurarsi del Direttore Amministrativo (e quindi cari membri del Senato se non vi volete beccare una bella denuncia per omissione di atti d&#8217;ufficio vi conviene sollevare il problema FREDIANI molto velocemente).<\/p>\n<p>Sottolineiamo tutto questo per sollevare un pochino quelli alla Lizza dalla faticosissima ricostruzione della mole impressionante di illegalit\u00e0 messa in piedi dal duo dell&#8217;insipienza e dalla cricca di docenti asserviti al suddetto duo.<\/p>\n<p>Chiss\u00e0 perch\u00e9 ci viene in mente questo capolavoro:<\/p>\n<p><a href=\"https:\/\/shamael.noblogs.org\/files\/2012\/03\/lavoratori.jpg\"><img loading=\"lazy\" decoding=\"async\" class=\"alignleft size-full wp-image-4307\" src=\"https:\/\/shamael.noblogs.org\/files\/2012\/03\/lavoratori.jpg\" alt=\"\" width=\"276\" height=\"181\" \/><\/a><\/p>\n","protected":false},"excerpt":{"rendered":"<p>Vi ricordate la storiella di cui abbiamo parlato in questo post (http:\/\/shamael.noblogs.org\/?p=4184)? Vi ricordate anche la famosa lettera di esenzione dalle attivit\u00e0 didattiche, commettendo un abuso d&#8217;ufficio grosso come una casa, soprattutto se &#8211; come riteniamo &#8211; l&#8217;avesse scritta la nota condannata dalla corte dei conti Ines &#8220;maestrina&#8221; Fabbro? Non ve lo ricordate? Pazienza &#8230; [&hellip;]<\/p>\n","protected":false},"author":2063,"featured_media":0,"comment_status":"open","ping_status":"open","sticky":false,"template":"","format":"standard","meta":{"footnotes":""},"categories":[1],"tags":[],"class_list":["post-4305","post","type-post","status-publish","format-standard","hentry","category-general"],"_links":{"self":[{"href":"https:\/\/shamael.noblogs.org\/index.php?rest_route=\/wp\/v2\/posts\/4305","targetHints":{"allow":["GET"]}}],"collection":[{"href":"https:\/\/shamael.noblogs.org\/index.php?rest_route=\/wp\/v2\/posts"}],"about":[{"href":"https:\/\/shamael.noblogs.org\/index.php?rest_route=\/wp\/v2\/types\/post"}],"author":[{"embeddable":true,"href":"https:\/\/shamael.noblogs.org\/index.php?rest_route=\/wp\/v2\/users\/2063"}],"replies":[{"embeddable":true,"href":"https:\/\/shamael.noblogs.org\/index.php?rest_route=%2Fwp%2Fv2%2Fcomments&post=4305"}],"version-history":[{"count":3,"href":"https:\/\/shamael.noblogs.org\/index.php?rest_route=\/wp\/v2\/posts\/4305\/revisions"}],"predecessor-version":[{"id":4309,"href":"https:\/\/shamael.noblogs.org\/index.php?rest_route=\/wp\/v2\/posts\/4305\/revisions\/4309"}],"wp:attachment":[{"href":"https:\/\/shamael.noblogs.org\/index.php?rest_route=%2Fwp%2Fv2%2Fmedia&parent=4305"}],"wp:term":[{"taxonomy":"category","embeddable":true,"href":"https:\/\/shamael.noblogs.org\/index.php?rest_route=%2Fwp%2Fv2%2Fcategories&post=4305"},{"taxonomy":"post_tag","embeddable":true,"href":"https:\/\/shamael.noblogs.org\/index.php?rest_route=%2Fwp%2Fv2%2Ftags&post=4305"}],"curies":[{"name":"wp","href":"https:\/\/api.w.org\/{rel}","templated":true}]}}