{"id":4300,"date":"2012-03-05T22:37:38","date_gmt":"2012-03-05T21:37:38","guid":{"rendered":"http:\/\/shamael.noblogs.org\/?p=4300"},"modified":"2012-03-05T22:37:38","modified_gmt":"2012-03-05T21:37:38","slug":"i-sellati-de-noantri-vestono-modello-giucricca-e-allultimo-tuffo-spunta-il-fondo-barbarox","status":"publish","type":"post","link":"https:\/\/shamael.noblogs.org\/?p=4300","title":{"rendered":"I sellati de noantri vestono \u201cModello Gi\u00f9Cricca\u201d e all\u2019ultimo tuffo spunta il \u201cFondo Barbarox\u201d"},"content":{"rendered":"<p><a href=\"https:\/\/shamael.noblogs.org\/files\/2012\/03\/machdue.jpg\"><img loading=\"lazy\" decoding=\"async\" class=\"alignleft size-full wp-image-4301\" src=\"https:\/\/shamael.noblogs.org\/files\/2012\/03\/machdue.jpg\" alt=\"\" width=\"430\" height=\"499\" srcset=\"https:\/\/shamael.noblogs.org\/files\/2012\/03\/machdue.jpg 430w, https:\/\/shamael.noblogs.org\/files\/2012\/03\/machdue-258x300.jpg 258w\" sizes=\"auto, (max-width: 430px) 100vw, 430px\" \/><\/a>Chi l\u2019avrebbe mai detto che ci sarebbe stato il ritorno sulle scene della covata dei sellati provenienti dalle parti di\u00a0<strong>Via Roma 56\u00a0<\/strong>e dalle corsie ospedaliere di fede tosiana-sempliciana? Qui nessuno; ma\u00a0<strong>Odino<\/strong>\u00a0(figlio di Borr e dio della guerra e della magia) aveva previsto il ritorno sia del\u00a0<strong>Tenente Colombo<\/strong>\u00a0su Rete4 sia quello dei\u00a0<strong>sellati<\/strong>, addirittura gi\u00e0 prima della seconda era glaciale. Eccoli schierati i sellati di peso:\u00a0<strong>Alessandro \u201cOmar\u201d Cannamela<\/strong>\u00a0in plancia accanto al Ceccuzzi,\u00a0<strong>Orlando \u201cTerzo genio di Via Roma 56\u201d Paris<\/strong>\u00a0al comando delle truppe sellate e in consiglio comunale (a difesa della gestione tosiana-sempliciana delle Scotte) il primario\u00a0<strong>Pasquale D\u2019Onofrio<\/strong>. I primi segnali del ritorno dei sellati si sono avuti con il documento lanciato in orbita da Orlando Paris sulle vicende recenti di banca e fondazione (sfidiamo anche Odino nel cercare di capirlo questo documento\u00a0<a href=\"http:\/\/www.ilcittadinoonline.it\/news\/146166\/Sel___Nuove_potenzialit%C3%A0_possono_emergere_dalla_crisi_.html\" target=\"_blank\">http:\/\/www.ilcittadinoonline.it\/news\/146166\/Sel___Nuove_potenzialit%C3%A0_possono_emergere_dalla_crisi_.html<\/a>\u00a0); successivamente l\u2019assalto del sellato D\u2019Onofrio all\u2019alleata\u00a0<strong>Anna Gioia<\/strong>\u00a0in commissione sanit\u00e0 e ultima ma non di secondo piano la genialata di Cannamela (con nota illustrativa piena di fuffa del solito\u00a0<strong>Criccaboni<\/strong>) sulla piattaforma internet per i giovani. Ascolta caro Cannamela, i famosi jovani ci sanno gi\u00e0 stare su internet e semmai hanno bisogno di un\u2019universit\u00e0 gestita da persone serie e di posti di lavoro: la campagna elettorale \u00e8 finita da un bel pezzo. Ma facciamo un passo indietro: quando sono nati e come i sellati senesi. I sellati prendono forma nottetempo dalle parti di Via Roma 56 dopo l\u2019intuizione del semiologo antibarbari Omar \u201ctetto d\u2019oro\u201d Calabrese. Vi ricordate? Omar Calabrese attraverso il mezzo televisivo aveva accusato i barbari del furto del tetto d\u2019oro dell\u2019<strong>Abbazia di San Galgano <\/strong>(poi ci si domanda del perch\u00e9 del tracollo dell\u2019universit\u00e0) dimenticandosi che tra il tempo dei barbari e la costruzione dell\u2019Abbazia ci sono pi\u00f9 o meno 5 secoli di differenza (e non c\u2019era nessun tetto d\u2019oro). Dicevamo quindi dell\u2019avvento dei sellati. Come avete capito i sellati sono una costola del sultanato di Stigliano qui rappresentato dai semiologi e dai genii di Via Roma 56. Comunque il massimo del minimo della decenza il nostro sellato Alessandro \u201cOmar\u201d Cannamela l\u2019ha raggiunto il tardo pomeriggio del 4 novembre 2011. Premessina: i sellati che si spacciano come rivoluzionari e difensori dei lavoratori non solo sostengono la gestione tosiana dell\u2019universit\u00e0, ma addirittura hanno approvato il taglio degli stipendi dei lavoratori delle stesso ateneo (VERGOGNA!!). Ritorniamo al\u00a0<strong>4 novembre 2011<\/strong>. Il sellato scriveva al Criccaboni: \u201c<em>E&#8217; stata dura, ma il primo passo lo abbiamo fatto!<\/em><em>\u201d<\/em> (Avete capito in quanti tramavano sulle spalle dei lavoratori onesti!!)<\/p>\n<p><a href=\"https:\/\/shamael.noblogs.org\/files\/2012\/03\/benigni_modello_giuditta_N.jpg\"><img loading=\"lazy\" decoding=\"async\" class=\"alignleft  wp-image-4302\" src=\"https:\/\/shamael.noblogs.org\/files\/2012\/03\/benigni_modello_giuditta_N.jpg\" alt=\"\" width=\"428\" height=\"279\" srcset=\"https:\/\/shamael.noblogs.org\/files\/2012\/03\/benigni_modello_giuditta_N.jpg 483w, https:\/\/shamael.noblogs.org\/files\/2012\/03\/benigni_modello_giuditta_N-300x195.jpg 300w\" sizes=\"auto, (max-width: 428px) 100vw, 428px\" \/><\/a>Naturalmente questa frase arriva dopo la notizia della firma da parte di CriccaGelmini del decreto di nomina (dopo l\u2019interessamento del garante musicologo Luigi) dell\u2019abusivo Criccaboni. Scusa una domanda Canna: \u00e8 stata \u201cdura\u201d in che senso? Ti riferivi a\u00a0<strong>CriccaGelmini<\/strong>\u00a0forse (un po\u2019 dura nel capire?) o ti riferivi al fatto che \u201c\u00e8 stata dura\u201d trascorrere la notte insonne in attesa della firma o forse \u201c\u00e8 stata dura\u201d prendere per il culo i cittadini senesi? Comunque sia andata \u00e8 stata dura!! Poi vi lamentate del perch\u00e9 la citt\u00e0 \u00e8 in crisi: con queste fenomeni della politica e dell\u2019accademia \u00e8 gi\u00e0 tanto che non sono ritornati i famosi barbari.<\/p>\n<p>A tal proposito, sulla scorta delle rivelazioni del semiologo Omar giunge voce che i sellati (per aumentare il consenso politico) potrebbero tirare fuori dal cilindro una proposta per mantenere il controllo politico locale sulla banca. Fonti sellate ci comunicano che all\u2019ultimo tuffo potrebbe spuntare il Fondo\u00a0<strong>Barbarox<\/strong>\u00a0(un fondo finanziario barbaro con il tetto d\u2019oro interamente versato) e lo stesso Fondo sarebbe intenzionato a comprare (con tutto l\u2019oro di San Galgano!!??) non solo il 15%, ma addirittura il 30 % delle azioni della fondazione. Che barbaro destino\u2026\u2026..<\/p>\n","protected":false},"excerpt":{"rendered":"<p>Chi l\u2019avrebbe mai detto che ci sarebbe stato il ritorno sulle scene della covata dei sellati provenienti dalle parti di\u00a0Via Roma 56\u00a0e dalle corsie ospedaliere di fede tosiana-sempliciana? Qui nessuno; ma\u00a0Odino\u00a0(figlio di Borr e dio della guerra e della magia) aveva previsto il ritorno sia del\u00a0Tenente Colombo\u00a0su Rete4 sia quello dei\u00a0sellati, addirittura gi\u00e0 prima della [&hellip;]<\/p>\n","protected":false},"author":2063,"featured_media":0,"comment_status":"open","ping_status":"open","sticky":false,"template":"","format":"standard","meta":{"footnotes":""},"categories":[1],"tags":[],"class_list":["post-4300","post","type-post","status-publish","format-standard","hentry","category-general"],"_links":{"self":[{"href":"https:\/\/shamael.noblogs.org\/index.php?rest_route=\/wp\/v2\/posts\/4300","targetHints":{"allow":["GET"]}}],"collection":[{"href":"https:\/\/shamael.noblogs.org\/index.php?rest_route=\/wp\/v2\/posts"}],"about":[{"href":"https:\/\/shamael.noblogs.org\/index.php?rest_route=\/wp\/v2\/types\/post"}],"author":[{"embeddable":true,"href":"https:\/\/shamael.noblogs.org\/index.php?rest_route=\/wp\/v2\/users\/2063"}],"replies":[{"embeddable":true,"href":"https:\/\/shamael.noblogs.org\/index.php?rest_route=%2Fwp%2Fv2%2Fcomments&post=4300"}],"version-history":[{"count":2,"href":"https:\/\/shamael.noblogs.org\/index.php?rest_route=\/wp\/v2\/posts\/4300\/revisions"}],"predecessor-version":[{"id":4304,"href":"https:\/\/shamael.noblogs.org\/index.php?rest_route=\/wp\/v2\/posts\/4300\/revisions\/4304"}],"wp:attachment":[{"href":"https:\/\/shamael.noblogs.org\/index.php?rest_route=%2Fwp%2Fv2%2Fmedia&parent=4300"}],"wp:term":[{"taxonomy":"category","embeddable":true,"href":"https:\/\/shamael.noblogs.org\/index.php?rest_route=%2Fwp%2Fv2%2Fcategories&post=4300"},{"taxonomy":"post_tag","embeddable":true,"href":"https:\/\/shamael.noblogs.org\/index.php?rest_route=%2Fwp%2Fv2%2Ftags&post=4300"}],"curies":[{"name":"wp","href":"https:\/\/api.w.org\/{rel}","templated":true}]}}