{"id":4293,"date":"2012-03-05T00:29:38","date_gmt":"2012-03-04T23:29:38","guid":{"rendered":"http:\/\/shamael.noblogs.org\/?p=4293"},"modified":"2012-03-05T00:29:38","modified_gmt":"2012-03-04T23:29:38","slug":"minucci-vai-a-vestirti-emporio-armani-milano-ti-aspetta-le-cheerleaders-gia-pronte-a-festeggiare-come-si-merita-il-suo-arrivo","status":"publish","type":"post","link":"https:\/\/shamael.noblogs.org\/?p=4293","title":{"rendered":"Minucci, vai a vestirti Emporio Armani, Milano ti aspetta!!! Le Cheerleaders gi\u00e0 pronte a festeggiare come si merita il suo arrivo"},"content":{"rendered":"<p><span style=\"font-family: Calibri\"><span style=\"font-size: small\"><a href=\"https:\/\/shamael.noblogs.org\/files\/2012\/03\/9549.jpg\"><img loading=\"lazy\" decoding=\"async\" class=\"alignleft size-medium wp-image-4294\" src=\"https:\/\/shamael.noblogs.org\/files\/2012\/03\/9549-300x200.jpg\" alt=\"\" width=\"300\" height=\"200\" srcset=\"https:\/\/shamael.noblogs.org\/files\/2012\/03\/9549-300x200.jpg 300w, https:\/\/shamael.noblogs.org\/files\/2012\/03\/9549.jpg 600w\" sizes=\"auto, (max-width: 300px) 100vw, 300px\" \/><\/a>Si dice che il secondo \u2018stianto\u2019 per terra del sindaco Ceccuzzi sia avvenuto proprio mentre il primo cittadino era a fare il tifosone al palazzetto della Mens Sana. A parte un doveroso augurio di rimettersi in sesto, va detto che eventuali e ripetuti cali di zuccheri (almeno questa \u00e8 la voce che gira insistentemente sulle lastre) forse per il troppo stress dopo appena\u00a0\u00a010 mesi di mandato, non darebbero grosse rassicurazioni sulla capacit\u00e0 di tenere in mano le varie partite (e non quelle di basket) che la citt\u00e0 si trova, suo malgrado, ad avere aperte sul capo.<\/span><\/span><\/p>\n<p><span style=\"font-size: small\"><span style=\"font-family: Calibri\"><a href=\"https:\/\/shamael.noblogs.org\/files\/2012\/03\/Min-1.jpg\"><img loading=\"lazy\" decoding=\"async\" class=\"alignleft size-full wp-image-4295\" src=\"https:\/\/shamael.noblogs.org\/files\/2012\/03\/Min-1.jpg\" alt=\"\" width=\"173\" height=\"166\" \/><\/a>Ma Ceccuzzi pensa davvero che questo sia il momento giusto per fare il mensanino sfegatato? A parte che evidentemente l\u2019eccesso di tifo non gli ha fatto granch\u00e9 bene alla salute, ma data la complessiva situazione economica della citt\u00e0 (due per tutti, Ateneo e Monte dei Paschi) crede che farsi vedere in prima linea accanto a Minucci gli porti tutta questa massa di consenso elettorale? Qualche dubbio sinceramente ci verrebbe.<\/span><\/span><\/p>\n<p><span style=\"font-size: small\"><span style=\"font-family: Calibri\">Non \u00e8 un segreto che la sponsorizzazione per la Mens Sana e per il Minucci viene data dal Monte.<\/span><\/span><\/p>\n<p><span style=\"font-size: small\"><span style=\"font-family: Calibri\">A proposito, a quanti milioni di euro ammontano i soldini che il Monte d\u00e0 alla squadra di basket cittadina? E a quanto ammonta lo stipendio che Minucci riesce a ritagliarsi? Immaginiamo che non sia come lo stipendio di un tecnico amministrativo dell\u2019Ateneo o di un cassiere appena assunto al Monte che con i loro stipendi ci campano a mala pena una famiglia. Forse quello di Minucci \u00e8 un po\u2019 pi\u00f9 sostanzioso e di famiglie ce ne potrebbe campare addirittura due.<\/span><\/span><\/p>\n<p><span style=\"font-size: small\"><span style=\"font-family: Calibri\">Non diciamo che le attivit\u00e0 sportive non debbano essere sostenute va anche detto, per\u00f2, che dato il momento non proprio florido che la banca pare stia attraversando (cosa difficile da obiettare visto che ai dipendenti molto probabilmente verranno applicati i contratti di solidariet\u00e0 con conseguente abbassamento delle buste paga) sarebbe necessario e moralmente opportuno bloccare i rubinetti ai giocattoli.<\/span><\/span><\/p>\n<p><span style=\"font-size: small\"><span style=\"font-family: Calibri\">Se la banca chiede sacrifici salariali ai dipendenti (peraltro in un momento economico che gi\u00e0 mette a dura prova i portafogli delle famiglie) sar\u00e0 il caso che questi stessi sacrifici si comincino per primi a chiedere a chi per anni \u00e8 stato ben sostenuto dalla banca come lo stesso Ferdinando Minucci.<\/span><\/span><\/p>\n<p><span style=\"font-size: small\"><span style=\"font-family: Calibri\">Populismo? No, semplicemente equit\u00e0.<\/span><\/span><\/p>\n<p><span style=\"font-size: small\"><span style=\"font-family: Calibri\">Interessante, poi, la curiosit\u00e0 che Raffaele Ascheri nel suo libro, a pagina 192, lancia sul manager della Mens Sana, Minucci; apprendiamo che anche lo stesso Minucci ha lavorato al Monte, ma che per motivi non spiegati (o non spiegabili) ad un certo punto, stando a quanto riportato nel libro, si \u00e8 dovuto licenziare. Qualcuno, per caso, saprebbe dirci il motivo? Data la consistente cifra di sponsorizzazione che prende la sua Mens Sana proprio da quella banca da cui Minucci dovette licenziarsi, sarebbe interessante e anche opportuno sapere il perch\u00e9. Magari di questo quesito se ne interessi anche il neo direttore generale Fabrizio Viola.<\/span><\/span><\/p>\n","protected":false},"excerpt":{"rendered":"<p>Si dice che il secondo \u2018stianto\u2019 per terra del sindaco Ceccuzzi sia avvenuto proprio mentre il primo cittadino era a fare il tifosone al palazzetto della Mens Sana. A parte un doveroso augurio di rimettersi in sesto, va detto che eventuali e ripetuti cali di zuccheri (almeno questa \u00e8 la voce che gira insistentemente sulle [&hellip;]<\/p>\n","protected":false},"author":2063,"featured_media":0,"comment_status":"open","ping_status":"open","sticky":false,"template":"","format":"standard","meta":{"footnotes":""},"categories":[1],"tags":[],"class_list":["post-4293","post","type-post","status-publish","format-standard","hentry","category-general"],"_links":{"self":[{"href":"https:\/\/shamael.noblogs.org\/index.php?rest_route=\/wp\/v2\/posts\/4293","targetHints":{"allow":["GET"]}}],"collection":[{"href":"https:\/\/shamael.noblogs.org\/index.php?rest_route=\/wp\/v2\/posts"}],"about":[{"href":"https:\/\/shamael.noblogs.org\/index.php?rest_route=\/wp\/v2\/types\/post"}],"author":[{"embeddable":true,"href":"https:\/\/shamael.noblogs.org\/index.php?rest_route=\/wp\/v2\/users\/2063"}],"replies":[{"embeddable":true,"href":"https:\/\/shamael.noblogs.org\/index.php?rest_route=%2Fwp%2Fv2%2Fcomments&post=4293"}],"version-history":[{"count":2,"href":"https:\/\/shamael.noblogs.org\/index.php?rest_route=\/wp\/v2\/posts\/4293\/revisions"}],"predecessor-version":[{"id":4297,"href":"https:\/\/shamael.noblogs.org\/index.php?rest_route=\/wp\/v2\/posts\/4293\/revisions\/4297"}],"wp:attachment":[{"href":"https:\/\/shamael.noblogs.org\/index.php?rest_route=%2Fwp%2Fv2%2Fmedia&parent=4293"}],"wp:term":[{"taxonomy":"category","embeddable":true,"href":"https:\/\/shamael.noblogs.org\/index.php?rest_route=%2Fwp%2Fv2%2Fcategories&post=4293"},{"taxonomy":"post_tag","embeddable":true,"href":"https:\/\/shamael.noblogs.org\/index.php?rest_route=%2Fwp%2Fv2%2Ftags&post=4293"}],"curies":[{"name":"wp","href":"https:\/\/api.w.org\/{rel}","templated":true}]}}