{"id":4290,"date":"2012-03-04T14:00:39","date_gmt":"2012-03-04T13:00:39","guid":{"rendered":"http:\/\/shamael.noblogs.org\/?p=4290"},"modified":"2012-03-04T14:00:39","modified_gmt":"2012-03-04T13:00:39","slug":"facciamo-la-promozione-della-mostra-a-gratis-non-abbiamo-capito-perche-il-biglietto-dingresso-per-i-funzionari-del-ministero-pubblica-istruzione-e-beni-e-attivita-culturali","status":"publish","type":"post","link":"https:\/\/shamael.noblogs.org\/?p=4290","title":{"rendered":"Facciamo la promozione della mostra a gratis!! Non abbiamo capito perch\u00e9 il biglietto d\u2019ingresso per i \u201cfunzionari del Ministero Pubblica Istruzione e Beni e Attivit\u00e0 Culturali\u201d \u00e8 gratuito (!!??)"},"content":{"rendered":"<p><a href=\"https:\/\/shamael.noblogs.org\/files\/2012\/03\/milomanarasiena.jpg\"><img loading=\"lazy\" decoding=\"async\" class=\"alignleft size-full wp-image-4291\" src=\"https:\/\/shamael.noblogs.org\/files\/2012\/03\/milomanarasiena.jpg\" alt=\"\" width=\"180\" height=\"404\" srcset=\"https:\/\/shamael.noblogs.org\/files\/2012\/03\/milomanarasiena.jpg 180w, https:\/\/shamael.noblogs.org\/files\/2012\/03\/milomanarasiena-133x300.jpg 133w\" sizes=\"auto, (max-width: 180px) 100vw, 180px\" \/><\/a>Di recente abbiamo letto sulle cronache locali che l\u2019assessore alla cultura del comune di Siena Lucia Cresti, rispondendo a un\u2019interrogazione consiliare, si \u00e8 lamentata della\u00a0 scarsa pubblicit\u00e0 fatta sui media nazionali alla Mostra \u201cLe Stanze del Desiderio\u201d di Milo Manara ancora in corso a Siena. Effettivamente il rilievo dell\u2019assessore non \u00e8 campato in aria. Comunque la redazione di Fratello Illuminato, senza alcun compenso e in virt\u00f9 della nostra visibilit\u00e0 nazionale, invita tutti a visitare \u201cLe Stanze del Desiderio\u201d. Siamo rimasti colpiti per\u00f2 da una circostanza alquanto strana.<br \/>\nPer l\u2019ingresso alla Mostra in merito all\u2019acquisto dei biglietti troviamo scritto: \u201cBIGLIETTI: Intero: 10 euro; ridotto e convenzioni: 6 euro (gruppi minimo 15 massimo 25 persone, minori di 18 anni e maggiori di 65; detentori di appositi coupon e possessori di tessera Aci, Tci, Coop, Unpli). Studenti di ogni ordine e grado 4 euro. Gratuito per i bambini fino a 6 anni, disabili e accompagnatori, funzionari del Ministero Pubblica Istruzione e Beni e Attivit\u00e0 Culturali\u201d.<br \/>\nCome mai per i funzionari del Ministero Pubblica Istruzione e Beni e Attivit\u00e0 Culturali il biglietto \u00e8 gratuito? Che cosa hanno di speciale questi funzionari rispetto ad altri funzionari di altri ministeri e soprattutto rispetto a tutti i cittadini (visto che lo stipendio dei funzionari viene pagato dall\u2019ente pubblico, quindi dalla collettivit\u00e0!!)? Non vi sembra fuori luogo?<br \/>\nRitorniamo invece sulle dichiarazioni dell\u2019assessore Lucia Cresti. L\u2019assessore rispondendo a un\u2019interrogazione presentata da un consigliere comunale della stessa maggioranza (sembra fatta ad arte!!??) ha affermato: \u201cL\u2019investimento economico sulla mostra di Manara \u00e8 stato sicuramente importante, ma il risultato ottenuto \u00e8 nettamente inferiore alle attese\u201d\u2026. Penso \u2013 ha concluso l\u2019Assessore &#8211; che l\u2019investimento di 170mila euro per comunicare una mostra, la voce di\u00a0 spesa pi\u00f9 alta di tutte &#8211; pi\u00f9 dell\u2019allestimento e delle spese di personale &#8211; sia congruo e necessario perch\u00e9 \u00e8 inutile fare belle iniziative senza investire in una adeguata promozione. Credo per\u00f2 che con queste risorse si potesse ottenere di pi\u00f9 e certamente nel passato \u00e8 stato ottenuto di pi\u00f9\u201d. S\u00ec certo; ma non potevate intervenire sull\u2019organizzazione della mostra per migliorarla invece di \u201cpresentarvi\u201d e \u201crispondervi\u201d con un\u2019interrogazione tesa a criticare coloro che hanno gestito la promozione della mostra?\u00a0 Chi governa una citt\u00e0 ha il dovere di intervenire con atti e non fare la passerella in consiglio comunale sfoggiando l\u2019arte della retorica. Mica ci volete far credere che gli incarichi per la promozione della mostra sono stati affidati dalle forze di opposizione? In merito a quei famosi 170mila euro a noi risulta che sono stati ripartiti cosi: una piccola parte circa 11.000,00 euro all\u2019<strong>Agenzia Impress,<\/strong> circa 30.000,00 euro alla societ\u00e0 <strong>MILC<\/strong> (quella del famoso slogan 2.0 del Ceccuzzi!!) e la restante somma al Sole 24 ore per il catalogo e la pubblicit\u00e0. Se le cifre e le ripartizioni non sono vere siete pregati di mandare una rettifica perch\u00e9 a noi non piace affermare cose inesatte. Non si capisce come mai in molti nelle chiacchere di corridoio accusavano l\u2019Agenzia Impress di aver gestito male le risorse visto che la medesima Agenzia ha avuto una piccola parte dei 170mila euro.<br \/>\n<strong>P.S. Per i visitatori: la mostra \u00e8 prorogata fino al 9 aprile.<\/strong><\/p>\n","protected":false},"excerpt":{"rendered":"<p>Di recente abbiamo letto sulle cronache locali che l\u2019assessore alla cultura del comune di Siena Lucia Cresti, rispondendo a un\u2019interrogazione consiliare, si \u00e8 lamentata della\u00a0 scarsa pubblicit\u00e0 fatta sui media nazionali alla Mostra \u201cLe Stanze del Desiderio\u201d di Milo Manara ancora in corso a Siena. Effettivamente il rilievo dell\u2019assessore non \u00e8 campato in aria. Comunque [&hellip;]<\/p>\n","protected":false},"author":2063,"featured_media":0,"comment_status":"open","ping_status":"open","sticky":false,"template":"","format":"standard","meta":{"footnotes":""},"categories":[1],"tags":[],"class_list":["post-4290","post","type-post","status-publish","format-standard","hentry","category-general"],"_links":{"self":[{"href":"https:\/\/shamael.noblogs.org\/index.php?rest_route=\/wp\/v2\/posts\/4290","targetHints":{"allow":["GET"]}}],"collection":[{"href":"https:\/\/shamael.noblogs.org\/index.php?rest_route=\/wp\/v2\/posts"}],"about":[{"href":"https:\/\/shamael.noblogs.org\/index.php?rest_route=\/wp\/v2\/types\/post"}],"author":[{"embeddable":true,"href":"https:\/\/shamael.noblogs.org\/index.php?rest_route=\/wp\/v2\/users\/2063"}],"replies":[{"embeddable":true,"href":"https:\/\/shamael.noblogs.org\/index.php?rest_route=%2Fwp%2Fv2%2Fcomments&post=4290"}],"version-history":[{"count":1,"href":"https:\/\/shamael.noblogs.org\/index.php?rest_route=\/wp\/v2\/posts\/4290\/revisions"}],"predecessor-version":[{"id":4292,"href":"https:\/\/shamael.noblogs.org\/index.php?rest_route=\/wp\/v2\/posts\/4290\/revisions\/4292"}],"wp:attachment":[{"href":"https:\/\/shamael.noblogs.org\/index.php?rest_route=%2Fwp%2Fv2%2Fmedia&parent=4290"}],"wp:term":[{"taxonomy":"category","embeddable":true,"href":"https:\/\/shamael.noblogs.org\/index.php?rest_route=%2Fwp%2Fv2%2Fcategories&post=4290"},{"taxonomy":"post_tag","embeddable":true,"href":"https:\/\/shamael.noblogs.org\/index.php?rest_route=%2Fwp%2Fv2%2Ftags&post=4290"}],"curies":[{"name":"wp","href":"https:\/\/api.w.org\/{rel}","templated":true}]}}