{"id":4286,"date":"2012-03-03T08:40:52","date_gmt":"2012-03-03T07:40:52","guid":{"rendered":"http:\/\/shamael.noblogs.org\/?p=4286"},"modified":"2012-03-03T08:40:52","modified_gmt":"2012-03-03T07:40:52","slug":"modello-giucricca-2012","status":"publish","type":"post","link":"https:\/\/shamael.noblogs.org\/?p=4286","title":{"rendered":"Modello Gi\u00f9Cricca 2012"},"content":{"rendered":"<p><a href=\"https:\/\/shamael.noblogs.org\/files\/2012\/03\/giuditta.jpg\"><img loading=\"lazy\" decoding=\"async\" class=\"alignleft  wp-image-4287\" src=\"https:\/\/shamael.noblogs.org\/files\/2012\/03\/giuditta.jpg\" alt=\"\" width=\"427\" height=\"321\" srcset=\"https:\/\/shamael.noblogs.org\/files\/2012\/03\/giuditta.jpg 567w, https:\/\/shamael.noblogs.org\/files\/2012\/03\/giuditta-300x225.jpg 300w\" sizes=\"auto, (max-width: 427px) 100vw, 427px\" \/><\/a>Imbarazzante intervista alla Nazione di Criccaboni durante la quale veramente ne dice di tutti i colori. Avevamo notato, in settimana, l&#8217;insulsaggine delle dichiarazioni trionfali sulla pubblicazione in gazzetta ufficiale dello statuto con tanto di note di colore tipo: &#8220;Un passo fondamentale per il rilancio dell&#8217;Ateneo&#8221;, ma che si potesse giungere ad aggregare una tale mole di fuffa in una sola intervista non ci era neanche venuto in mente. Avevamo avuto poca fiducia. Invece il ragazzo continua a darci un monte di soddisfazioni.<\/p>\n<p>Facciamone un attimo l&#8217;analisi per comprendere il perch\u00e9 la redazione di Fratello Illuminato sostiene che finch\u00e9 ai vertici dell&#8217;ateneo rimarr\u00e0 la premiata ditta dell&#8217;inconcludenza Criccaboni &amp; Fabbro non ci sar\u00e0 speranza di rilancio, ma solo la certezza della tomba.<br \/>\nForse ispirandosi a questo (<a href=\"http:\/\/www.youtube.com\/watch?v=9KufT45Q6X0\">http:\/\/www.youtube.com\/watch?v=9KufT45Q6X0<\/a>) gli \u00e8 venuto in mente, dopo un&#8217;ampia consultazione con l&#8217;altro fenomeno di includenza per giunta condannato dalla Corte dei Conti Ines &#8220;maestrina&#8221; Fabbro, di proporre il modello Gi\u00f9Cricca. E ora vi spieghiamo in cosa consiste.<\/p>\n<p><strong>D.: &#8220;E&#8217; in vigore il nuovo statuto dell\u2019Ateneo. Lei sostiene che \u2018rappresenta un momento di rilancio della nostra Universit\u00e0\u2019. Ma non si tratta solo di un atto dovuto, previsto dalla Legge Gelmini?<\/strong><\/p>\n<p>R.: <em>&#8220;Certo, \u00e8 cos\u00ec. Vorrei per\u00f2 sottolineare che \u00e8 stato messo a punto velocemente. Ci sono molti Atenei che non hanno ancora concluso il percorso. Non solo. Abbiamo posto al centro dell\u2019attivit\u00e0 i dipartimenti, sviluppandoli in coerenza con lo spirito della legge&#8221;.<\/em><\/p>\n<p><strong>D.: Scusi, ma insisto: concretamente come pu\u00f2 lo Statuto incidere positivamente sulle sorti dell\u2019antico istituto?<\/strong><\/p>\n<p><em>R.: &#8220;Qualche cifra lo rende comprensibile. C\u2019erano fino ad ora 38 dipartimenti e 9 facolt\u00e0. Vale a dire 47 punti amministrativi: non sono pochi. Adesso ne abbiamo 17, uno ogni dipartimento. Ci\u00f2 facilita la comunicazione, la possibilit\u00e0 di individuare linee comuni. E la semplificazione dei processi amministrativi. Non solo, in ciascuno sono riunite sia le funzioni didattiche che di ricerca per cui si ha una maggiore responsabilizzazione che spinge a porsi in maniera propositiva verso l\u2019esterno&#8221;.<\/em><\/p>\n<p><strong>D.: Cosa vuol dire nella pratica?<\/strong><br \/>\n<em><\/em><\/p>\n<p><em>R.: &#8220;Interfacciandosi con il territorio possono rappresentare un elemento di crescita, liberando appieno le potenzialit\u00e0 in essi contenute&#8221;.<\/em><\/p>\n<p>Ecco queste risposte assomigliano incredibilmente a questa: <a href=\"http:\/\/www.youtube.com\/watch?v=8K_jkB9lnAA\">http:\/\/www.youtube.com\/watch?v=8K_jkB9lnAA<\/a><\/p>\n<p><strong>D.: A proposito: com\u2019\u00e8 andata a finire con la richiesta di un gruppo di docenti che non aveva optato per alcun dipartimento? Si \u00e8 deciso d\u2019imperio?<\/strong><\/p>\n<p><em>R.: &#8220;Mercoled\u00ec scorso il Senato ha stabilito come devono essere assegnati: questo prevedevano le linee guida&#8221;.<\/em><\/p>\n<p><strong>D.: Di quante persone si tratta?<\/strong><\/p>\n<p><em>R.: &#8220;Ventidue. Ma con tale atto non \u00e8 certo concluso il processo di dipartimentalizzazione&#8221;.<\/em><\/p>\n<p>A questo proposito vedi<a href=\"https:\/\/shamael.noblogs.org\/?p=3909\"> http:\/\/shamael.noblogs.org\/?p=3909<\/a>, <a href=\"https:\/\/shamael.noblogs.org\/?p=3981\">http:\/\/shamael.noblogs.org\/?p=3981<\/a>, <a href=\"https:\/\/shamael.noblogs.org\/?p=3999\">http:\/\/shamael.noblogs.org\/?p=3999<\/a> e <a href=\"https:\/\/shamael.noblogs.org\/?p=4061\">http:\/\/shamael.noblogs.org\/?p=4061<\/a> e, infine <a href=\"https:\/\/shamael.noblogs.org\/?p=4261\">http:\/\/shamael.noblogs.org\/?p=4261<\/a>.<\/p>\n<p><strong>D.: Cosa accadr\u00e0 ancora?<\/strong><\/p>\n<p><em>R.: I docenti sono stati sistemati <\/em>(<strong>per le feste aggiungiamo noi; e d&#8217;altro canto visto il loro servilismo non si meritano altro<\/strong> ndr)<em>, vanno distribuiti adesso spazi e personale tecnico-amministrativo, valorizzando le competenze dei dipendenti <\/em>(<strong>e continuando a levar loro quattrini dalle tasche, possibilmente, oltre a trattarli come stracci da dare in terra<\/strong> ndr)<em>. L\u2019idea sarebbe di partire a pieno regime subito dopo l\u2019estate <\/em>(<strong>quando saranno finiti irrimediabilmente i quattrini. Che fenomeno questo Criccaboni<\/strong> ndr)<em>&#8220;.<\/em><\/p>\n<p><strong>D.: E i nuovi organi di governo dell\u2019Ateneo? Che tempi sono previsti?<\/strong><\/p>\n<p><em>R.: &#8220;Glielo stavo dicendo, dopo l\u2019estate. Possibilmente prima dell\u2019inizio del prossimo anno accademico&#8221;.<\/em><\/p>\n<p>Noi invece ben prima speriamo che arrivino truppe in divisa a far finire questo scempio infame.<\/p>\n<p><strong>D.: Intendeva anche il nuovo Senato e il nuovo cda?<\/strong><\/p>\n<p><em>R.: &#8220;Certo. La trafila \u00e8 la seguente: ciascun dipartimento elegge il proprio direttore, atto propedeutico all\u2019elezione dei membri del Senato e, infine, all\u2019indicazione dei componenti del consiglio di amministrazione&#8221;.<\/em><\/p>\n<p>O vediamo quanti<strong> inquisiti<\/strong> e<strong> condannati dalla corte dei conti<\/strong> riescono a infilarci, in senato, questa volta. Ma dove sono i Carabinieri?<\/p>\n<p><em>D.: Scompaiono le facolt\u00e0&#8230;<\/em><\/p>\n<p><em>R.: &#8220;&#8230; dovremo saper ben comunicare agli studenti che a Siena non c\u2019\u00e8 pi\u00f9 Economia ma restano i corsi di studio. E cos\u00ec per tutte le altre ex facolt\u00e0&#8221;.<\/em><\/p>\n<p>Esticazzi!!! Finalmente, dopo tante supercazzole arriva anche per la prima volta la parola &#8220;<strong>studenti<\/strong>&#8220;. E pensare che noi ritenevamo che in un&#8217;universit\u00e0 fossero la componente fondamentale. Non avevamo fatto i conti col Cricca &#8230;<\/p>\n<p><strong>Ed ecco i fuochi d&#8217;artificio!!!<\/strong><\/p>\n<p><strong>D.: Nella grande partita del \u00abDipint\u00bb l\u2019Universit\u00e0 non sembra essere protagonista.<\/strong><\/p>\n<p><em>R.: &#8220;Questa \u00e8 una sua interpretazione. L\u2019Ateneo ha giocato un ruolo determinante <\/em>(<strong>s\u00ec, di zerbino, in ordine, della Regione, dell&#8217;AOUS e in definitiva di Paolo Morello Marchese<\/strong> ndr).<em> I \u2018Dipint\u2019 sono stati costituiti solo perch\u00e9 i rettori delle tre Universit\u00e0 toscane hanno collaborato alla messa a punto di questo nuovo modello che consentir\u00e0 di migliorare il supporto alla ricerca e alla didattica. La facolt\u00e0 di Medicina \u00e8 impegnata pertanto in uno sforzo di programmazione importante, pluriennale, che determiner\u00e0 una forte capacit\u00e0 di attrazione&#8221;.<\/em><\/p>\n<p>Verso il baratro, l&#8217;attrazione. D&#8217;avanzo lo sappiamo bene come funziona la facolt\u00e0 di medicina. L\u00ec ci vogliono nemmeno i Carabinieri, ma direttamente i Berretti Verdi (vedi qui <a href=\"https:\/\/shamael.noblogs.org\/?p=3424\">http:\/\/shamael.noblogs.org\/?p=3424<\/a>, qui <a href=\"https:\/\/shamael.noblogs.org\/?p=3746\">http:\/\/shamael.noblogs.org\/?p=3746<\/a> e qui <a href=\"https:\/\/shamael.noblogs.org\/?p=4255\">http:\/\/shamael.noblogs.org\/?p=4255<\/a>).<br \/>\n.<br \/>\n<strong>D.: Per\u00f2 le risorse, si parla di 8 milioni di euro, verranno gestite dall\u2019Azienda ospedaliera. Il cordone della borsa, insomma, lo tiene qualcun altro.<\/strong><\/p>\n<p><em>R.: (Sorride, ndr) Il comitato che decide dell\u2019uso delle risorse \u00e8 formato da rettore, direttore generale del policlinico e preside di Medicina. Credo di averle risposto&#8221;.<\/em><\/p>\n<p>Ma veramente pare di trovarsi al campionato del mondo di<strong> negazione dell&#8217;evidenza.<\/strong> Gli otto milioni li gestisce e continuer\u00e0 a farlo anche sulla base del nuovo protocollo solo ed esclusivamente il caro Morello. L&#8217;hai firmato il protocollo lo dovresti sapere.<\/p>\n<p><strong>D.: A proposito di Medicina: molti noti professionisti vanno in pensione, c\u2019\u00e8 il timore che la crisi dell\u2019Ateneo abbia indebolito anche la facolt\u00e0.<\/strong><\/p>\n<p><em>R.: &#8220;Non \u00e8 vero, facile dare sempre la colpa all\u2019Ateneo. Medicina ha ottimi punti di attrazione, come ogni organizzazione pu\u00f2 avere dei ritardi. Bisogna lavorare su eventuali criticit\u00e0. I segnali positivi sono molteplici&#8221;.<\/em><\/p>\n<p>E vai con la supercazzola! Le uniche due criticit\u00e0 su cui lavorare al momento potete vederle qui sotto<\/p>\n<p><a href=\"https:\/\/shamael.noblogs.org\/files\/2012\/03\/riccaboni-fabbro.jpg\"><img loading=\"lazy\" decoding=\"async\" class=\"alignleft size-full wp-image-4288\" src=\"https:\/\/shamael.noblogs.org\/files\/2012\/03\/riccaboni-fabbro.jpg\" alt=\"\" width=\"170\" height=\"107\" \/><\/a><br \/>\n<strong>D.: Lei ha indicato il 2017 come anno del pareggio: ancora valido?<\/strong><\/p>\n<p><em>R.: &#8220;Una proiezione molto prudente che non tiene conto della ristrutturazione dei mutui e dei milioni del \u2018Dipint\u2019&#8221;.<\/em><\/p>\n<p>E dagli co &#8216;sti milioni del Dipint. Ma l&#8217;hai capito o no che i milioni li vedi giusto giusto dipint sul muro?<\/p>\n<p><strong>D.: Ristrutturazione dei mutui: a che punto siamo?<\/strong><\/p>\n<p><em>R.: &#8220;Dopo il lavoro svolto insieme alla Cassa depositi e prestiti<\/em> (<strong>lavoro che non \u00e8 documentato neanche da un pizzino, quindi se il Cricca avesse la bont\u00e0 di renderlo questo lavoro farebbe niente altro che il suo dovere<\/strong> ndr)<em> \u00e8 venuto fuori un modello<\/em> (<strong>il modello Gi\u00f9Cricca, appunto<\/strong> ndr)<em> che questa intende proporre anche ad altri Atenei italiani in difficolt\u00e0. Siamo degli apripista&#8221;.<\/em><\/p>\n<p>S\u00ec, apripista di slavine. E l&#8217;unico modello che questi due inconcludenti potranno esportare \u00e8 quello del fallimento totale di un&#8217;universit\u00e0 antica di ottocento anni. Bel modello davvero. Comunque anche quell&#8217;altro dissestatore di Roma, il Frati, potrebbe affiancare cotanto modello. Infatti il Frati ha il modello &#8220;figlio&#8221; (vedi qui:<a href=\"http:\/\/www.corriere.it\/cronache\/12_febbraio_28\/carriera-primario-manichini-giacomo-frati-stella_4f7bc0ce-61d4-11e1-9e7f-339fb1d47269.shtml\"> http:\/\/www.corriere.it\/cronache\/12_febbraio_28\/carriera-primario-manichini-giacomo-frati-stella_4f7bc0ce-61d4-11e1-9e7f-339fb1d47269.shtml<\/a>), a Siena c&#8217;\u00e8 il modello &#8220;moglie&#8221;.<\/p>\n<p><strong>D.: Ancora per\u00f2 non c\u2019\u00e8 l\u2019accordo.<\/strong><\/p>\n<p><em>R.: &#8220;Non c\u2019\u00e8.<\/em> (<strong>Ahh!!! Ecco! Ci pareva!<\/strong> ndr)<em> Entro aprile confido nell\u2019arrivo della proposta da portare all\u2019approvazione del cda prima dell\u2019estate. E\u2019 il consiglio ad avere l\u2019ultima parola&#8221;<\/em><\/p>\n<p>Ma la proposta da parte di chi? Forse allude alle riunioni fatte in ragioneria con Marino e Frediani? No, perch\u00e9 a quanto ci risulta il CdA della Banca, che \u00e8 l&#8217;unico che conta e che ha davvero l&#8217;ultima parola non lo ha preso neanche in considerazione, al nostro Cricca. Per ora ha preso in considerazione solo di tagliare un po&#8217; di gente in Banca (a parte la fidanzatina del Bisi). Ma di blocco dei mutui non se ne \u00e8 letto da nessuna parte.<\/p>\n<p>Ora la redazione di Fratello Illuminato si chiede, dopo questa imbarazzante intervista: ma le istituzioni locali dove sono andate a finire? Ma non si vergognano neanche un pochino a consentire a questi due genii dell&#8217;inconcludenza di distruggere tutto quello che c&#8217;\u00e8 rimasto, dopo <strong>Berlinguer<\/strong> e <strong>Tosi,<\/strong> da distruggere (ben poco)? A quando, caro <strong>Ceccuzzi<\/strong> l&#8217;Universit\u00e0 di Siena 2.0? E<strong> Bezzini<\/strong>? Non ha niente da dire?<br \/>\nNoi qualcosa da dire ce l&#8217;abbiamo: levate le tende, Cricca e Fabbro!!! Cercate di capire che queste buffonate non servono pi\u00f9 a mascherare la realt\u00e0. Levatevi di l\u00ec perch\u00e9 pi\u00f9 ci rimanete e peggiore sar\u00e0 la situazione. Fate un gesto di responsabilit\u00e0 prima che ve lo impongano dall&#8217;alto. Non siete immuni solo perch\u00e9 amici della cricchetta ministeriale. Ormai siete smascherati. <strong>Foera dai ball!!!<\/strong><\/p>\n","protected":false},"excerpt":{"rendered":"<p>Imbarazzante intervista alla Nazione di Criccaboni durante la quale veramente ne dice di tutti i colori. Avevamo notato, in settimana, l&#8217;insulsaggine delle dichiarazioni trionfali sulla pubblicazione in gazzetta ufficiale dello statuto con tanto di note di colore tipo: &#8220;Un passo fondamentale per il rilancio dell&#8217;Ateneo&#8221;, ma che si potesse giungere ad aggregare una tale mole [&hellip;]<\/p>\n","protected":false},"author":2063,"featured_media":0,"comment_status":"open","ping_status":"open","sticky":false,"template":"","format":"standard","meta":{"footnotes":""},"categories":[1],"tags":[],"class_list":["post-4286","post","type-post","status-publish","format-standard","hentry","category-general"],"_links":{"self":[{"href":"https:\/\/shamael.noblogs.org\/index.php?rest_route=\/wp\/v2\/posts\/4286","targetHints":{"allow":["GET"]}}],"collection":[{"href":"https:\/\/shamael.noblogs.org\/index.php?rest_route=\/wp\/v2\/posts"}],"about":[{"href":"https:\/\/shamael.noblogs.org\/index.php?rest_route=\/wp\/v2\/types\/post"}],"author":[{"embeddable":true,"href":"https:\/\/shamael.noblogs.org\/index.php?rest_route=\/wp\/v2\/users\/2063"}],"replies":[{"embeddable":true,"href":"https:\/\/shamael.noblogs.org\/index.php?rest_route=%2Fwp%2Fv2%2Fcomments&post=4286"}],"version-history":[{"count":1,"href":"https:\/\/shamael.noblogs.org\/index.php?rest_route=\/wp\/v2\/posts\/4286\/revisions"}],"predecessor-version":[{"id":4289,"href":"https:\/\/shamael.noblogs.org\/index.php?rest_route=\/wp\/v2\/posts\/4286\/revisions\/4289"}],"wp:attachment":[{"href":"https:\/\/shamael.noblogs.org\/index.php?rest_route=%2Fwp%2Fv2%2Fmedia&parent=4286"}],"wp:term":[{"taxonomy":"category","embeddable":true,"href":"https:\/\/shamael.noblogs.org\/index.php?rest_route=%2Fwp%2Fv2%2Fcategories&post=4286"},{"taxonomy":"post_tag","embeddable":true,"href":"https:\/\/shamael.noblogs.org\/index.php?rest_route=%2Fwp%2Fv2%2Ftags&post=4286"}],"curies":[{"name":"wp","href":"https:\/\/api.w.org\/{rel}","templated":true}]}}