{"id":4257,"date":"2012-02-28T09:06:18","date_gmt":"2012-02-28T08:06:18","guid":{"rendered":"http:\/\/shamael.noblogs.org\/?p=4257"},"modified":"2012-02-28T09:06:18","modified_gmt":"2012-02-28T08:06:18","slug":"banche-e-dintorni-i-tre-moschettieri-e-il-moschettiero-occulto-stefano-bisi","status":"publish","type":"post","link":"https:\/\/shamael.noblogs.org\/?p=4257","title":{"rendered":"Banche e dintorni.I Tre Moschettieri (e il Moschettiero occulto: Stefano Bisi)"},"content":{"rendered":"<p><a href=\"https:\/\/shamael.noblogs.org\/files\/2012\/02\/moschettieri.jpg\"><img loading=\"lazy\" decoding=\"async\" class=\"alignleft size-full wp-image-4258\" src=\"https:\/\/shamael.noblogs.org\/files\/2012\/02\/moschettieri.jpg\" alt=\"\" width=\"430\" height=\"372\" srcset=\"https:\/\/shamael.noblogs.org\/files\/2012\/02\/moschettieri.jpg 430w, https:\/\/shamael.noblogs.org\/files\/2012\/02\/moschettieri-300x259.jpg 300w\" sizes=\"auto, (max-width: 430px) 100vw, 430px\" \/><\/a>Era ora. Apprendiamo che i sindacati del <strong>Monte<\/strong> si stanno finalmente muovendo nella giusta direzione e hanno cominciato a mettere nel mirino \u201cnuove\u201d responsabilit\u00e0.<br \/>\nA proposito dei tagli agli stipendi nelle buste paga dei dipendenti del Monte, \u00e8 uscito un nuovo volantino dei sindacati a sigle unite dal titolo \u201cL\u2019alternativa possibile\u201d nel quale, in tema di tagli ai costi, si legge &#8220;prendendo a riferimento in primo luogo, oltre all&#8217;entit\u00e0 delle consulenze esterne, anche le retribuzioni, i benefits ed i privilegi del <strong>Top Management<\/strong>&#8220;.<br \/>\nE bravi, cominciamo a parlare anche di chi prende lauti &#8220;privilegi e benefits&#8221;, giusto per dare la misura della differenza tra questi signori, che in base alla nuova contrazione agli stipendi paventata dal Monte dovranno \u201crinunciare\u201d allo stra-superfluo e la quasi totalit\u00e0 dei normali dipendenti che dovranno, invece, avere un pensiero in pi\u00f9 nel pagare le bollette o il mutuo della casa.<br \/>\nMa proseguiamo con il volantino. In un altro passaggio sempre i sindacati scrivono &#8220;Facendo specifico riferimento alla nostra realt\u00e0 creditizia, si evidenzia inoltre come il numero degli attuali Vice Direttori Generali risulti eccessivo ed ingiustificato sotto il profilo organizzativo&#8221;. Mai considerazione fu pi\u00f9 giusta.<br \/>\nMa notate bene il conflitto di interessi. Da questa affermazione pare evidente che anche ai sindacati sembrino effettivamente troppi quattro vice direttori generali, e chi dovrebbe rivedere in prima battuta una cosa del genere se non l&#8217;ufficio del personale? Ma come si fa a pretendere un&#8217;analisi obiettiva sulla questione se tra i troppi vice direttori generali, guarda caso, c&#8217;\u00e8 anche il capo del personale, <strong>Fabrizio Rossi<\/strong>? E&#8217; un p\u00f2 difficile che si auto tagli e si senta di troppo, non vi pare?<br \/>\nDato che stando a quanto si legge sulla stampa locale e non, gli interventi in materia di contenimento delle spese riguarderanno i dipendenti, ci chiediamo che ruolo abbia avuto e stia avendo nella loro vita lavorativa chi per ruolo da anni ne gestisce le sorti; il Richelieu e gran ciambellano della Rocca, Fabrizio Rossi (che, supponiamo, gi\u00e0 abbondantemente in et\u00e0 da pensione, quindi, perch\u00e9 a proposito di tagli e risparmi non partire proprio con lui?).<br \/>\nMa i sindacati vanno oltre e, giustamente, proseguono dicendo &#8220;La gravit\u00e0 della situazione nei rapporti sindacali, e le misure unilateralmente annunciate sulla riduzione delle spese per il personale, impongono l&#8217;attuazione di decisi segnali di cambiamento anche nella costruzione della nuova squadra da parte del Direttore Viola&#8221;.<br \/>\nPrendendo in prestito un termine che in questo momento va per la maggiore, non ci resta che tradurre questa affermazione in una sola parola: discontinuit\u00e0. Fin da subito.<br \/>\nI sindacati hanno pienamente ragione. Via tutti i vice direttori generali. Non si capisce perch\u00e9, infatti, se a livello di tecnostruttura \u00e8 stato dato il benservito ad Antonio Vigni, la stessa sorte (avendo lavorato con lui in maniera simbiotica) non sia toccata immediatamente anche a loro e, anzi, a quanto ci risulta continuino a stare seduti al loro posto.<br \/>\nE poi. Perch\u00e9 non rendere pubblici gli stipendi di questi vice direttori generali e vedere quanta incidenza sul bilancio hanno (ovviamente comprensivi del variabile e di tutti i benefits)? Non si tratta di fare del facile populismo, solo di pretendere un p\u00f2 di sana trasparenza e correttezza nei confronti di tutti quei dipendenti ai quali verranno chiesti sacrifici per colpe non loro.<br \/>\nLanciamo ai lettori un ultimo quesito interessante. Cosa ne pensano i montepaschini di come \u00e8 stato gestito il personale fino ad oggi da quel Fabrizio Rossi casualmente (ma si sa, Siena \u00e8 una citt\u00e0 dove le casualit\u00e0 sono sempre dietro l\u2019angolo) da sempre viene osannato nelle famose &#8220;fotine&#8221; di<strong> Stefano Bisi<\/strong> (la cui fidanzatina, \u00e8 bene ricordarlo, cara signora <strong>Letizia,<\/strong> \u00e8 stata assunta senza concorso al Monte)? Immaginiamo che Fabrizio Rossi non ne sar\u00e0 del tutto all&#8217;oscuro, oppure no? Che questa assunzione sia sfuggita al controllo del Vice Direttore Generale Vicario? Voi che ne dite?<\/p>\n<p><strong>Prof. Paco Pachese (economista di Oxford)<\/strong><\/p>\n","protected":false},"excerpt":{"rendered":"<p>Era ora. Apprendiamo che i sindacati del Monte si stanno finalmente muovendo nella giusta direzione e hanno cominciato a mettere nel mirino \u201cnuove\u201d responsabilit\u00e0. A proposito dei tagli agli stipendi nelle buste paga dei dipendenti del Monte, \u00e8 uscito un nuovo volantino dei sindacati a sigle unite dal titolo \u201cL\u2019alternativa possibile\u201d nel quale, in tema [&hellip;]<\/p>\n","protected":false},"author":2063,"featured_media":0,"comment_status":"open","ping_status":"open","sticky":false,"template":"","format":"standard","meta":{"footnotes":""},"categories":[1],"tags":[],"class_list":["post-4257","post","type-post","status-publish","format-standard","hentry","category-general"],"_links":{"self":[{"href":"https:\/\/shamael.noblogs.org\/index.php?rest_route=\/wp\/v2\/posts\/4257","targetHints":{"allow":["GET"]}}],"collection":[{"href":"https:\/\/shamael.noblogs.org\/index.php?rest_route=\/wp\/v2\/posts"}],"about":[{"href":"https:\/\/shamael.noblogs.org\/index.php?rest_route=\/wp\/v2\/types\/post"}],"author":[{"embeddable":true,"href":"https:\/\/shamael.noblogs.org\/index.php?rest_route=\/wp\/v2\/users\/2063"}],"replies":[{"embeddable":true,"href":"https:\/\/shamael.noblogs.org\/index.php?rest_route=%2Fwp%2Fv2%2Fcomments&post=4257"}],"version-history":[{"count":1,"href":"https:\/\/shamael.noblogs.org\/index.php?rest_route=\/wp\/v2\/posts\/4257\/revisions"}],"predecessor-version":[{"id":4259,"href":"https:\/\/shamael.noblogs.org\/index.php?rest_route=\/wp\/v2\/posts\/4257\/revisions\/4259"}],"wp:attachment":[{"href":"https:\/\/shamael.noblogs.org\/index.php?rest_route=%2Fwp%2Fv2%2Fmedia&parent=4257"}],"wp:term":[{"taxonomy":"category","embeddable":true,"href":"https:\/\/shamael.noblogs.org\/index.php?rest_route=%2Fwp%2Fv2%2Fcategories&post=4257"},{"taxonomy":"post_tag","embeddable":true,"href":"https:\/\/shamael.noblogs.org\/index.php?rest_route=%2Fwp%2Fv2%2Ftags&post=4257"}],"curies":[{"name":"wp","href":"https:\/\/api.w.org\/{rel}","templated":true}]}}