{"id":4217,"date":"2012-02-23T00:01:46","date_gmt":"2012-02-22T23:01:46","guid":{"rendered":"http:\/\/shamael.noblogs.org\/?p=4217"},"modified":"2012-02-23T00:01:46","modified_gmt":"2012-02-22T23:01:46","slug":"ma-torniamo-a-bomba-sulla-lettera-ricolma-di-reati","status":"publish","type":"post","link":"https:\/\/shamael.noblogs.org\/?p=4217","title":{"rendered":"Ma torniamo a bomba sulla lettera ricolma di reati"},"content":{"rendered":"<p><a href=\"https:\/\/shamael.noblogs.org\/files\/2012\/02\/lorenzone.jpg\"><img loading=\"lazy\" decoding=\"async\" class=\"alignleft size-thumbnail wp-image-4189\" src=\"https:\/\/shamael.noblogs.org\/files\/2012\/02\/lorenzo-150x150.jpg\" alt=\"\" width=\"423\" height=\"423\" \/><\/a>Riproponiamo la lettera ricolma di reati e di irregolarit\u00e0 perch\u00e9 l&#8217;abbiamo riletta con attenzione e ci siamo resi conto di alcune particolarit\u00e0: <strong>1)<\/strong> \u00e8 scritta su carta intestata del direttore amministrativo, organo che<strong> NON HA ALCUNA COMPETENZA<\/strong> sulla questione; <strong>2)<\/strong> l&#8217;italiano \u00e8 sconnesso soprattutto per il fatto che nel primo periodo si parla al plurale (giustamente perch\u00e9 la lettera \u00e8 firmata dal duo dell&#8217;insulsaggine e dell&#8217;illegittimit\u00e0 <strong>Criccaboni &amp; Fabbro<\/strong>), mentre nel secondo periodo si parla al singolare; <strong>3)<\/strong> la prima firma a sinistra (di solito quella del primo firmatario) \u00e8 quella della condannata dalla Corte dei Conti.<\/p>\n<p>Da tutto questo sorgono alcune domande. Non sar\u00e0 mica che la lettera l&#8217;ha scritta la <strong>Fabbro<\/strong> e POI il<strong> Criccaboni<\/strong> \u00e8 stato chiamato a cofirmarla? O forse il Criccaboni, nel suo delirio di onnipotenza, ritiene di essere divenuto uno e trino e quindi \u00e8 caduto in crisi di identit\u00e0? E se invece, come sembra probabile l&#8217;ha scritta la Fabbro, chiediamo come mai si \u00e8 presa una responsabilit\u00e0 del genere? Forse ha ricevuto l&#8217;ispirazione cenando a lume di candela? E come mai tutta questa passione per Frediani?<\/p>\n<p>E a proposito di Frediani notiamo che ha sempre tenuto un profilo basso, tanto che abbiamo avuto difficolt\u00e0 a trovare una sua foto. Poi l&#8217;abbiamo trovata, minuscola, e guardate un po&#8217; &#8230;<\/p>\n<p><a href=\"https:\/\/shamael.noblogs.org\/files\/2012\/02\/frediani.jpg\"><img loading=\"lazy\" decoding=\"async\" class=\"alignleft size-full wp-image-4218\" src=\"https:\/\/shamael.noblogs.org\/files\/2012\/02\/frediani.jpg\" alt=\"\" width=\"420\" height=\"313\" srcset=\"https:\/\/shamael.noblogs.org\/files\/2012\/02\/frediani.jpg 420w, https:\/\/shamael.noblogs.org\/files\/2012\/02\/frediani-300x223.jpg 300w\" sizes=\"auto, (max-width: 420px) 100vw, 420px\" \/><\/a>Indovinate un po&#8217; a chi stringe la mano? Il nome non interessa, ma si tratta del <strong>MARITO DI VERA BENINI<\/strong>! Vi ricordiamo chi \u00e8 Vera Benini:<\/p>\n<p><em>Criccaboni-Benini: \u201cci sono 27 indagati e tra questi qualcuno potrebbe dire qualcosa che non deve dire\u201d. \u201cHo fiducia nel PM che ha ereditato il fascicolo dal dott. Formisano\u201d.<\/em><\/p>\n<p>Tutto chiaro? Siamo sicuri che la cricchetta eviter\u00e0 di rispondere. Siamo altrettanto sicuri che il fatto che non rispondano a noi possa essere agilmente superato di fronte a dei magistrati desiderosi di capirci qualcosa in questo torbido ed oscuro panorama dagli scarsi crismi di legalit\u00e0.<\/p>\n<p>Vorremmo che qualcuno si sbrigasse a porre queste domande visto che siamo sicuri di non essere i soli incuriositi da tutte queste ambiguit\u00e0 che vanno avanti da TROPPO TEMPO. Vediamo di darsi una mossa, eh &#8230;<\/p>\n","protected":false},"excerpt":{"rendered":"<p>Riproponiamo la lettera ricolma di reati e di irregolarit\u00e0 perch\u00e9 l&#8217;abbiamo riletta con attenzione e ci siamo resi conto di alcune particolarit\u00e0: 1) \u00e8 scritta su carta intestata del direttore amministrativo, organo che NON HA ALCUNA COMPETENZA sulla questione; 2) l&#8217;italiano \u00e8 sconnesso soprattutto per il fatto che nel primo periodo si parla al plurale [&hellip;]<\/p>\n","protected":false},"author":2063,"featured_media":0,"comment_status":"open","ping_status":"open","sticky":false,"template":"","format":"standard","meta":{"footnotes":""},"categories":[1],"tags":[],"class_list":["post-4217","post","type-post","status-publish","format-standard","hentry","category-general"],"_links":{"self":[{"href":"https:\/\/shamael.noblogs.org\/index.php?rest_route=\/wp\/v2\/posts\/4217","targetHints":{"allow":["GET"]}}],"collection":[{"href":"https:\/\/shamael.noblogs.org\/index.php?rest_route=\/wp\/v2\/posts"}],"about":[{"href":"https:\/\/shamael.noblogs.org\/index.php?rest_route=\/wp\/v2\/types\/post"}],"author":[{"embeddable":true,"href":"https:\/\/shamael.noblogs.org\/index.php?rest_route=\/wp\/v2\/users\/2063"}],"replies":[{"embeddable":true,"href":"https:\/\/shamael.noblogs.org\/index.php?rest_route=%2Fwp%2Fv2%2Fcomments&post=4217"}],"version-history":[{"count":1,"href":"https:\/\/shamael.noblogs.org\/index.php?rest_route=\/wp\/v2\/posts\/4217\/revisions"}],"predecessor-version":[{"id":4219,"href":"https:\/\/shamael.noblogs.org\/index.php?rest_route=\/wp\/v2\/posts\/4217\/revisions\/4219"}],"wp:attachment":[{"href":"https:\/\/shamael.noblogs.org\/index.php?rest_route=%2Fwp%2Fv2%2Fmedia&parent=4217"}],"wp:term":[{"taxonomy":"category","embeddable":true,"href":"https:\/\/shamael.noblogs.org\/index.php?rest_route=%2Fwp%2Fv2%2Fcategories&post=4217"},{"taxonomy":"post_tag","embeddable":true,"href":"https:\/\/shamael.noblogs.org\/index.php?rest_route=%2Fwp%2Fv2%2Ftags&post=4217"}],"curies":[{"name":"wp","href":"https:\/\/api.w.org\/{rel}","templated":true}]}}