{"id":3905,"date":"2012-01-12T20:16:43","date_gmt":"2012-01-12T19:16:43","guid":{"rendered":"http:\/\/shamael.noblogs.org\/?p=3905"},"modified":"2012-01-12T20:16:43","modified_gmt":"2012-01-12T19:16:43","slug":"ecco-la-prova-provata-dellesistenza-della-cricca-ministeriale-che-appoggia-labusivismo-di-tutti-i-coinvolti","status":"publish","type":"post","link":"https:\/\/shamael.noblogs.org\/?p=3905","title":{"rendered":"Ecco la prova provata dell&#8217;esistenza della cricca ministeriale che appoggia l&#8217;abusivismo di tutti i coinvolti"},"content":{"rendered":"<p><a href=\"https:\/\/shamael.noblogs.org\/files\/2012\/01\/cricca.jpg\"><img loading=\"lazy\" decoding=\"async\" class=\"alignleft size-full wp-image-3906\" src=\"https:\/\/shamael.noblogs.org\/files\/2012\/01\/cricca.jpg\" alt=\"\" width=\"437\" height=\"454\" srcset=\"https:\/\/shamael.noblogs.org\/files\/2012\/01\/cricca.jpg 437w, https:\/\/shamael.noblogs.org\/files\/2012\/01\/cricca-288x300.jpg 288w\" sizes=\"auto, (max-width: 437px) 100vw, 437px\" \/><\/a>Sul <a href=\"http:\/\/www.ilsensodellamisura.com\">blog del Prof. Giovanni Grasso<\/a> \u00e8 apparsa oggi, preceduta da un&#8217;introduzione che vi riproponiamo, una lunga rassegna su tutte le malefatte della cricca abusiva che si \u00e8 impadronita (o meglio: reimpadronita) della gi\u00e0 disastrata universit\u00e0 di Siena. Eccola qua l&#8217;introduzione che condividiamo TOTALMENTE:<\/p>\n<blockquote><p>Cosa riserver\u00e0 il 2012 all\u2019Universit\u00e0 degli Studi di Siena? Per saperlo non occorre essere indovini, \u00e8 sufficiente rileggere alcuni degli articoli pubblicati su questo blog nel 2011, dei quali si riportano di seguito i link, e ricordare la conclusione delle indagini sulle irregolarit\u00e0 nelle elezioni del rettore. Comunque, i titoli da soli indicano quale sar\u00e0 l\u2019argomento forte nelle prossime settimane, riassumibile in una domanda. Chi \u00e8 stato eletto irregolarmente ha la piena legittimit\u00e0 a esercitare le funzioni di rettore? Da considerare, inoltre, che sulla nomina dell\u2019attuale rettore hanno perso la faccia due ex ministri (Berlinguer e Gelmini) e l\u2019ex direttore generale del Miur, Marco Tomasi. L\u2019Ateneo senese, nelle condizioni attuali, pu\u00f2 continuare ad avere una guida priva di credibilit\u00e0, autorevolezza e senso delle istituzioni? E in assenza della revoca dell\u2019atto di nomina, \u00e8 irrealistico pensare, nell\u2019esclusivo interesse dell\u2019Universit\u00e0 di Siena, alla sospensione dell\u2019attuale rettore dalla carica ricoperta?<\/p><\/blockquote>\n<p>Ma c&#8217;\u00e8 di pi\u00f9 e di peggio, se possibile: ecco qua <a href=\"http:\/\/www.lospiffero.com\/buco-della-serratura\/profumo-di-conflitto-di-interessi-2890.html\">un articolo che vale la pena di leggere<\/a> per intero. Tuttavia il paragrafo significativo e rivelatore \u00e8 il seguente:<\/p>\n<blockquote><p>Ma non \u00e8 questo il punto, sottolinea Bellelli. \u00abNon ho dubbi n\u00e9 sulla validit\u00e0 della classifica ministeriale (il Politecnico di Torino \u00e8 un\u2019ottima Universit\u00e0), n\u00e9 su quella del neo-ministro. Per\u00f2\u00bb. Gi\u00e0, c\u2019\u00e8 un per\u00f2. E un interrogativo. Avr\u00e0 avuto qualche influenza il fatto che <strong>Marco Tomasi<\/strong>, <strong>ex direttore amministrativo del Politecnico<\/strong> e storico \u201cuomo di fiducia\u201d di Profumo nel 2010 sia assurto alla carica di direttore generale di Viale Trastevere? \u00abNella classifica dell\u2019agenzia internazionale <a href=\"http:\/\/www.topuniversities.com\/university-rankings\/world-university-rankings\/2011\" target=\"_blank\">QS<\/a>\u00a0\u2013 riferisce il professore &#8211; la prima Universit\u00e0 italiana \u00e8<strong><\/strong> Bologna (al 183mo posto, dopo Francoforte ma prima di Goteborg), seguita da Roma Sapienza al 210\u00b0 posto e poi da Padova (263\u00b0), Milano, Pisa, Firenze, Roma Tor Vergata, Napoli Federico II, e finalmente, se Dio vuole, il Politecnico di Torino, ben oltre il 450\u00b0 posto\u00bb. Evidentemente, i criteri alla base delle due rilevazioni sono differenti. Da qui un paio di suggerimenti al ministro. \u00abPrudenza con queste pretese meritocratiche perch\u00e9 il rischio di sbagliarsi \u00e8 grosso e i danni in caso di errore possono essere irreparabili. Un altro? Lasciar perdere le valutazioni del Ministero che sanno un po\u2019 di fatto in casa, per gli amici, e prendersi quelle delle agenzie internazionali: si risparmiano un sacco di soldi (valutare costa) e si fa pi\u00f9 bella figura\u00bb.<\/p><\/blockquote>\n<p>Quindi, riassumiamo: esiste un filo conduttore fra <strong>Luigi Berlinguer, Francesco Profumo, Maria Stella Gelmini, Marco Tomasi, Ines Fabbro<\/strong> e <strong>Angelo Riccaboni.<\/strong> Tutti, e intendiamo <strong>tutti<\/strong> questi hanno <strong>conflitti di interesse<\/strong>, sono affetti da<strong> abusivismo<\/strong> grave, cercano &#8211; riuscendoci coi sistemi da cricca &#8211; di mettere il culo su pi\u00f9 poltrone possibili, <strong>giocando sporco<\/strong>, spendendo<strong> denaro pubblico<\/strong>, <strong>barando<\/strong> e <strong>mischiando le carte in tavola<\/strong> con metodi proprio da <strong>cricca<\/strong>. Basta leggere il testo sopra quando parla dell&#8217;uso a dir poco disinvolto dei metodi di valutazione (di cos&#8217;era presidente l&#8217;attuale rettore abusivo? <strong>Nucleo di Valutazione<\/strong> e <strong>Cresco<\/strong> altri due sistemi per evitare di ricorrere a classifiche ben pi\u00f9 serie) per avvantaggiare i propri clienti, s\u00e9 stessi e, pi\u00f9 in generale, appunto, la <strong>cricca<\/strong>. Nessuno di questi personaggi qui raffigurati \u00e8 legittimato &#8211; per un motivo o per un altro &#8211; a essere dove \u00e8. La redazione di Fratello Illuminato suggerisce al<strong> sobrio Mario Monti<\/strong> (e come dice Travaglio pensate a cosa avrebbe fatto se avesse bevuto!) di liberarsi immediatamente di questo ministro evidentemente in conflitto di interessi ed evidente continuatore dell&#8217;azione perversa e dissennata della fisica dei quanti nonch\u00e9 mendace testimone presso la Procura della Repubblica di Siena Maria Stella Gelmini (a proposito: Magistrati senesi quando la riconvocate a Siena per farvi spiegare il perch\u00e9 di quelle infami bugie che vi ha raccontato? Tenete presente che il padre della vostra ex collega, Prof. <strong>Donato Firrao<\/strong> indovinate dove insegna? <strong>Politecnico di Torino<\/strong>). E gi\u00e0 che ci siamo: rimuovete immediatamente <strong>abusivo e maestra elementare condannata dalla Corte dei conti.<\/strong><\/p>\n","protected":false},"excerpt":{"rendered":"<p>Sul blog del Prof. Giovanni Grasso \u00e8 apparsa oggi, preceduta da un&#8217;introduzione che vi riproponiamo, una lunga rassegna su tutte le malefatte della cricca abusiva che si \u00e8 impadronita (o meglio: reimpadronita) della gi\u00e0 disastrata universit\u00e0 di Siena. Eccola qua l&#8217;introduzione che condividiamo TOTALMENTE: Cosa riserver\u00e0 il 2012 all\u2019Universit\u00e0 degli Studi di Siena? Per saperlo [&hellip;]<\/p>\n","protected":false},"author":2063,"featured_media":0,"comment_status":"open","ping_status":"open","sticky":false,"template":"","format":"standard","meta":{"footnotes":""},"categories":[1],"tags":[],"class_list":["post-3905","post","type-post","status-publish","format-standard","hentry","category-general"],"_links":{"self":[{"href":"https:\/\/shamael.noblogs.org\/index.php?rest_route=\/wp\/v2\/posts\/3905","targetHints":{"allow":["GET"]}}],"collection":[{"href":"https:\/\/shamael.noblogs.org\/index.php?rest_route=\/wp\/v2\/posts"}],"about":[{"href":"https:\/\/shamael.noblogs.org\/index.php?rest_route=\/wp\/v2\/types\/post"}],"author":[{"embeddable":true,"href":"https:\/\/shamael.noblogs.org\/index.php?rest_route=\/wp\/v2\/users\/2063"}],"replies":[{"embeddable":true,"href":"https:\/\/shamael.noblogs.org\/index.php?rest_route=%2Fwp%2Fv2%2Fcomments&post=3905"}],"version-history":[{"count":2,"href":"https:\/\/shamael.noblogs.org\/index.php?rest_route=\/wp\/v2\/posts\/3905\/revisions"}],"predecessor-version":[{"id":3908,"href":"https:\/\/shamael.noblogs.org\/index.php?rest_route=\/wp\/v2\/posts\/3905\/revisions\/3908"}],"wp:attachment":[{"href":"https:\/\/shamael.noblogs.org\/index.php?rest_route=%2Fwp%2Fv2%2Fmedia&parent=3905"}],"wp:term":[{"taxonomy":"category","embeddable":true,"href":"https:\/\/shamael.noblogs.org\/index.php?rest_route=%2Fwp%2Fv2%2Fcategories&post=3905"},{"taxonomy":"post_tag","embeddable":true,"href":"https:\/\/shamael.noblogs.org\/index.php?rest_route=%2Fwp%2Fv2%2Ftags&post=3905"}],"curies":[{"name":"wp","href":"https:\/\/api.w.org\/{rel}","templated":true}]}}