{"id":3198,"date":"2011-09-16T09:47:45","date_gmt":"2011-09-16T07:47:45","guid":{"rendered":"http:\/\/shamael.noblogs.org\/?p=3198"},"modified":"2011-09-16T09:48:44","modified_gmt":"2011-09-16T07:48:44","slug":"i-costi-della-politica-le-province-domandona-a-simone-bezzini-incarichi-professionali-e-il-diritto-di-successione","status":"publish","type":"post","link":"https:\/\/shamael.noblogs.org\/?p=3198","title":{"rendered":"I costi della politica: Le province. Domandona a Simone Bezzini: incarichi professionali e il diritto di successione"},"content":{"rendered":"<p><a href=\"https:\/\/shamael.noblogs.org\/files\/2011\/09\/Conti.jpg\"><img loading=\"lazy\" decoding=\"async\" class=\"alignleft size-thumbnail wp-image-3199\" src=\"https:\/\/shamael.noblogs.org\/files\/2011\/09\/Conti-150x150.jpg\" alt=\"\" width=\"150\" height=\"150\" \/><\/a><a href=\"https:\/\/shamael.noblogs.org\/files\/2011\/09\/431686-bezzini.jpg\"><img loading=\"lazy\" decoding=\"async\" class=\"alignleft size-thumbnail wp-image-3162\" src=\"https:\/\/shamael.noblogs.org\/files\/2011\/09\/431686-bezzini-150x150.jpg\" alt=\"\" width=\"150\" height=\"150\" \/><\/a>Caro Bezzini, in attesa di riscontrare l\u2019avvenuta cessazione dell\u2019incarico di portavoce alla titolare della Robespierre Sas (<a href=\"https:\/\/shamael.noblogs.org\/?p=3179\">http:\/\/shamael.noblogs.org\/?p=3179<\/a>) formuliamo una domandona che rientra in pieno e con coerenza all\u2019interno del suo proclama contro l\u2019abolizione delle province: &#8220;Se aboliscono le province &#8230; sorgeranno carrozzoni soggetti a spartizione partitica&#8221;.<\/p>\n<p>La vicenda oggetto della domanda si svolge tra il 2005 e il 2007 presso l\u2019ente di cui oggi Lei \u00e8 presidente: infatti la sua elezione a presidente della Provincia di Siena \u00e8 del giugno 2009 e il suo predecessore era Fabio Ceccherini, sempre esponente del PD.<\/p>\n<p>Nel biennio 2005-2007 l\u2019esponente del PD Riccardo Conti era Assessore Regionale della Toscana e il 2 febbraio 2005 lo stesso Conti presiede in qualit\u00e0 di assessore un convegno dal tema \u201cIl Nuovo Piano di Indirizzo Territoriale Discussione e analisi con gli enti locali\u201d,\u00a0 tra i partecipanti dell\u2019evento era previsto l\u2019intervento dell\u2019urbanista Silvia Viviani. (<a href=\"http:\/\/www.rete.toscana.it\/sett\/pta\/manifestazioni\/territorio0205.htm\">http:\/\/www.rete.toscana.it\/sett\/pta\/manifestazioni\/territorio0205.htm<\/a>)<\/p>\n<p>Attualmente Riccardo Conti \u00e8 coordinatore nazionale per le infrastrutture del Partito Democratico. Inoltre \u00e8 consigliere di amministrazione della societ\u00e0 F2i (Fondo Italiano per le Infrastrutture) in rappresentanza della Fondazione Monte dei Paschi; e non solo: Riccardo Conti \u00e8 consigliere di Gesac (la societ\u00e0 che gestisce l\u2019aereoporto di Napoli) in rappresentanza di F2i. Si vede che \u00e8 un esperto di infrastrutture!!!<\/p>\n<p>Riccardo Conti insieme a Silvia Viviani fanno parte dell\u2019associazione Romano Viviani (<a href=\"http:\/\/associazioneviviani.org\/index.php?option=com_content&amp;view=article&amp;id=55&amp;Itemid=55\">http:\/\/associazioneviviani.org\/index.php?option=com_content&amp;view=article&amp;id=55&amp;Itemid=55<\/a>), associazione costituita in onore dell\u2019architetto Romano Viviani (padre di Silvia) deceduto all\u2019et\u00e0 di 79 anni nel 2006.<\/p>\n<p>Radio Gossip Florence sostiene che Riccardo Conti e Silvia Viviani abbiano una relazione personale che esisteva anche nel 2005. Ma questa \u00e8 un\u2019altra storia: affari loro; noi non facciamo gossip. Mai dividere quello che l\u2019amore unisce.<\/p>\n<p>Ci stavamo dimenticando che tra le deleghe che seguiva tra il 2005 e il 2007 Riccardo Conti c\u2019era anche quella inerente l\u2019aereoporto di Ampugnano.<\/p>\n<p>Arriviamo quindi all\u2019oggetto della domandona al nostro amato Presidente Bezzini.<\/p>\n<p>&#8211; Il 28 dicembre 2005 (in pieno Natale) con atto n. 1653\/1813 L\u2019Amministrazione provinciale di Siena stabilisce &#8220;Affidamento all\u2019architetto Romano Viviani dell\u2019incarico professionale di responsabile esterno dell\u2019aggiornamento e adeguamento al PIT e alla legge regionale 3 gennaio 2005 n. 1 del Piano Territoriale di Coordinamento della Provincia di Siena&#8221;.<br \/>\nL&#8217;importo dell&#8217;incarico affidato &#8220;mediante trattativa privata senza preliminare pubblicazione di un bando di gara&#8221; risultava essere di &#8220;euro 217.872,00 &#8230; da coprire con il Fondo progettazione opere pubbliche-contributo MPS bilancio 2005,impegno n. 9110&#8221;.<\/p>\n<p>&#8211; Il giorno 4 giugno del 2007 con atto n. 678\/734 l&#8217;amministrazione provinciale di Siena decide &#8220;Incarico professionale esterno di progettista della revisione generale del Piano territoriale di coordinamento della Provincia di Siena. Annullamento del precedente impegno di spesa assunto a favore dell&#8217;architetto Romano Viviani ed assunzione di nuovo impegno di spesa a favore dell&#8217;architetto Silvia Viviani&#8221;.<br \/>\nRicordatevi l&#8217;importo del precedente impegno di spese (per lo stesso oggetto dell&#8217;incarico) perch\u00e9 per Silvia Viviani l&#8217;importo e&#8217; aumentato e risulta nell&#8217;atto pari a &#8220;euro 256.200,00 imputandola come segue: &#8230; euro 250.000,00 al capitolo 48401 contributo MPS ed euro 6.200,00 al capitolo 91301 contributo MPS&#8221;<\/p>\n<p>Caro Bezzini, la stranezza di questa &#8220;successione familiare&#8221; in un incarico di un ente pubblico ci lascia perplessi e smarriti, ma ancor di pi\u00f9 quando vediamo che l&#8217;importo dell&#8217;incarico aumenta (anche se l&#8217;oggetto \u00e8 lo stesso) e ancora di pi\u00f9 perplessi quando leggiamo tra le motivazioni che l&#8217;incarico a Silvia Viviani \u00e8 stato affidato &#8220;constatato che le attivit\u00e0 in oggetto sono state avviate nella loro fase iniziale da un gruppo di lavoro, coordinato da Romano Viviani, nella sua qualit\u00e0 di responsabile esterno della redazione del nuovo PTC di Siena e che di tale gruppo di lavoro, fattivamente impegnato nel processo di revisione del PTC di Siena, \u00e8 stata componente attiva l&#8217;arch. Silvia Viviani&#8221; &#8230; e ancora &#8220;precisato che Romano Viviani non ha richiesto alcun compenso, in quanto l&#8217;attivit\u00e0 \u00e8 stata meramente preliminare all&#8217;oggetto specifico dell&#8217;incarico, non concretizzatesi n\u00e9 in documenti formalmente rilevanti n\u00e9 in altro tipo di apporto professionale di minima utilit\u00e0 per l&#8217;Amministrazione provinciale &#8230; Preso atto del venir meno del rapporto contrattuale col professionista incaricato a causa del decesso del Prof Romano Viviani&#8221;.<\/p>\n<p>Anche se non eri presidente a quel tempo, per\u00f2 caro Bezzini a tutela dell&#8217;ente una verifica urgente di questa vicenda dovresti farla velocemente e sarebbe il caso di sottoporre la questione agli organi preposti. Perch\u00e9, caro Bezzini, il problema formale non \u00e8 al momento dell&#8217;incarico al Prof. Romano Viviani, ma in tutto quello che accade successivamente e quindi oltre a spiegare a noi ignoranti &#8220;il diritto familiare&#8221; negli incarichi pubblici, dovresti fare alcune verifiche e divulgarle ai cittadini che pagano le tasse e che mantengono in piedi l&#8217;ente di cui sei presidente.<\/p>\n<p>Verifiche da fare:<\/p>\n<p>1) I rapporti istituzionali stabiliti per legge tra la giunta regionale della Toscana e &#8220;amministrazione provinciale di Siena in merito alla definizione del PTC.<br \/>\n2) Oltre all&#8217;incarico avuto &#8220;per successione&#8221;, l&#8217;architetto Silvia Viviani aveva o ha altri incarichi presso l&#8217;amministrazione provinciale?<br \/>\n3) Potrebbe caro Bezzini verificare quanti curricula sono stati richiesti dall&#8217;ente provincia prima di affidare gli incarichi in oggetto?<\/p>\n<p>Non ci resta che piangere (come dicevano Benigni e Troisi) anche se ci sarebbe da affermare con giusta causa che in virt\u00f9 di quanto avviene \u00e8 meglio abolirle le province. Come diceva il Bezzini: &#8220;se aboliscono le province&#8230; sorgeranno carrozzoni soggetti alla spartizione partitica&#8221;.<\/p>\n<p>Esatto: con l&#8217;abolizione delle province si corre il rischio di lasciare campo libero ai partiti nella gestione degli incarichi.Ora invece sono delle anime candide e attenti alla difesa della famiglia (meglio della Chiesa cattolica).<\/p>\n","protected":false},"excerpt":{"rendered":"<p>Caro Bezzini, in attesa di riscontrare l\u2019avvenuta cessazione dell\u2019incarico di portavoce alla titolare della Robespierre Sas (http:\/\/shamael.noblogs.org\/?p=3179) formuliamo una domandona che rientra in pieno e con coerenza all\u2019interno del suo proclama contro l\u2019abolizione delle province: &#8220;Se aboliscono le province &#8230; sorgeranno carrozzoni soggetti a spartizione partitica&#8221;. La vicenda oggetto della domanda si svolge tra il [&hellip;]<\/p>\n","protected":false},"author":2063,"featured_media":0,"comment_status":"open","ping_status":"open","sticky":false,"template":"","format":"standard","meta":{"footnotes":""},"categories":[1],"tags":[98,318,317],"class_list":["post-3198","post","type-post","status-publish","format-standard","hentry","category-general","tag-bezzini","tag-diritto-di-successione","tag-incarichi"],"_links":{"self":[{"href":"https:\/\/shamael.noblogs.org\/index.php?rest_route=\/wp\/v2\/posts\/3198","targetHints":{"allow":["GET"]}}],"collection":[{"href":"https:\/\/shamael.noblogs.org\/index.php?rest_route=\/wp\/v2\/posts"}],"about":[{"href":"https:\/\/shamael.noblogs.org\/index.php?rest_route=\/wp\/v2\/types\/post"}],"author":[{"embeddable":true,"href":"https:\/\/shamael.noblogs.org\/index.php?rest_route=\/wp\/v2\/users\/2063"}],"replies":[{"embeddable":true,"href":"https:\/\/shamael.noblogs.org\/index.php?rest_route=%2Fwp%2Fv2%2Fcomments&post=3198"}],"version-history":[{"count":2,"href":"https:\/\/shamael.noblogs.org\/index.php?rest_route=\/wp\/v2\/posts\/3198\/revisions"}],"predecessor-version":[{"id":3201,"href":"https:\/\/shamael.noblogs.org\/index.php?rest_route=\/wp\/v2\/posts\/3198\/revisions\/3201"}],"wp:attachment":[{"href":"https:\/\/shamael.noblogs.org\/index.php?rest_route=%2Fwp%2Fv2%2Fmedia&parent=3198"}],"wp:term":[{"taxonomy":"category","embeddable":true,"href":"https:\/\/shamael.noblogs.org\/index.php?rest_route=%2Fwp%2Fv2%2Fcategories&post=3198"},{"taxonomy":"post_tag","embeddable":true,"href":"https:\/\/shamael.noblogs.org\/index.php?rest_route=%2Fwp%2Fv2%2Ftags&post=3198"}],"curies":[{"name":"wp","href":"https:\/\/api.w.org\/{rel}","templated":true}]}}