{"id":3107,"date":"2011-09-07T11:58:36","date_gmt":"2011-09-07T09:58:36","guid":{"rendered":"http:\/\/shamael.noblogs.org\/?p=3107"},"modified":"2011-09-07T12:16:44","modified_gmt":"2011-09-07T10:16:44","slug":"dichiarazione-spontanea-e-ufficiale-%e2%80%9cnon-siamo-stati-noi%e2%80%9d","status":"publish","type":"post","link":"https:\/\/shamael.noblogs.org\/?p=3107","title":{"rendered":"Dichiarazione spontanea e ufficiale: \u201cNON SIAMO STATI NOI!!!\u201d"},"content":{"rendered":"<p><a href=\"https:\/\/shamael.noblogs.org\/files\/2011\/09\/pirati.jpg\"><img loading=\"lazy\" decoding=\"async\" class=\"alignleft size-thumbnail wp-image-3108\" src=\"https:\/\/shamael.noblogs.org\/files\/2011\/09\/pirati-150x150.jpg\" alt=\"\" width=\"150\" height=\"150\" \/><\/a>Nella notte tra\u00a0\u00a0sabato 2 e\u00a0\u00a0domenica 3 settembre due amici, esperti radioamatori e specializzati nel conteggio delle antenne dei grilli, si trovavano nelle notturne vegetazioni naturali nei dintorni di Monsindoli: impegnati appunto nel conteggio delle antenne dei grilli. I due amici, Mizio e Tazio, si muovevano nel notturno separatamente e per comunicare nella distanza separatrice utilizzavano la radio (da veri esperti radioamatori). All\u2019improvviso, mentre comunicavano attraverso la banda HF, dentro lo spettro elettromagnetico un altro tipo di spettro faceva capolino. I due sconvolti da questa presenza improvvisa e anomala, e ancor di pi\u00f9 sconvolti dalla voce strana che disturbava le loro, cominciarono a sudare freddo: una sorta di paura preoccupante per la biancheria intima dei due grillologi.<\/p>\n<p>Cosa stava succedendo ai due amici? I grillologi incolpevolmente erano capitati in un luogo dove quella notte un gruppo ristretto di mezzi alcolizzati e pieni esaltati, come loro consuetudine, stavano celebrando in cerchio l\u2019invocazione a satana. Probabilmente questi invocatori patologici da quanto erano pieni di alcolici non avevano trovato la forza per riportare tra di loro satana e stranamente la loro invocazione aveva riportato nell\u2019oggi un certo Udu, un barbaro dell\u2019anno 270 (e non del 1270) appartenete alla trib\u00f9 barbara dei Burgundi. Lo spettro e la voce del barbaro Udu si erano impossessati della comunicazione radioamatoriale e forse per una sorta di ritorsione,provocata anche dalle sputtanate del nostro blog, il medesimo barbaro approfittando dei due amici si \u00e8 lasciato andare in una ferma e storica rivendicazione dell\u2019innocenza dei barbari in merito al furto del \u201ctetto dell\u2019Abbazia di San Galgano\u201d. Vi ricordate che il semiologo di Via Roma 56 Omar Calabrese, con supponenza, aveva asserito che il tetto dell\u2019Abbazia di San Galgano era stato trafugato dai barbari? Proprio quella:\u00a0\u00a0la stessa che ha fatto incazzare i barbari e gli stessi pur di affermarlo, rompendo\u00a0\u00a0i confini dell\u2019oltretomba, hanno consegnato a Mizio e Tazio (assidui lettori del nostro blog) un\u2019intervista esclusiva ribadendo che \u201cNon sono stati i barbari a trafugare il tetto di San Galgano(come asserito dal semiologo di Via Roma 56) per un motivo palesemente certificato: le invasioni barbariche sono esistite tra l\u2019anno 166 e l\u2019anno 476, mentre la costruzione dell\u2019Abbazia di San Galgano ebbe inizio nel 1218 &#8230; pi\u00f9 chiaro di cos\u00ec..\u201d<\/p>\n<p><strong>Ecco a voi in anteprima planetaria l\u2019intervista che il barbaro Udu della trib\u00f9 dei Burgundi ha rilasciato a Mizio e Tazio.<\/strong><\/p>\n<p><strong>Domanda.<\/strong> Udu, anzi barbaro Udu, dalle poche parole che abbiamo intuito appare evidente che i barbari sono incazzati con le affermazioni colpevolizzanti contro di voi fatte dal semiologo di Via Roma 56 accusandovi di aver trafugato il tetto dell\u2019Abbazia di San Galgano?<\/p>\n<p><strong>Risposta.<\/strong> Uuu, gra gru &#8230; ma che burgate dice questo semiolugu!!! Nou siamo stati barbaru brutali e sanguinari \u2026 anche sui vustru libri di storia \u00e8 scritto cos\u00ec. E non negu questu. Voi moderni per\u00f2 siete strani, soprattutto in quel di Via Roma 56. Di questu semiolugu non avevamo mai captato nullu dal mondo lontano dell\u2019oltretomba. Perch\u00e9 deve lanciare false accuse nei nostri confronti? Ci deve chiedere scusa.<\/p>\n<p><strong>Domanda<\/strong>. Siete sicuri della vostra innocenza?<\/p>\n<p>Risposta. E\u2019 tutto scrittu e testimoniato. Noi non siamo stati. Probabilmente il semiolugu si sar\u00e0 confusu dopo aver visto quel film \u201cLe Invasioni barbariche\u201d(perch\u00e9 noi dall\u2019oltretomba seguiamo tutto di voi moderni) e distratto dalle ricordanze cinematografiche gli sar\u00e0 sfuggita questa cazzata ipergalattica.<\/p>\n<p><strong>Domanda<\/strong>. Avete intenzione di presentare denuncia per diffamazione?<\/p>\n<p><strong>Risposta<\/strong>. Non ci pensiamu nemmeno. Il problema \u00e8 tuttu vostru: unu che spara queste burgate lo fate ancora insegnaru all\u2019universit\u00e0? Una domanda se posso\u2026.<\/p>\n<p><strong>Domanda<\/strong>. Ci dica Ubu..prego.<\/p>\n<p><strong>Risposta<\/strong>. Ma quei barbari che hanno saccheggiato l\u2019ateneo senese a quale trib\u00f9 appartengono?<\/p>\n<p>Zzzz..fd..d.fd.sf.ds\u2026si interrompe la comunicazione\u2026craz zazzz\u2026spraz<\/p>\n","protected":false},"excerpt":{"rendered":"<p>Nella notte tra\u00a0\u00a0sabato 2 e\u00a0\u00a0domenica 3 settembre due amici, esperti radioamatori e specializzati nel conteggio delle antenne dei grilli, si trovavano nelle notturne vegetazioni naturali nei dintorni di Monsindoli: impegnati appunto nel conteggio delle antenne dei grilli. I due amici, Mizio e Tazio, si muovevano nel notturno separatamente e per comunicare nella distanza separatrice utilizzavano [&hellip;]<\/p>\n","protected":false},"author":2063,"featured_media":0,"comment_status":"open","ping_status":"open","sticky":false,"template":"","format":"standard","meta":{"footnotes":""},"categories":[1],"tags":[289,83,291,290],"class_list":["post-3107","post","type-post","status-publish","format-standard","hentry","category-general","tag-barbari","tag-dissestatori","tag-san-galgano","tag-semiologi"],"_links":{"self":[{"href":"https:\/\/shamael.noblogs.org\/index.php?rest_route=\/wp\/v2\/posts\/3107","targetHints":{"allow":["GET"]}}],"collection":[{"href":"https:\/\/shamael.noblogs.org\/index.php?rest_route=\/wp\/v2\/posts"}],"about":[{"href":"https:\/\/shamael.noblogs.org\/index.php?rest_route=\/wp\/v2\/types\/post"}],"author":[{"embeddable":true,"href":"https:\/\/shamael.noblogs.org\/index.php?rest_route=\/wp\/v2\/users\/2063"}],"replies":[{"embeddable":true,"href":"https:\/\/shamael.noblogs.org\/index.php?rest_route=%2Fwp%2Fv2%2Fcomments&post=3107"}],"version-history":[{"count":3,"href":"https:\/\/shamael.noblogs.org\/index.php?rest_route=\/wp\/v2\/posts\/3107\/revisions"}],"predecessor-version":[{"id":3110,"href":"https:\/\/shamael.noblogs.org\/index.php?rest_route=\/wp\/v2\/posts\/3107\/revisions\/3110"}],"wp:attachment":[{"href":"https:\/\/shamael.noblogs.org\/index.php?rest_route=%2Fwp%2Fv2%2Fmedia&parent=3107"}],"wp:term":[{"taxonomy":"category","embeddable":true,"href":"https:\/\/shamael.noblogs.org\/index.php?rest_route=%2Fwp%2Fv2%2Fcategories&post=3107"},{"taxonomy":"post_tag","embeddable":true,"href":"https:\/\/shamael.noblogs.org\/index.php?rest_route=%2Fwp%2Fv2%2Ftags&post=3107"}],"curies":[{"name":"wp","href":"https:\/\/api.w.org\/{rel}","templated":true}]}}