{"id":3045,"date":"2011-08-28T23:08:28","date_gmt":"2011-08-28T21:08:28","guid":{"rendered":"http:\/\/shamael.noblogs.org\/?p=3045"},"modified":"2011-08-28T23:08:28","modified_gmt":"2011-08-28T21:08:28","slug":"ma-nemmeno-una-parola","status":"publish","type":"post","link":"https:\/\/shamael.noblogs.org\/?p=3045","title":{"rendered":"Ma nemmeno una parola?"},"content":{"rendered":"<p><a href=\"https:\/\/shamael.noblogs.org\/files\/2011\/08\/tosi.jpg\"><img loading=\"lazy\" decoding=\"async\" class=\"alignleft size-thumbnail wp-image-3042\" src=\"https:\/\/shamael.noblogs.org\/files\/2011\/08\/tosi-150x150.jpg\" alt=\"\" width=\"150\" height=\"150\" \/><\/a><a href=\"https:\/\/shamael.noblogs.org\/files\/2011\/08\/berlinguer_gelminiR375.jpg\"><img loading=\"lazy\" decoding=\"async\" class=\"alignleft size-thumbnail wp-image-3041\" src=\"https:\/\/shamael.noblogs.org\/files\/2011\/08\/berlinguer_gelminiR375-150x150.jpg\" alt=\"\" width=\"150\" height=\"150\" \/><\/a><a href=\"https:\/\/shamael.noblogs.org\/files\/2011\/08\/Libro-su-Berlinguer.jpg\"><img loading=\"lazy\" decoding=\"async\" class=\"alignleft size-thumbnail wp-image-3046\" src=\"https:\/\/shamael.noblogs.org\/files\/2011\/08\/Libro-su-Berlinguer-150x150.jpg\" alt=\"\" width=\"150\" height=\"150\" \/><\/a>Ci viene spontanea una domanda da fare a Luigi Berlinguer, ex rettore dell&#8217;Universit\u00e0 di Siena, ex Ministro, ex membro del CSM e ora europarlamentare nonch\u00e9 presidente della commissione di garanzia sul caso Penati: ma come \u00e8 possibile che non dica una parola, una, sui dissestatori dell&#8217;Universit\u00e0 di Siena, sullo spaventoso uco di bilancio e sulle responsabilit\u00e0 di chi lo ha causato? Come mai? E gi\u00e0 che ci siamo perch\u00e9 non aiuta, visto che il celebrato \u00e8 lui, Maurizio Boldrini a riportare i famosi soldi per i libri in suo onore ordinati da Boldrini e Tosi? Come se non ci fosse mai stato a Siena! Su! Su! Caro Berlinguer, ci dica qualcosa, si esprima, parli. Che ne pensa del dissesto della sua ex universit\u00e0? Oppure pensa che 270.000.000 di euro (inclusi i 26.000 spesi per i volumi in suo onore) se li siano portati via i marziani?<\/p>\n","protected":false},"excerpt":{"rendered":"<p>Ci viene spontanea una domanda da fare a Luigi Berlinguer, ex rettore dell&#8217;Universit\u00e0 di Siena, ex Ministro, ex membro del CSM e ora europarlamentare nonch\u00e9 presidente della commissione di garanzia sul caso Penati: ma come \u00e8 possibile che non dica una parola, una, sui dissestatori dell&#8217;Universit\u00e0 di Siena, sullo spaventoso uco di bilancio e sulle [&hellip;]<\/p>\n","protected":false},"author":2063,"featured_media":0,"comment_status":"open","ping_status":"open","sticky":false,"template":"","format":"standard","meta":{"footnotes":""},"categories":[1],"tags":[],"class_list":["post-3045","post","type-post","status-publish","format-standard","hentry","category-general"],"_links":{"self":[{"href":"https:\/\/shamael.noblogs.org\/index.php?rest_route=\/wp\/v2\/posts\/3045","targetHints":{"allow":["GET"]}}],"collection":[{"href":"https:\/\/shamael.noblogs.org\/index.php?rest_route=\/wp\/v2\/posts"}],"about":[{"href":"https:\/\/shamael.noblogs.org\/index.php?rest_route=\/wp\/v2\/types\/post"}],"author":[{"embeddable":true,"href":"https:\/\/shamael.noblogs.org\/index.php?rest_route=\/wp\/v2\/users\/2063"}],"replies":[{"embeddable":true,"href":"https:\/\/shamael.noblogs.org\/index.php?rest_route=%2Fwp%2Fv2%2Fcomments&post=3045"}],"version-history":[{"count":1,"href":"https:\/\/shamael.noblogs.org\/index.php?rest_route=\/wp\/v2\/posts\/3045\/revisions"}],"predecessor-version":[{"id":3047,"href":"https:\/\/shamael.noblogs.org\/index.php?rest_route=\/wp\/v2\/posts\/3045\/revisions\/3047"}],"wp:attachment":[{"href":"https:\/\/shamael.noblogs.org\/index.php?rest_route=%2Fwp%2Fv2%2Fmedia&parent=3045"}],"wp:term":[{"taxonomy":"category","embeddable":true,"href":"https:\/\/shamael.noblogs.org\/index.php?rest_route=%2Fwp%2Fv2%2Fcategories&post=3045"},{"taxonomy":"post_tag","embeddable":true,"href":"https:\/\/shamael.noblogs.org\/index.php?rest_route=%2Fwp%2Fv2%2Ftags&post=3045"}],"curies":[{"name":"wp","href":"https:\/\/api.w.org\/{rel}","templated":true}]}}