{"id":2998,"date":"2011-08-18T22:07:10","date_gmt":"2011-08-18T20:07:10","guid":{"rendered":"http:\/\/shamael.noblogs.org\/?p=2998"},"modified":"2011-08-19T21:50:14","modified_gmt":"2011-08-19T19:50:14","slug":"stefano-bisi-si-prepara-a-lanciare-la-candidatura-di-gian-maria-rossolini-alla-carica-di-rettore-dell%e2%80%99universita-di-siena","status":"publish","type":"post","link":"https:\/\/shamael.noblogs.org\/?p=2998","title":{"rendered":"Stefano Bisi si prepara a lanciare la candidatura di Gian Maria Rossolini alla carica di rettore dell\u2019universit\u00e0 di Siena?"},"content":{"rendered":"<p><a href=\"https:\/\/shamael.noblogs.org\/files\/2011\/08\/foto_gianmaria.jpg\"><img loading=\"lazy\" decoding=\"async\" class=\"alignleft size-thumbnail wp-image-2999\" src=\"https:\/\/shamael.noblogs.org\/files\/2011\/08\/foto_gianmaria-150x150.jpg\" alt=\"\" width=\"150\" height=\"150\" \/><\/a><a href=\"https:\/\/shamael.noblogs.org\/files\/2010\/12\/bisi1.jpg\"><img loading=\"lazy\" decoding=\"async\" class=\"alignleft size-thumbnail wp-image-176\" src=\"https:\/\/shamael.noblogs.org\/files\/2010\/12\/bisi1-150x150.jpg\" alt=\"\" width=\"150\" height=\"150\" \/><\/a>Di\u00a0<strong>Gian Maria Rossolini<\/strong> il prode Bisi ne aveva fatto cenno con tanto di foto in quel libricino di fotine con cui esaltava il \u201csistema Siena\u201d o meglio da lui definito \u201cquel groviglio armonioso..\u201dAi tempi di quella foto ne parlava ricordando che lo stesso Rossolini ricopre il ruolo di preside della Facolt\u00e0 di Medicina dell\u2019universit\u00e0 di Siena. E oggi??? Dopo aver sostenuto con ossessione la candidatura di Riccaboni sferrando duri attacchi a Silvano Focardi e dopo aver lanciato per primo (strano episodio) il nome di Ines Fabbro come futuro direttore amministrativo e dopo aver sostenuto con il suo giornale il taglio agli stipendi dei lavoratori, da agile tarzan giornalistico (e non solo) cosa potrebbe tirare fuori dal cilindro il prode Bisi? Salvo smentite degli interessati, corre voce che i baroni della Facolt\u00e0 di medicina, avendo annusato che sta per finire l\u2019era Riccaboni, avrebbero deciso di lanciare la candidatura di Rossolini alla carica di nuovo rettore e naturalmente il Bisi essendo affezionato alla medesima Facolt\u00e0 senza batter ciglio abbandona Riccaboni e strumentalmente (con il solito scopo di giocare un ruolo) si schiera con Rossolini. Fermo restando che Bisi dovrebbe astenersi (di questo parleremo in un secondo momento) dall\u2019intervenire sulle vicende dell\u2019universit\u00e0 e soprattutto su quelle della facolt\u00e0 di medicina, ci chiediamo con quale coraggio\u00a0\u00a0i baroni di medicina pretenderebbero di esprimere il nuovo rettore. Con questo non intendiamo esprimere un giudizio negativo sulla figura di Rossolini ma sull\u2019intera facolt\u00e0 di medicina: non \u00e8 un problema personale o sul nominativo ventilato.<\/p>\n<p>1)\u00a0\u00a0\u00a0\u00a0<strong>L\u2019universit\u00e0 di Siena<\/strong> \u00e8 sul baratro per colpa del dissesto avvenuto durante il periodo rettorale del massimo esponente della facolt\u00e0 di Medicina Piero Tosi e se non era per l\u2019intervento della magistratura, salvo un paio di voci isolate, i baroni di medicina continuavano nel sostegno al Tosi.<\/p>\n<p>2)\u00a0\u00a0\u00a0\u00a0<strong>Il prof. Walter Gioffr\u00e9<\/strong> accusato di truffa aggravata ai danni dell\u2019ateneo \u00e8 docente della facolta di medicina (rileggetevi questo link <a href=\"http:\/\/www.lanazione.it\/siena\/cronaca\/2010\/10\/22\/403787-rimborsi_gonfiati_indagato.shtml\" target=\"_blank\">http:\/\/www.lanazione.it\/siena\/cronaca\/2010\/10\/22\/403787-rimborsi_gonfiati_indagato.shtml<\/a> )<\/p>\n<p>3)\u00a0\u00a0\u00a0\u00a0<strong>La professoressa Anna Coluccia<\/strong> condannata dal tribunale di Siena per la vicenda di un concorso \u00e8 docente di medicina (rileggetevi questo link<a href=\"http:\/\/ilsensodellamisura.com\/files\/2010\/01\/Repubblica21gen10.pdf\" target=\"_blank\"> http:\/\/ilsensodellamisura.com\/files\/2010\/01\/Repubblica21gen10.pdf<\/a> )<\/p>\n<p>4)\u00a0\u00a0\u00a0\u00a0<strong>Il prof. Bruno Frediani<\/strong> \u00e8 sotto processo per un concorso ed \u00e8 docente di medicina( rileggetevi questo link\u00a0<a href=\"http:\/\/ricerca.repubblica.it\/repubblica\/archivio\/repubblica\/2011\/07\/07\/prof-sotto-accusa-ma-il-processo-non.html\" target=\"_blank\">http:\/\/ricerca.repubblica.it\/repubblica\/archivio\/repubblica\/2011\/07\/07\/prof-sotto-accusa-ma-il-processo-non.html<\/a> )<\/p>\n<p><span style=\"font-size: small\">Potremmo continuare per un bel pezzo ma queste citazioni rendono bene l\u2019idea: pi\u00f9 che far esprimere una candidatura alla facolt\u00e0 di medicina sarebbe urgente una bella commissione d\u2019inchiesta interna all\u2019ateneo, far partire un\u2019inchiesta a tutto campo da parte della magistratura e chiedere alla Guardia di Finanza di controllare e verificare l\u2019utilizzo dei soldi dei master e di tutti i finanziamenti giunti ai vari docenti della facolt\u00e0 di medicina e non solo e la verifica dei bilanci della facolt\u00e0, investigando a ritroso negli anni fin dove la legge consente di arrivare. A tal proposito riproponiamo quanto scritto da un altro docente della Facolt\u00e0 di medicina<\/span><strong> prof. Galeazzi<\/strong><span style=\"font-size: small\">:\u00a0\u201c<em>A tale proposito, e per dovere di chiarezza, voglio ricordare innanzi tutto ai colleghi e agli studenti che il debito \u00e8 dovuto non solo allo sperpero delle risorse ma, soprattutto, alla assunzione di personale (docente e non docente) in numero soverchiante le effettive necessit\u00e0. (\u2026) Tali assunzioni si sono basate pi\u00f9 su favoritismi che su una effettiva programmazione ed hanno avuto come risultato l\u2019eccessiva e ingiustificata espansione di alcuni settori a discapito di altri. Questo accadeva anni prima della scoperta del debito dell\u2019Ateneo e, inoltre, molti concorsi sono stati banditi su fondi esterni, promessi e mai arrivati, di cui l\u2019Ateneo, e quindi la Facolt\u00e0, ha dovuto farsi carico aggravando cos\u00ec il debito.\u201d<\/em><\/span><\/p>\n<p>Ai baroni vecchi e nuovi di certo non manca la faccia tosta e la sfrontatezza cosi come non gli \u00e8 mancata durante gli anni in cui la nostra bella universit\u00e0 \u00e8 stata dissestata.<\/p>\n<p>Al prode Bisi che sventola sempre la sua \u201cdifesa del sistema Siena\u201d e ancora non abbiamo ben capito cosa intende con \u201csistema\u201d, ci preme ricordare alcune frasi del prof. Mauro Barni, visto che lo stesso Bisi lo cita come esempio, ma non sempre, solo quando \u00e8 strumentale alle sue finte battaglie moralizzatrici.<\/p>\n<p><strong>Affermava il prof. Mauro Barni<\/strong>: \u201c<em>Un errore che scaturisce da un contesto tecnico e quindi diverso da quello sanitario, non pu\u00f2 togliere nulla al buon nome della sanit\u00e0 senese. E invece ci\u00f2 che mi sorprende in questo caso, e in molti altri in questa citt\u00e0, \u00e8 che si cerchi di creare attorno una cortina fumogena. A Siena siamo troppo convinti di essere i migliori e che non possa accaderci nulla. Cos\u00ec cadiamo sistematicamente nell\u2019errore di sottovalutare ci\u00f2 che accade. Mi chiedo, in omaggio a che cosa? Il livello amministrativo di questa citt\u00e0 lo considero ancora fra i migliori, ma esiste ed \u00e8 diffusa la tendenza ad ovattare tutto. Anche nel caso di cui la magistratura si sta interessando, non si \u00e8 sentito il bisogno di documentare prima ci\u00f2 che stava accadendo. In sostanza a Siena \u00e8 tempo di farsi meno lodi e di guardare i problemi pi\u00f9 concretamente.<br \/>\n(\u2026) Cercando di minimizzare, evitando di parlarne, si generano solo sospetti. Prendiamo un altro caso. E chiediamoci perch\u00e9 la storia dei concorsi all\u2019universit\u00e0 di Siena finisca per comparire solo sul\u00a0<a href=\"http:\/\/ilsensodellamisura.com\/?p=221\" target=\"_blank\">Messaggero<\/a>, mentre qui non se ne fa neanche cenno. \u00c8 emblematico. La trasparenza serve a rendere consapevoli i cittadini, a non generare paure e timori, e a salvare la sanit\u00e0 buona che nel nostro ospedale \u00e8 molto ben rappresentata.\u00bb<\/em><\/p>\n<p><strong>Il PD senese della famosa \u201ccarta etica\u201d e anche gli altri partiti da che parte stanno???? Sul fatto che il Bisi \u00e8 schierato da sempre con i baroni universitari e a difesa delle posizioni di privilegio \u00e8 ben certificato. Compreso il fatto che sul suo giornale non scrive dei processi in corso in merito ai concorsi universitari (mentre la Nazione di Siena correttamente ha scritto articoli giornalistici chiari e professionali).<\/strong><\/p>\n","protected":false},"excerpt":{"rendered":"<p>Di\u00a0Gian Maria Rossolini il prode Bisi ne aveva fatto cenno con tanto di foto in quel libricino di fotine con cui esaltava il \u201csistema Siena\u201d o meglio da lui definito \u201cquel groviglio armonioso..\u201dAi tempi di quella foto ne parlava ricordando che lo stesso Rossolini ricopre il ruolo di preside della Facolt\u00e0 di Medicina dell\u2019universit\u00e0 di [&hellip;]<\/p>\n","protected":false},"author":2063,"featured_media":0,"comment_status":"open","ping_status":"open","sticky":false,"template":"","format":"standard","meta":{"footnotes":""},"categories":[1],"tags":[],"class_list":["post-2998","post","type-post","status-publish","format-standard","hentry","category-general"],"_links":{"self":[{"href":"https:\/\/shamael.noblogs.org\/index.php?rest_route=\/wp\/v2\/posts\/2998","targetHints":{"allow":["GET"]}}],"collection":[{"href":"https:\/\/shamael.noblogs.org\/index.php?rest_route=\/wp\/v2\/posts"}],"about":[{"href":"https:\/\/shamael.noblogs.org\/index.php?rest_route=\/wp\/v2\/types\/post"}],"author":[{"embeddable":true,"href":"https:\/\/shamael.noblogs.org\/index.php?rest_route=\/wp\/v2\/users\/2063"}],"replies":[{"embeddable":true,"href":"https:\/\/shamael.noblogs.org\/index.php?rest_route=%2Fwp%2Fv2%2Fcomments&post=2998"}],"version-history":[{"count":3,"href":"https:\/\/shamael.noblogs.org\/index.php?rest_route=\/wp\/v2\/posts\/2998\/revisions"}],"predecessor-version":[{"id":3001,"href":"https:\/\/shamael.noblogs.org\/index.php?rest_route=\/wp\/v2\/posts\/2998\/revisions\/3001"}],"wp:attachment":[{"href":"https:\/\/shamael.noblogs.org\/index.php?rest_route=%2Fwp%2Fv2%2Fmedia&parent=2998"}],"wp:term":[{"taxonomy":"category","embeddable":true,"href":"https:\/\/shamael.noblogs.org\/index.php?rest_route=%2Fwp%2Fv2%2Fcategories&post=2998"},{"taxonomy":"post_tag","embeddable":true,"href":"https:\/\/shamael.noblogs.org\/index.php?rest_route=%2Fwp%2Fv2%2Ftags&post=2998"}],"curies":[{"name":"wp","href":"https:\/\/api.w.org\/{rel}","templated":true}]}}