{"id":2771,"date":"2011-06-25T13:47:43","date_gmt":"2011-06-25T11:47:43","guid":{"rendered":"http:\/\/shamael.noblogs.org\/?p=2771"},"modified":"2011-06-25T13:47:43","modified_gmt":"2011-06-25T11:47:43","slug":"e-chi-e-obama","status":"publish","type":"post","link":"https:\/\/shamael.noblogs.org\/?p=2771","title":{"rendered":"E chi \u00e8? Obama?"},"content":{"rendered":"<p>Ma stiamo scherzando? Quattro persone da assumere nello staff di Ceccuzzi, scelte da lui senza nessuna garanzia o possibilit\u00e0 di partecipazione. Ma poi quattro! Nemmeno fosse Obama!<\/p>\n<p>Segua le regole e faccia quello che impone la legge 150 e abbassi un po&#8217; le proprie pretese &#8230; Ha ragione Laura Vigni nell&#8217;interrogazione che ha proposto!<\/p>\n<blockquote><p>La sottoscritta Laura Vigni, Consigliere comunale del gruppo \u201cSinistra per Siena\u201d presenta la seguente interrogazione in merito all\u2019 avviso pubblico per il reperimento di 4 unit\u00e0 di personale a tempo determinato da assegnare all\u2019ufficio staff del Sindaco, con scadenza 23 giugno, di cui un capo di gabinetto, un portavoce, un addetto alle relazioni interne ed esterne e un addetto all\u2019informazione, che avranno soprattutto funzioni giornalistiche, visto che a 3 di queste 4 figure \u00e8 richiesta l\u2019iscrizione all\u2019albo dei giornalisti.<br \/>\nIn particolare CHIEDO DI SAPERE:<br \/>\n1)\u00a0\u00a0\u00a0\u00a0\u00a0 se non vi \u00e8 contraddizione con la legge 7 giugno 2000, n. 150 relativa alla Disciplina delle attivit\u00e0 di informazione e di comunicazione delle pubbliche amministrazioni che all\u2019art. 7 prevede solo la nomina di un portavoce, e non di un gruppo cos\u00ec nutrito;<br \/>\n2)\u00a0\u00a0\u00a0\u00a0\u00a0 se queste 4 figure andranno a sostituire le 2 finora addette all\u2019Ufficio Portavoce, facenti capo all\u2019Agenzia Free Lance;<br \/>\n3)\u00a0\u00a0\u00a0\u00a0\u00a0 se quando \u00e8 indicata l\u2019iscrizione all\u2019albo dei giornalisti si fa riferimento all\u2019elenco dei pubblicisti o dei professionisti;<br \/>\n4)\u00a0\u00a0\u00a0\u00a0\u00a0 se \u00e8 stato esperito un tentativo di individuare nell\u2019organico dell\u2019Amministrazione Comunale\u00a0 dipendenti in possesso dei requisiti richiesti;<br \/>\n5)\u00a0\u00a0\u00a0\u00a0\u00a0 come si intende regolare la suddivisione delle competenze in particolare fra l\u2019Addetto all\u2019informazione e l\u2019Ufficio Stampa comunale, visto che nel bando \u00e8 indicato come competenza del primo il Palio, finora gestito esclusivamente dall\u2019Ufficio Stampa con risultati positivi e per il quale \u00e8 bene evitare confusioni e sovrapposizioni anche per l\u2019esposizione mediatica dell\u2019avvenimento e la delicatezza delle problematiche;<br \/>\n6)\u00a0\u00a0\u00a0\u00a0\u00a0 l\u2019ammontare complessivo della spesa per tale operazione ed il capitolo cui sar\u00e0 imputata, visto che n\u00e9 nella delibera di Giunta n\u00e9 nell\u2019avviso vi si fa riferimento, in considerazione delle difficolt\u00e0 finanziarie presenti e future dell\u2019ente, che si ripercuotono sui salari dei dipendenti comunali.<\/p>\n<p>f.to LAURA VIGNI<\/p><\/blockquote>\n","protected":false},"excerpt":{"rendered":"<p>Ma stiamo scherzando? Quattro persone da assumere nello staff di Ceccuzzi, scelte da lui senza nessuna garanzia o possibilit\u00e0 di partecipazione. Ma poi quattro! Nemmeno fosse Obama! Segua le regole e faccia quello che impone la legge 150 e abbassi un po&#8217; le proprie pretese &#8230; Ha ragione Laura Vigni nell&#8217;interrogazione che ha proposto! La [&hellip;]<\/p>\n","protected":false},"author":2063,"featured_media":0,"comment_status":"open","ping_status":"open","sticky":false,"template":"","format":"standard","meta":{"footnotes":""},"categories":[1],"tags":[],"class_list":["post-2771","post","type-post","status-publish","format-standard","hentry","category-general"],"_links":{"self":[{"href":"https:\/\/shamael.noblogs.org\/index.php?rest_route=\/wp\/v2\/posts\/2771","targetHints":{"allow":["GET"]}}],"collection":[{"href":"https:\/\/shamael.noblogs.org\/index.php?rest_route=\/wp\/v2\/posts"}],"about":[{"href":"https:\/\/shamael.noblogs.org\/index.php?rest_route=\/wp\/v2\/types\/post"}],"author":[{"embeddable":true,"href":"https:\/\/shamael.noblogs.org\/index.php?rest_route=\/wp\/v2\/users\/2063"}],"replies":[{"embeddable":true,"href":"https:\/\/shamael.noblogs.org\/index.php?rest_route=%2Fwp%2Fv2%2Fcomments&post=2771"}],"version-history":[{"count":1,"href":"https:\/\/shamael.noblogs.org\/index.php?rest_route=\/wp\/v2\/posts\/2771\/revisions"}],"predecessor-version":[{"id":2772,"href":"https:\/\/shamael.noblogs.org\/index.php?rest_route=\/wp\/v2\/posts\/2771\/revisions\/2772"}],"wp:attachment":[{"href":"https:\/\/shamael.noblogs.org\/index.php?rest_route=%2Fwp%2Fv2%2Fmedia&parent=2771"}],"wp:term":[{"taxonomy":"category","embeddable":true,"href":"https:\/\/shamael.noblogs.org\/index.php?rest_route=%2Fwp%2Fv2%2Fcategories&post=2771"},{"taxonomy":"post_tag","embeddable":true,"href":"https:\/\/shamael.noblogs.org\/index.php?rest_route=%2Fwp%2Fv2%2Ftags&post=2771"}],"curies":[{"name":"wp","href":"https:\/\/api.w.org\/{rel}","templated":true}]}}