{"id":2739,"date":"2011-06-16T23:44:54","date_gmt":"2011-06-16T21:44:54","guid":{"rendered":"http:\/\/shamael.noblogs.org\/?p=2739"},"modified":"2011-06-16T23:44:54","modified_gmt":"2011-06-16T21:44:54","slug":"la-redazione-di-fratello-illuminato-intervista-zatarra-il-pirata-artiste-rappeur-a-ritmo-di-musica","status":"publish","type":"post","link":"https:\/\/shamael.noblogs.org\/?p=2739","title":{"rendered":"La redazione di Fratello Illuminato intervista ZATARRA IL PIRATA (artiste rappeur) a ritmo di musica."},"content":{"rendered":"<p><a href=\"https:\/\/shamael.noblogs.org\/files\/2011\/06\/204430_182594635124724_100001225675497_496588_3100214_o.jpg\"><img loading=\"lazy\" decoding=\"async\" class=\"alignleft size-medium wp-image-2740\" src=\"https:\/\/shamael.noblogs.org\/files\/2011\/06\/204430_182594635124724_100001225675497_496588_3100214_o-300x200.jpg\" alt=\"\" width=\"300\" height=\"200\" srcset=\"https:\/\/shamael.noblogs.org\/files\/2011\/06\/204430_182594635124724_100001225675497_496588_3100214_o-300x200.jpg 300w, https:\/\/shamael.noblogs.org\/files\/2011\/06\/204430_182594635124724_100001225675497_496588_3100214_o-1024x683.jpg 1024w, https:\/\/shamael.noblogs.org\/files\/2011\/06\/204430_182594635124724_100001225675497_496588_3100214_o.jpg 2048w\" sizes=\"auto, (max-width: 300px) 100vw, 300px\" \/><\/a>1)Chi \u00e8 Zatarra e da dove nasce la passione per questa attivit\u00e0 artistica e il genere musicale che produci?<\/p>\n<p>L\u2019eco del \u201cnon lo so non lo so\u201d \u00e8 arrivato anche al blog di Fratello Illuminato?!? A parte gli scherzi sul tormentone che mi perseguita da anni stile boomerang, vi rispondo col dire che Zatarra si \u00e8 palesato intorno al 2002 prima utilizzando la semplice scrittura come terapia d\u2019urto contro conflitti d\u2019infanzia, adolescenziali e di giovent\u00f9, poi cominciando a coltivare una passione per le rime figlia dell\u2019ascolto di gruppi come Iam, Public Enemy o i 99 Posse e Almamegretta. Ho scelto il rap perch\u00e9 \u00e8 il genere che pi\u00f9 di tutti gli altri convoglia le orecchie degli ascoltatori sulle parole, sui testi, e che di conseguenza possa veicolare messaggi. Tuttavia fino al 2005 non ho mai osato prendere seriamente e professionalmente in mano il microfono e sfidare un pubblico su un palco, ho sempre creduto che chi si mette a nudo di fronte agli altri debba farlo con cognizione di causa e consapevolezza dei propri mezzo, cose che non ancora non avevo metabolizzato al tempo.<br \/>\nCol tempo poi mi sono evoluto su tematiche pi\u00f9 consone a quello che \u00e8 il mio vero essere, cio\u00e8 il raccontare la realt\u00e0 senza inibizioni esponendo esplicitamente il mio punto di vista, le mie soluzioni ma mai imponendole a chi ascolta.<\/p>\n<p>2) Ci puoi descrivere lo spazio che la musica ha oggigiorno nel panorama italiano?<\/p>\n<p>Oggi come oggi a mio avviso la musica \u00e8 considerata, sia dagli utenti finali sia da chi una volta erano i mecenati, alla stregua dei pinoli: chi di voi ha mai pagato per mangiare i pinoli? C\u2019\u00e8 sempre una grande pineta (il web) dove cercare le pigne (torrent) e un sasso (peer-to-peer) con cui poter sbriciolare il guscio dei pinoli (mp3) e gustare il prelibato frutto senza spendere 1 centesimo\u2026dal punto di vista personale di musicista dico che l\u2019avvento del digitale a livello tecnico ha molto affinato e perfezionato il prodotto \u201ccanzone\u201d, tuttavia i social network e internet danno spazio praticamente a tutti, essendo (fortunatamente) uno dei pochi strumenti di libert\u00e0 odierni, anche a chi di competenza ne ha pressoch\u00e9 zero e soprattutto zero interesse nell\u2019apprendere, a chi vuole arrivare, subito e al massimo senza complicazioni.<\/p>\n<p>In particolare nel genere hip-hop pare che basti un microfono con le cuffiette da 10\u20ac e una strumentale americana scaricata (gratis, ovvio) da un sito oltreoceano, qualche barra preconfezionata in rima scopiazzata stile collage da qualche rapper famoso e via, sei su youtube, sei la star, ma l\u2019hip-hop, il rap \u00e8 altro, una cultura prima di tutto che deve essere conosciuta e apprezzata e che ha come premessa la parola pazienza.<\/p>\n<p>Dal lato degli ex mecenati, come accennavo prima, in Italia siamo fermi ad almeno 30 anni fa, con direttori artistici di major (Sony, Warner, Universal) che producono chi ha l\u2019immagine che detta la Videocrazia oggi e riguardo ai contenuti musicali nessun problema, c\u2019\u00e8 sempre la squadra di 40-50enni arrangiatori, produttori, cantautori pronti a scrivere l\u2019ennesimo \u201cTi amo amore mio\/non ti lascer\u00f2 lo giuro a Dio\u201d. E i produttori \u201cindipendenti\u201d? Vivacchiano sulla pelle degli artisti, che se vogliono fare un disco autoprodotto cacciano fuori i soldi per registrare in Studio, per stipendiare un ufficio stampa che abbia le conoscenze per far passare il tuo pezzo su Radio Tantolocalechenonprendeneanchesottolantenna, per pagare un\u2019agenzia di booking ammanicata che ti trovi qualche concerto che oggi \u00e8 l\u2019unica via per rientrare delle spese, il tutto sotto l\u2019egida della frontiera medievale Siae reload \u201cterzo millennio\u201d \u201cchi sei? Quanto hai scritto? Un Fiorino\u201d.<br \/>\nL\u2019hip-hop sta cambiando \u00e8 vero, ma ancora per certi versi \u00e8 una nicchia dove riesci a farti spazio anche senza salire i suddetti scalini della Bancarotta, ma chiss\u00e0 ancora per quanto\u2026<\/p>\n<p>3) Quali sono gli spazi per la musica a Siena? I giovani sono coinvolti nella vita artistica e culturale della citt\u00e0? Si pu\u00f2 dire che c&#8217;\u00e8 una vita artista e culturale?<\/p>\n<p>Siena ha il suo Sistema Triangolare come lo definisco io, e dentro questo triangolo ovviamente ci sono anche persone che riescono a vivere di musica, il perch\u00e9 \u00e8 ovvio, la causa coincide con l\u2019effetto. Mi riferisco a realt\u00e0 incancrenite (Siena Jazz, Diapason, Franci, etc.) che annoverano tra di loro fior di insegnanti e allievi dal punto di vista artistico e professionale (sono il signor Nessuno in tema di conoscenza di tali generi, tengo a precisarlo), ma che sono gestite da persone, le stesse, che al tempo della loro costituzione si sono ritrovate a fare i conti con previsioni di deficit congenito, e che hanno scelto, magari controvoglia e venendo a patti con la loro natura, di entrare dentro un vortice di dare\/avere che ha permesso loro di esistere dignitosamente (e in alcuni casi anche di \u201cbrillare\u201d), ma di non poterne uscire. Tramite Facebook si \u00e8 creato un gruppo, \u201cFare musica a Siena\u201d, grazie al buon J Colas, spero riesca a far da collante per un nuovo inizio.<\/p>\n<p>Se poi entriamo nel discorso \u201ccoinvolgimento\u201d nella vita artistica e culturale della citt\u00e0 siamo ancora pi\u00f9 indietro: non voglio parlare dei casi personali (un colloquio in 5 anni con la gentile Dr.ssa Pollini e tante porte in faccia da Flores o chi per lui, Festa della Musica 2008 negata perch\u00e9 non possidente di tessera di \u201cassociazione\u201d, progetto di beneficienza per il Togo-campo di igname neanche analizzato, etc.), voglio solo raccontare che gli inflazionati \u201ccentri di potere\u201d ci sono anche in questo ambito. Mi spiego meglio: tolti i consigli (e non so quanto ascoltati) di uno stimabile e ottimo Biliorsi, il Comune si \u00e8 sempre avvalso di consulenze o stravaganti o clientelarmente consuete, affidando sempre ai soliti soggetti la gestione degli eventi (Citt\u00e0 Aromatica, ex Festa della Musica, Capodanno etc.) e dei luoghi di aggregazione musicale (esempio topico il Tunnel in Fortezza).<\/p>\n<p>La vita artistica \u00e8 culturale in ambito senese c\u2019\u00e8, ma non si vede, perch\u00e9 confinata a pochi \u201clocali\u201d residui per la musica dal vivo (Cambio, Corte dei Miracoli), bersagliati da controlli \u201crandom\u201d o \u201cinduttivi\u201d. La soluzione sarebbe riuscire a spostare i centri di aggregazione musicale all\u2019esterno delle mura, cos\u00ec da poter lasciar dormire sonni tranquilli ai residenti in centro (non voglio portare ad esempio Marseille che vivo buona parte dell\u2019anno certo, ma questo \u00e8 il modello di quasi tutte le citt\u00e0 \u201cmoderne\u201d), ma poi chi \u00e8 che pagherebbe le navette per trasportare gli universitari che rimpinguano le casse del senese medio proprietario di 2 stanze vicino alla pietra serena? I locali che non ricevono incentivi dagli Enti Locali o gli Enti Locali che non hanno un rientro economico per tale attivit\u00e0?<\/p>\n<p>E c\u2019\u00e8 tanta gente che la pensa come me, ma tanti di questi votano e supportano personaggi che di continuo dimostrano di perseguire scopi ipocritamente comuni ma realmente di ritorno personale, cos\u00ec come la candidatura alla Capitale della Cultura Europea 2019, cosa che Siena non sar\u00e0 mai pronta ad essere, a meno di rivoluzioni o cadute di uno dei vertici del triangolo che oscuramente regge questa citt\u00e0.<\/p>\n<p>4) Ci lasci un commento sul risultato dei referendum?<\/p>\n<p>E\u2019 un piacere poter commentare un risultato cos\u00ec positivo, soprattutto perch\u00e9 tutti e 4 i quesiti non hanno avuto una connotazione di colore politico, \u00e8 il popolo che ha vinto e ha intimato il \u201cgi\u00f9 le mani\u201d da cose di primaria necessit\u00e0 quali acqua, salute (nucleare) e giustizia, il tutto nonostante le premesse (vedi distribuzione volantini e risposte pi\u00f9 che maleducate di giovani e anziani che vivono a Siena) non facessero cos\u00ec ben sperare.<\/p>\n<p>Personalmente credo che finalmente siano andati a votare gli under 35, che di solito votano poco per la comprensibile sfiducia nel \u201cPoliticismo\u201d figlia dei nostri tempi, e anche dell\u2019elettorato cattolico, quello che per anni ha sostenuto il Limbocentrismo capitanato DC. Per il futuro prossimo c\u2019\u00e8 da augurarsi che tale elettorato continui ad andare alle urne, il problema sar\u00e0 come sempre vedere cosa architetteranno i politicanti ai piani alti, i giochi del lato oscuro dei burattinai italiani in tema di candidature e schieramenti.<br \/>\nHo ammirato e ammiro con sincera commozione le lotte di piazza dei popoli nord-africani e medio-orientali, ma al contempo penso che un paese come l\u2019Italia sia ben lungi, in primis per questioni di primi bisogni ancora soddisfacenti, dall\u2019attivarsi cos\u00ec unitamente.<\/p>\n<p>Credo nel cambiamento dal basso, dal locale, anche se le elezioni comunali avrebbero indicato il contrario a Siena per la maggioranza, in un riappropriamento del potere da parte di chi vive la citt\u00e0 (senesi di nascita, acquisiti, seconde generazioni, etc.), indipendentemente dal possesso di una tessera o dell\u2019altra, mediante strumenti quali proposte, raccolte di firme, referendum, e se questo deve esser raggiunto passando un periodo di magra per la dipartita di uno dei vertici triangolari che faccia aprire gli occhi a chi li tiene chiusi con la Coccoina, che sia, io ci credo.<\/p>\n<p>Zat<br \/>\nhttp:\/\/www.youtube.com\/zatarraakaeldoublem<br \/>\nhttp:\/\/www.self.it\/ita\/details.php?nb=8019991871737<br \/>\nhttp:\/\/www.myspace.com\/zatarraakaeldoublem<br \/>\nhttp:\/\/www.facebook.com\/pages\/ZATARRA\/8935612003<br \/>\nhttp:\/\/www.zatarra.eu<\/p>\n","protected":false},"excerpt":{"rendered":"<p>1)Chi \u00e8 Zatarra e da dove nasce la passione per questa attivit\u00e0 artistica e il genere musicale che produci? L\u2019eco del \u201cnon lo so non lo so\u201d \u00e8 arrivato anche al blog di Fratello Illuminato?!? A parte gli scherzi sul tormentone che mi perseguita da anni stile boomerang, vi rispondo col dire che Zatarra si [&hellip;]<\/p>\n","protected":false},"author":2063,"featured_media":0,"comment_status":"open","ping_status":"open","sticky":false,"template":"","format":"standard","meta":{"footnotes":""},"categories":[1],"tags":[246,247],"class_list":["post-2739","post","type-post","status-publish","format-standard","hentry","category-general","tag-intervista","tag-zatarra-il-pirata"],"_links":{"self":[{"href":"https:\/\/shamael.noblogs.org\/index.php?rest_route=\/wp\/v2\/posts\/2739","targetHints":{"allow":["GET"]}}],"collection":[{"href":"https:\/\/shamael.noblogs.org\/index.php?rest_route=\/wp\/v2\/posts"}],"about":[{"href":"https:\/\/shamael.noblogs.org\/index.php?rest_route=\/wp\/v2\/types\/post"}],"author":[{"embeddable":true,"href":"https:\/\/shamael.noblogs.org\/index.php?rest_route=\/wp\/v2\/users\/2063"}],"replies":[{"embeddable":true,"href":"https:\/\/shamael.noblogs.org\/index.php?rest_route=%2Fwp%2Fv2%2Fcomments&post=2739"}],"version-history":[{"count":1,"href":"https:\/\/shamael.noblogs.org\/index.php?rest_route=\/wp\/v2\/posts\/2739\/revisions"}],"predecessor-version":[{"id":2741,"href":"https:\/\/shamael.noblogs.org\/index.php?rest_route=\/wp\/v2\/posts\/2739\/revisions\/2741"}],"wp:attachment":[{"href":"https:\/\/shamael.noblogs.org\/index.php?rest_route=%2Fwp%2Fv2%2Fmedia&parent=2739"}],"wp:term":[{"taxonomy":"category","embeddable":true,"href":"https:\/\/shamael.noblogs.org\/index.php?rest_route=%2Fwp%2Fv2%2Fcategories&post=2739"},{"taxonomy":"post_tag","embeddable":true,"href":"https:\/\/shamael.noblogs.org\/index.php?rest_route=%2Fwp%2Fv2%2Ftags&post=2739"}],"curies":[{"name":"wp","href":"https:\/\/api.w.org\/{rel}","templated":true}]}}