{"id":2709,"date":"2011-06-08T11:57:40","date_gmt":"2011-06-08T09:57:40","guid":{"rendered":"http:\/\/shamael.noblogs.org\/?p=2709"},"modified":"2011-06-08T19:05:59","modified_gmt":"2011-06-08T17:05:59","slug":"alice-nel-paese-delle-meraviglie-il-dissesto-e-la-maratonda","status":"publish","type":"post","link":"https:\/\/shamael.noblogs.org\/?p=2709","title":{"rendered":"Alice nel paese delle meraviglie (il dissesto) e la maratonda"},"content":{"rendered":"<p><a href=\"https:\/\/shamael.noblogs.org\/files\/2011\/06\/maratonda.jpeg\"><img loading=\"lazy\" decoding=\"async\" class=\"alignleft size-medium wp-image-2710\" src=\"https:\/\/shamael.noblogs.org\/files\/2011\/06\/maratonda-300x200.jpg\" alt=\"\" width=\"300\" height=\"200\" srcset=\"https:\/\/shamael.noblogs.org\/files\/2011\/06\/maratonda-300x200.jpg 300w, https:\/\/shamael.noblogs.org\/files\/2011\/06\/maratonda.jpeg 500w\" sizes=\"auto, (max-width: 300px) 100vw, 300px\" \/><\/a>Cosa c&#8217;\u00e8 dietro a quanto illustrato in questo articolo su <a href=\"http:\/\/ilsensodellamisura.com\/2011\/06\/davvero-qualcuno-pensa-di-usare-un-%e2%80%9cmadoff-italiano%e2%80%9d-per-risanare-l%e2%80%99universita-di-siena\/\">Il senso della misura<\/a>? Non ci sar\u00e0 mica, come ha ipotizzato un commentatore di questo blog, un traffico su fondi di gestione immobiliare messo in atto per aggirare il divieto di ulteriore indebitamento da parte del dissestatissimo Ateneo senese? A questa redazione risulta che sia proprio cos\u00ec. E questa redazione chiede e si chiede: ma i Ministeri competenti lo sanno di questi traffici fatti con i palazzi di un ente pubblico? E la comunit\u00e0 universitaria tutta? E la politica senese, soprattutto il PD \u00e8 d&#8217;accordo? E la banca che ci sembra abbia gi\u00e0 problemi a non finire? E i Senesi? Non sarebbe il caso che Riccaboni e Fabbro invece di nascondersi dietro a dei &#8220;ci stiamo lavorando&#8221; facessero partecipi tutti i soggetti di cui sopra dei loro progetti? E gi\u00e0 che ci siamo ricordiamo che tutta questa faccenda \u00e8 sub iudice sia per la questione del dissesto, nonch\u00e9 &#8211; \u00e8 bene ricordarlo &#8211; per la questione delle elezioni del Rettore e per la nomina del Direttore Amministrativo. Quindi Riccaboni e Fabbro non sono i soli che devono fare un po&#8217; di chiarezza.<\/p>\n","protected":false},"excerpt":{"rendered":"<p>Cosa c&#8217;\u00e8 dietro a quanto illustrato in questo articolo su Il senso della misura? Non ci sar\u00e0 mica, come ha ipotizzato un commentatore di questo blog, un traffico su fondi di gestione immobiliare messo in atto per aggirare il divieto di ulteriore indebitamento da parte del dissestatissimo Ateneo senese? A questa redazione risulta che sia [&hellip;]<\/p>\n","protected":false},"author":2063,"featured_media":0,"comment_status":"open","ping_status":"open","sticky":false,"template":"","format":"standard","meta":{"footnotes":""},"categories":[1],"tags":[80,14],"class_list":["post-2709","post","type-post","status-publish","format-standard","hentry","category-general","tag-ateneo-senese","tag-dissesto-finanziario"],"_links":{"self":[{"href":"https:\/\/shamael.noblogs.org\/index.php?rest_route=\/wp\/v2\/posts\/2709","targetHints":{"allow":["GET"]}}],"collection":[{"href":"https:\/\/shamael.noblogs.org\/index.php?rest_route=\/wp\/v2\/posts"}],"about":[{"href":"https:\/\/shamael.noblogs.org\/index.php?rest_route=\/wp\/v2\/types\/post"}],"author":[{"embeddable":true,"href":"https:\/\/shamael.noblogs.org\/index.php?rest_route=\/wp\/v2\/users\/2063"}],"replies":[{"embeddable":true,"href":"https:\/\/shamael.noblogs.org\/index.php?rest_route=%2Fwp%2Fv2%2Fcomments&post=2709"}],"version-history":[{"count":3,"href":"https:\/\/shamael.noblogs.org\/index.php?rest_route=\/wp\/v2\/posts\/2709\/revisions"}],"predecessor-version":[{"id":2712,"href":"https:\/\/shamael.noblogs.org\/index.php?rest_route=\/wp\/v2\/posts\/2709\/revisions\/2712"}],"wp:attachment":[{"href":"https:\/\/shamael.noblogs.org\/index.php?rest_route=%2Fwp%2Fv2%2Fmedia&parent=2709"}],"wp:term":[{"taxonomy":"category","embeddable":true,"href":"https:\/\/shamael.noblogs.org\/index.php?rest_route=%2Fwp%2Fv2%2Fcategories&post=2709"},{"taxonomy":"post_tag","embeddable":true,"href":"https:\/\/shamael.noblogs.org\/index.php?rest_route=%2Fwp%2Fv2%2Ftags&post=2709"}],"curies":[{"name":"wp","href":"https:\/\/api.w.org\/{rel}","templated":true}]}}