{"id":2701,"date":"2011-06-04T20:24:23","date_gmt":"2011-06-04T18:24:23","guid":{"rendered":"http:\/\/shamael.noblogs.org\/?p=2701"},"modified":"2011-06-04T20:24:23","modified_gmt":"2011-06-04T18:24:23","slug":"attiriamo-lattenzione-su-questo-ottimo-articolo","status":"publish","type":"post","link":"https:\/\/shamael.noblogs.org\/?p=2701","title":{"rendered":"Attiriamo l&#8217;attenzione su questo ottimo articolo"},"content":{"rendered":"<p><strong>Indignarsi non serve pi\u00f9, ormai \u00e8 tempo di agire<\/strong><\/p>\n<p><strong>Giovanni Grasso<\/strong>. La costituzione di parte civile, da parte dell\u2019Universit\u00e0, nei procedimenti in corso contro i responsabili del dissesto di un ateneo dal glorioso passato, qual \u00e8 quello di Siena, deve essere il primo passo nell\u2019opera di risanamento. Auspicabile anche la partecipazione di altri membri della comunit\u00e0 accademica, degli enti locali e delle istituzioni cittadine, visti i riflessi sull\u2019economia e sull\u2019immagine della citt\u00e0. Il nuovo sindaco ha l\u2019opportunit\u00e0 di svolgere il ruolo di capofila. Lo far\u00e0? Attendiamo la risposta. Fu chiaro sin dall\u2019inizio che la costituzione di parte civile avrebbe svolto un ruolo cruciale nella lotta alla malauniversit\u00e0. E sorprendentemente, il 19 novembre 2007, nel corso dell\u2019udienza preliminare che vedeva imputato per abuso d\u2019ufficio e falso ideologico l\u2019ex rettore Piero Tosi, si venne a sapere che l\u2019allora Ministro\u00a0<a href=\"http:\/\/ilsensodellamisura.com\/?p=264\" target=\"_blank\">Mussi si era costituito parte civile<\/a> contro la proroga del rettore e contro la chiamata per \u201cchiara fama\u201d di un docente. In sostanza quel che avrebbe dovuto fare il rettore pro tempore lo fece il Ministro. Purtroppo, anche questi reati sono poi caduti in prescrizione. Oggi risiamo in una situazione identica: ci sono altri capi d\u2019imputazione, un numero maggiore di imputati (compreso l\u2019ex rettore Tosi) che, tutti insieme ed in modo continuativo, avrebbero portato l\u2019ateneo senese allo stato comatoso in cui si trova. Pu\u00f2, l\u2019attuale rettore, non attivarsi affinch\u00e9 l\u2019Universit\u00e0 di Siena si costituisca parte civile nei processi che la magistratura sta istruendo? Tutta la materia pu\u00f2 essere lasciata alla discrezionalit\u00e0 del rettore? Se il \u201cmagnifico\u201d dovesse decidere di non procedere, commetterebbe un reato per omissione d\u2019atti d\u2019ufficio? Mi sembrano domande legittime che mettono alla prova prima di tutto il capo dell\u2019istituzione saccheggiata e distrutta ed, in secondo luogo, coloro per i quali \u00e8, ormai, finito il tempo dell\u2019indignazione ed \u00e8 arrivato quello dell\u2019azione, attivandosi personalmente nella costituzione di parte civile.<\/p>\n","protected":false},"excerpt":{"rendered":"<p>Indignarsi non serve pi\u00f9, ormai \u00e8 tempo di agire Giovanni Grasso. La costituzione di parte civile, da parte dell\u2019Universit\u00e0, nei procedimenti in corso contro i responsabili del dissesto di un ateneo dal glorioso passato, qual \u00e8 quello di Siena, deve essere il primo passo nell\u2019opera di risanamento. Auspicabile anche la partecipazione di altri membri della [&hellip;]<\/p>\n","protected":false},"author":2063,"featured_media":0,"comment_status":"open","ping_status":"open","sticky":false,"template":"","format":"standard","meta":{"footnotes":""},"categories":[1],"tags":[80,14,231],"class_list":["post-2701","post","type-post","status-publish","format-standard","hentry","category-general","tag-ateneo-senese","tag-dissesto-finanziario","tag-giovanni-grasso"],"_links":{"self":[{"href":"https:\/\/shamael.noblogs.org\/index.php?rest_route=\/wp\/v2\/posts\/2701","targetHints":{"allow":["GET"]}}],"collection":[{"href":"https:\/\/shamael.noblogs.org\/index.php?rest_route=\/wp\/v2\/posts"}],"about":[{"href":"https:\/\/shamael.noblogs.org\/index.php?rest_route=\/wp\/v2\/types\/post"}],"author":[{"embeddable":true,"href":"https:\/\/shamael.noblogs.org\/index.php?rest_route=\/wp\/v2\/users\/2063"}],"replies":[{"embeddable":true,"href":"https:\/\/shamael.noblogs.org\/index.php?rest_route=%2Fwp%2Fv2%2Fcomments&post=2701"}],"version-history":[{"count":1,"href":"https:\/\/shamael.noblogs.org\/index.php?rest_route=\/wp\/v2\/posts\/2701\/revisions"}],"predecessor-version":[{"id":2702,"href":"https:\/\/shamael.noblogs.org\/index.php?rest_route=\/wp\/v2\/posts\/2701\/revisions\/2702"}],"wp:attachment":[{"href":"https:\/\/shamael.noblogs.org\/index.php?rest_route=%2Fwp%2Fv2%2Fmedia&parent=2701"}],"wp:term":[{"taxonomy":"category","embeddable":true,"href":"https:\/\/shamael.noblogs.org\/index.php?rest_route=%2Fwp%2Fv2%2Fcategories&post=2701"},{"taxonomy":"post_tag","embeddable":true,"href":"https:\/\/shamael.noblogs.org\/index.php?rest_route=%2Fwp%2Fv2%2Ftags&post=2701"}],"curies":[{"name":"wp","href":"https:\/\/api.w.org\/{rel}","templated":true}]}}