{"id":2699,"date":"2011-06-01T19:28:01","date_gmt":"2011-06-01T17:28:01","guid":{"rendered":"http:\/\/shamael.noblogs.org\/?p=2699"},"modified":"2011-06-01T19:28:01","modified_gmt":"2011-06-01T17:28:01","slug":"i-soggetti-interessati-si-preparino-a-costituirsi-parte-civile-nei-confronti-dei-responsabili-del-dissesto-dellateneo-senese-basta-con-le-impunita-e-le-azioni-di-controllo-proseguano-ad-ampio-raggi","status":"publish","type":"post","link":"https:\/\/shamael.noblogs.org\/?p=2699","title":{"rendered":"I soggetti interessati si preparino a costituirsi parte civile nei confronti dei responsabili del dissesto dell&#8217;Ateneo senese. Basta con le impunit\u00e0 e le azioni di controllo proseguano ad ampio raggio compresa l&#8217;inchiesta sull&#8217;elezione del Rettore Riccaboni"},"content":{"rendered":"<p>Il dissesto finanziario dell\u2019ateneo senese \u00e8 il \u201cfrutto velenoso\u201d di responsabilit\u00e0 ben precise che la magistratura (anche con tempi troppo lunghi) sta vagliando e su alcune posizioni non dovrebbero tardare decisioni dei giudici a seguito delle conclusioni di alcune inchieste. Quanto avvenuto nei confronti della gestione finanziaria dell\u2019Ateneo \u00e8 assimilabile a comportamenti \u201cbarbarici\u201d e nel suo insieme possiamo definire il dissesto un insieme di comportamenti arroganti,autoreferenziali,corporativi e insultanti della gestione pubblica che poi sono sfociati in veri e propri reati da sanzionare senza sconti e senza remore di sorta.<\/p>\n<p>Non si tratta di estremizzare la situazione e comunque non ci sono nemmeno le condizioni economiche per riportare il disastro dentro una sorta di \u201csanatoria\u201d, come per dire: &#8220;chi \u00e8 stato \u00e8 stato \u2026 turiamoci il naso e ripartiamo come se niente fosse\u201d. Qualcuno, anzi forse in troppi, speravano in questa soluzione, ma i tempi di certi sultanati son finiti cosi come \u201cil silenzio della rassegnazione\u201d.<\/p>\n<p>Ammetto che la corporazione mista \u201cprofessori e parte del personale\u201d \u00e8 ancora\u00a0 salda e non intende aprire gli occhi su quanto accaduto e in alcuni casi preferisce, per responsabilit\u00e0 personali, nascondersi nella solita e vergognosa \u201carroganza dell\u2019autonomia dell\u2019ente\u201d.<\/p>\n<p>Non funziona cos\u00ec. Qui si tratta di tutelare il \u201cbene pubblico e la dignit\u00e0 delle istituzioni\u201d. Basta con le corporazioni, il clientelismo di ritorno e i comportamenti restaurativi del modello tosiano.<\/p>\n<p>I Cittadini nel loro insieme attendono delle risposte e le sanzioni doverose nei confronti di chi ha distrutto \u201cun BENE PUBBLICO\u201d. Ed \u00e8 per questo che nessuno si pu\u00f2 sottrarre dalle proprie responsabilit\u00e0 personali e istituzionali.<\/p>\n<p>Mi permetto di evidenziare le azioni da portare avanti utili per rilanciare l\u2019ateneo. E ricordatevi che senza un vero e proprio \u201crepulisti del marcio e degli errori\u201d i problemi strutturali non troveranno soluzioni.<\/p>\n<p>1)\u00a0\u00a0\u00a0 PIENA LUCE SULL\u2019INCHIESTA RELATIVA ALL\u2019ELEZIONE DEL RETTORE RICCABONI;<br \/>\n2)\u00a0\u00a0\u00a0 COSTITUZIONE DI PARTE CIVILE NEI CONFRONTI DEI RESPONSABILI DEL DISSESTO;<br \/>\n3)\u00a0\u00a0\u00a0 VERIFICHE DA PARTE DEGLI ORGANI E DELLE AUTORITA\u2019 COMPETENTI IN MERITO ALL\u2019UTILIZZO PASSATO E ODIERNO DELLE RISORSE ECONOMICHE DEI MASTER UNIVERSITARI;<br \/>\n4)\u00a0\u00a0\u00a0 PIENA LUCE SULLA POSIZIONE DELLA SOCIETA\u2019 INFACT IN RELAZIONE AI RAPPORTI CON LE STRUTTURE E DOCENTI DELL\u2019ATENEO;<br \/>\n5)\u00a0\u00a0\u00a0 PIENA LUCE SUI CONCORSI GIA\u2019 OGGETTO DI PROCEDIMENTI GIUDIZIARI IN CORSO;<br \/>\n6)\u00a0\u00a0\u00a0 VERIFICA SULL\u2019UTILIZZO DELLE RISORSE ECONOMICHE DELLA VECCHIA AREA COMUNICAZIONE E MARKETING DELL\u2019ATENEO;<br \/>\n7)\u00a0\u00a0\u00a0 RIMOZIONE IMMEDIATA DAI PROPRI INCARICHI DENTRO L\u2019ATENEO DELLE PERSONE COINVOLTE NELLE INCHIESTE.<br \/>\n8)\u00a0 SEGNALAZIONE ALLA CORTE DEI CONTI IL RESPONSABILE DELLE SPESE PER I VOLUMI IN ONORE DI LUIGI BERLINGUER<\/p>\n","protected":false},"excerpt":{"rendered":"<p>Il dissesto finanziario dell\u2019ateneo senese \u00e8 il \u201cfrutto velenoso\u201d di responsabilit\u00e0 ben precise che la magistratura (anche con tempi troppo lunghi) sta vagliando e su alcune posizioni non dovrebbero tardare decisioni dei giudici a seguito delle conclusioni di alcune inchieste. Quanto avvenuto nei confronti della gestione finanziaria dell\u2019Ateneo \u00e8 assimilabile a comportamenti \u201cbarbarici\u201d e nel [&hellip;]<\/p>\n","protected":false},"author":2063,"featured_media":0,"comment_status":"open","ping_status":"open","sticky":false,"template":"","format":"standard","meta":{"footnotes":""},"categories":[1],"tags":[80,14],"class_list":["post-2699","post","type-post","status-publish","format-standard","hentry","category-general","tag-ateneo-senese","tag-dissesto-finanziario"],"_links":{"self":[{"href":"https:\/\/shamael.noblogs.org\/index.php?rest_route=\/wp\/v2\/posts\/2699","targetHints":{"allow":["GET"]}}],"collection":[{"href":"https:\/\/shamael.noblogs.org\/index.php?rest_route=\/wp\/v2\/posts"}],"about":[{"href":"https:\/\/shamael.noblogs.org\/index.php?rest_route=\/wp\/v2\/types\/post"}],"author":[{"embeddable":true,"href":"https:\/\/shamael.noblogs.org\/index.php?rest_route=\/wp\/v2\/users\/2063"}],"replies":[{"embeddable":true,"href":"https:\/\/shamael.noblogs.org\/index.php?rest_route=%2Fwp%2Fv2%2Fcomments&post=2699"}],"version-history":[{"count":1,"href":"https:\/\/shamael.noblogs.org\/index.php?rest_route=\/wp\/v2\/posts\/2699\/revisions"}],"predecessor-version":[{"id":2700,"href":"https:\/\/shamael.noblogs.org\/index.php?rest_route=\/wp\/v2\/posts\/2699\/revisions\/2700"}],"wp:attachment":[{"href":"https:\/\/shamael.noblogs.org\/index.php?rest_route=%2Fwp%2Fv2%2Fmedia&parent=2699"}],"wp:term":[{"taxonomy":"category","embeddable":true,"href":"https:\/\/shamael.noblogs.org\/index.php?rest_route=%2Fwp%2Fv2%2Fcategories&post=2699"},{"taxonomy":"post_tag","embeddable":true,"href":"https:\/\/shamael.noblogs.org\/index.php?rest_route=%2Fwp%2Fv2%2Ftags&post=2699"}],"curies":[{"name":"wp","href":"https:\/\/api.w.org\/{rel}","templated":true}]}}