{"id":2692,"date":"2011-05-29T12:25:43","date_gmt":"2011-05-29T10:25:43","guid":{"rendered":"http:\/\/shamael.noblogs.org\/?p=2692"},"modified":"2011-05-29T12:55:56","modified_gmt":"2011-05-29T10:55:56","slug":"pubblichiamo-volentieri-e-condividiamo","status":"publish","type":"post","link":"https:\/\/shamael.noblogs.org\/?p=2692","title":{"rendered":"Pubblichiamo volentieri e condividiamo"},"content":{"rendered":"<p>Assemblea pubblica di Sinistra per Siena<\/p>\n<p>Luned\u00ec 30 maggio, ore 17.30 in Piazza Salimbeni<\/p>\n<p>Confronto con gli elettori sull&#8217;azione di Sinistra per Siena in Consiglio Comunale e per sostenere i 4 s\u00ec nei referendum del 12\/13 giugno<\/p>\n<p>Altres\u00ec, come abbiamo gi\u00e0 fatto una volta, diamo spazio a Francesco Andreini che ha pubblicato una lettera assai condivisibile in merito ad una querelle sorta su Facebook<\/p>\n<p>Lettera aperta ai compagni del PRC<\/p>\n<p>Cara Luisa,<\/p>\n<p>parto anche io dall&#8217;inizio: che non si sapesse se l&#8217;accordo ci sarebbe stato \u00e8 stato pi\u00f9 volte dichiarato, ma \u00e8 stato smentito pi\u00f9 volte nel corso della campagna elettorale, e confermato con l&#8217;esito del voto, come dir\u00f2 pi\u00f9 avanti.<\/p>\n<p>Si \u00e8 accettato in un primo tempo che si andasse alle primarie PRIMA della stesura definitiva del programma, salvo poi abbandonarle per non si sa quale motivo (i maligni sostengono perch\u00e9 il regolamento prevedeva l&#8217;esclusione dalla carica di assessore per i candidati a sindaco, cosa che non piaceva n\u00e9 a Siena Futura, nota la futura assegnazione di Marzucchi alla carica di vicesindaco, n\u00e9 alla FDS, che aveva come unico esponente da \u201cincaricare\u201d per tutti i ruoli Fiorino). Quindi siamo andati oltre. Altro punto su cui abbiamo ceduto: l&#8217;aeroporto; ci siamo contentati di un rinvio, ma sappiamo bene tutti che l&#8217;aeroporto continuer\u00e0 ad assorbire due milioni di euro all&#8217;anno (come minimo), confermato anche da Ceccuzzi (ormai l&#8217;aeroporto c&#8217;\u00e8, dicono) in campagna elettorale, e sicuramente sostenuto dai Riformisti \u201cPer Siena\u201d, che hanno eletto una loro rappresentante in consiglio, nonostante la carta etica voluta dalla FDS, evidentemente solo \u201ccarta\u201d e poco \u201cetica\u201d. Ma la FDS evidentemente si contenta della carta. Sempre in campagna elettorale Ceccuzzi ha tenuto un incontro pubblico, con \u201cPer Siena\u201d e l&#8217;onnipresente Mussari, sul futuro della citt\u00e0; chiss\u00e0 se Fiorino c&#8217;\u00e8 andato (con me ha sostenuto che Mussari era ormai fuori controllo e quindi separato da Ceccuzzi, che per\u00f2 l&#8217;ha incontrato nel primo giorno di insediamento in Comune&#8230;). Tutto ci\u00f2 per dire che la coalizione non ha avuto quella chiarezza di intenti che secondo me (e secondo molti elettori) era necessaria per \u201cmeritare\u201d il sostegno pieno del PRC. E che dire del fatto che il Regolamento Edilizio, chiesto con forza da Benocci Fiorino e me durante un incontro nella sede del PD presso la Galleria Odeon, ha visto chiedere ed ottenere il rinvio a pochi giorni dalle elezioni? Mi \u00e8 stato spiegato (solo a me fugacemente da Fiorino) che era una strategia vincente&#8230;. vedremo; solo che conservo ancora il verbale del consiglio durante il quale Fiorino affermava che senza Regolamento Edilizio NON avrebbe votato neppure il Regolamento Urbanistico&#8230; ma forse se lo \u00e8 dimenticato&#8230;<\/p>\n<p>Per ci\u00f2 che riguarda i \u201crancori\u201d (parola da te abusata) tra SEL ed ex DS, non ne so abbastanza, ma conosco la posizione di SEL, che senza PD non esiste, cos\u00ec come una volta (e anche oggi) accadeva per il PdCI, ora nostro alleato. Difficile dire che la nostra alleanza non era preconcetta&#8230; forse era solo finalizzata?<\/p>\n<p>Sul termine \u201cnuovo\u201d non mi voglio dilungare, dato che per me non \u00e8 di per s\u00e9 positivo (la nostra lista era nuovissima, ci si \u00e8 vantati di avere un&#8217;et\u00e0 media intorno ai 30 anni, ma tutti candidati pressoch\u00e9 sconosciuti, visto che la met\u00e0 di loro ha preso al massimo 2 preferenze, indice della profonda attivit\u00e0 politica svolta e riconosciuta in citt\u00e0).<\/p>\n<p>Facile poi attribuire volont\u00e0 di poltrone a Laura Vigni, ma come lo dimostri? Potrei dire la stessa cosa alla FDS, visti anche i vari comunicati stampa, ai quali mancava solo il simbolo della lingua, apparsi dopo le elezioni ma prima che uscisse la formazione della giunta, ma l&#8217;hai letti?<\/p>\n<p>Le ultime frasi poi sembrano pi\u00f9 dirette alla \u201cminoranza\u201d del tuo partito (ma ce ne \u00e8 una anche all&#8217;interno del PdCI) o a me in particolare, che a Laura. La sinistra storica in consiglio non ci sar\u00e0 per i prossimi cinque anni, perch\u00e9 la \u201cmaggioranza\u201d del PRC ha inseguito la poltrona di assessore, e non ha saputo leggere la voglia di protesta che in citt\u00e0 hanno raccolto sia la lista di Laura Vigni, sia il movimento 5 stelle, e che avrebbe visto anche la Lega crescere se non fosse stata costretta (anche lei dal nazionale) ad alleanze forzate. Ma perch\u00e9 non ti chiedi come e perch\u00e9 la \u201ccattiva politica\u201d di Laura Vigni (e mia) ha avuto pi\u00f9 successo della \u201cbuona politica\u201d della FDS? Anche per te gli elettori sono tutti scemi o sono pagati? O forse \u00e8 stata poco credibile la FDS?<\/p>\n<p>Francesco Andreini<\/p>\n","protected":false},"excerpt":{"rendered":"<p>Assemblea pubblica di Sinistra per Siena Luned\u00ec 30 maggio, ore 17.30 in Piazza Salimbeni Confronto con gli elettori sull&#8217;azione di Sinistra per Siena in Consiglio Comunale e per sostenere i 4 s\u00ec nei referendum del 12\/13 giugno Altres\u00ec, come abbiamo gi\u00e0 fatto una volta, diamo spazio a Francesco Andreini che ha pubblicato una lettera assai [&hellip;]<\/p>\n","protected":false},"author":2063,"featured_media":0,"comment_status":"open","ping_status":"open","sticky":false,"template":"","format":"standard","meta":{"footnotes":""},"categories":[1],"tags":[227,229,228],"class_list":["post-2692","post","type-post","status-publish","format-standard","hentry","category-general","tag-comunisti","tag-elezioni-siena","tag-francesco-andreini"],"_links":{"self":[{"href":"https:\/\/shamael.noblogs.org\/index.php?rest_route=\/wp\/v2\/posts\/2692","targetHints":{"allow":["GET"]}}],"collection":[{"href":"https:\/\/shamael.noblogs.org\/index.php?rest_route=\/wp\/v2\/posts"}],"about":[{"href":"https:\/\/shamael.noblogs.org\/index.php?rest_route=\/wp\/v2\/types\/post"}],"author":[{"embeddable":true,"href":"https:\/\/shamael.noblogs.org\/index.php?rest_route=\/wp\/v2\/users\/2063"}],"replies":[{"embeddable":true,"href":"https:\/\/shamael.noblogs.org\/index.php?rest_route=%2Fwp%2Fv2%2Fcomments&post=2692"}],"version-history":[{"count":3,"href":"https:\/\/shamael.noblogs.org\/index.php?rest_route=\/wp\/v2\/posts\/2692\/revisions"}],"predecessor-version":[{"id":2694,"href":"https:\/\/shamael.noblogs.org\/index.php?rest_route=\/wp\/v2\/posts\/2692\/revisions\/2694"}],"wp:attachment":[{"href":"https:\/\/shamael.noblogs.org\/index.php?rest_route=%2Fwp%2Fv2%2Fmedia&parent=2692"}],"wp:term":[{"taxonomy":"category","embeddable":true,"href":"https:\/\/shamael.noblogs.org\/index.php?rest_route=%2Fwp%2Fv2%2Fcategories&post=2692"},{"taxonomy":"post_tag","embeddable":true,"href":"https:\/\/shamael.noblogs.org\/index.php?rest_route=%2Fwp%2Fv2%2Ftags&post=2692"}],"curies":[{"name":"wp","href":"https:\/\/api.w.org\/{rel}","templated":true}]}}