{"id":1624,"date":"2011-04-29T09:46:14","date_gmt":"2011-04-29T07:46:14","guid":{"rendered":"http:\/\/shamael.noblogs.org\/?p=1624"},"modified":"2011-05-18T08:52:58","modified_gmt":"2011-05-18T06:52:58","slug":"dopo-le-figurine-panini-le-figuracce-dei-ceccuzzi-boys","status":"publish","type":"post","link":"https:\/\/shamael.noblogs.org\/?p=1624","title":{"rendered":"Dopo le figurine Panini, le figuracce dei Ceccuzzi boys"},"content":{"rendered":"<p><a href=\"https:\/\/shamael.noblogs.org\/files\/2011\/01\/primula-rossa.jpg\"><img loading=\"lazy\" decoding=\"async\" class=\"alignleft size-full wp-image-421\" src=\"https:\/\/shamael.noblogs.org\/files\/2011\/01\/primula-rossa.jpg\" alt=\"\" width=\"200\" height=\"210\" \/><\/a>Sembra proprio che <strong>le acque nel PD senese siano sempre pi\u00f9 agitate<\/strong>. Se\u00a0<strong>sia stata la navigazione della vela di Corradi ad incresparle <\/strong>o <strong>la percentuale<\/strong><br \/>\n<strong>che il sondaggio del Bisi attribuisce a Ceccuzzi (44%)<\/strong> non lo sappiamo. Certo \u00e8 che al quartier generale di Ceccuzzi\u00a0<strong>\u00e8 scattato l&#8217;allarme rosso<\/strong> e la fibrillazione \u00e8 alle stelle. Ovviamente, secondo voi, tutto ci\u00f2 avr\u00e0 portato gli strateghi ceccuzziani a fare\u00a0<strong>un p\u00f2 di sana autocritica e a dire che di come gira Siena forse<\/strong> &#8211; per usare un&#8217;espressione colorita &#8211;\u00a0<strong>non c&#8217;hanno capito una sega<\/strong>? Non sia mai! La colpa \u00e8 di sicuro di tutti, ma mai di loro.<br \/>\nE allora <strong>come pensano di arginare un&#8217;emorragia di consenso che sembra sempre pi\u00f9 inarrestabile<\/strong>?\u00a0<strong>Chiudendosi a riccio<\/strong> solo tra di loro. La\u00a0<strong>parola d&#8217;ordine<\/strong> \u00e8:\u00a0<strong>non fidiamoci di nessuno<\/strong> e facciamo una bella riunione il cui unico punto all&#8217;ordine del giorno \u00e8 &#8220;<strong>c&#8217;\u00e8 un complotto ai nostri danni<\/strong>&#8221;\u00a0<strong>e in base a questo allungare la lista di proscrizione<\/strong> che i fedeli ceccuzziani tengono custodita in quadruplice copia (a volta qualche nome scappasse ai loro anatemi)<\/p>\n<p>Va detto che\u00a0<strong>ridotti in queste condizioni, pi\u00f9 che fare paura sono diventati una barzelletta; non se li fila pi\u00f9 nessuno<\/strong>, nessuno d\u00e0 loro la bench\u00e9 minima fiducia e loro l\u00ec incavolati neri e fare congetture su congetture su chi stra tradendo. E allora <strong>via con le ipotesi e con i nuovi nomi da mettere all&#8217;indice<\/strong>. E pi\u00f9 la lista si allunga pi\u00f9 i fedeli ceccuzziani pensano li spetti pi\u00f9 spazio nel partito, quale\u00a0<strong>ricompensa per la cieca e obbediente fedelt\u00e0 che ogni minuti professano al loro capo<\/strong>. Quindi vediamo un p\u00f2. I posti da distribuire sono sempre meno,\u00a0<strong>quindi bisogna cominciare a far fuori anche un p\u00f2 di alleati<\/strong>. E la prima cosa che sta saltando\u00a0<strong>nelle menti ceccuzziane<\/strong> (<strong>che tutto hanno tranne che il dono della discrezione*) *\u00e8 la vicepresidenza del Monte dei Paschi per Alfredino Monaci<\/strong>. Non c&#8217;\u00e8 verso, <strong>di lui Ceccuzzi proprio non si fida e poi l&#8217;accordo ce l&#8217;ha col fratello Alberto<\/strong> il quale, a parte finire di sistemare i pezzi della sua famiglia non fa pi\u00f9 paura neanche ad una mosca, dato che la sua carriera politica si chiuder\u00e0 con la fine del mandato che sta facendo in Regione. Quindi,\u00a0<strong>perch\u00e9 non accontentarlo ricandidandogli la moglie e, magari, promettendogli qualche strapuntino per il figlio di lei<\/strong>? <strong>Ma Alfredino no. Lui \u00e8 giovane e potrebbe avere aspirazioni ancora per troppi anni<\/strong>. Intanto gli hanno dato una bella scoppola con le candidature al consiglio comunale:\u00a0<strong>da sette consiglieri passa a quattro di cui uno (Alessandro Piccini) non \u00e8 detto sia cos\u00ec fidato<\/strong>. Ma c&#8217;\u00e8 chi dice che questo ridimensionamento sia solo l&#8217;antipasto rispetto al pranzo completo che gli vorrebbe servire Ceccuzzi. Ma a questi strateghi ceccuzziani che sono l\u00ec nelle stanze della federazione <strong>impegnati in un&#8217;attivit\u00e0 di concetto da &#8220;celo celo mimanca<\/strong>&#8221; distribuendo, nelle loro teste, posti in qua e l\u00e0, va ricordata una cosa:\u00a0<strong>rilassatevi bordell<\/strong>i,\u00a0<strong>Ceccuzzi dalla soglia della vittoria \u00e8 sotto come un tombino<\/strong>, quindi vi potete mettere l&#8217;animo in pace, la scelta delle poltrone la faranno altri.<\/p>\n<p>Firmato<br \/>\n<strong>La Primula Rossa<\/strong><\/p>\n<p>&nbsp;<\/p>\n<p>&nbsp;<\/p>\n<p>&nbsp;<\/p>\n<p>&nbsp;<\/p>\n<p>&nbsp;<\/p>\n<p>&nbsp;<\/p>\n<p>&nbsp;<\/p>\n<p>&nbsp;<\/p>\n<p>&nbsp;<\/p>\n<p>&nbsp;<\/p>\n<p>&nbsp;<\/p>\n<p>&nbsp;<\/p>\n<p>&nbsp;<\/p>\n<p>&nbsp;<\/p>\n<p>&nbsp;<\/p>\n<p>&nbsp;<\/p>\n<p>&nbsp;<\/p>\n<p>&nbsp;<\/p>\n<p>&nbsp;<\/p>\n<p>&nbsp;<\/p>\n<p>&nbsp;<\/p>\n<p>&nbsp;<\/p>\n<p>&nbsp;<\/p>\n<p>&nbsp;<\/p>\n<p>&nbsp;<\/p>\n<p>&nbsp;<\/p>\n<p>&nbsp;<\/p>\n","protected":false},"excerpt":{"rendered":"<p>Sembra proprio che le acque nel PD senese siano sempre pi\u00f9 agitate. Se\u00a0sia stata la navigazione della vela di Corradi ad incresparle o la percentuale che il sondaggio del Bisi attribuisce a Ceccuzzi (44%) non lo sappiamo. Certo \u00e8 che al quartier generale di Ceccuzzi\u00a0\u00e8 scattato l&#8217;allarme rosso e la fibrillazione \u00e8 alle stelle. Ovviamente, [&hellip;]<\/p>\n","protected":false},"author":2063,"featured_media":0,"comment_status":"open","ping_status":"open","sticky":false,"template":"","format":"standard","meta":{"footnotes":""},"categories":[1],"tags":[22],"class_list":["post-1624","post","type-post","status-publish","format-standard","hentry","category-general","tag-politica-senese"],"_links":{"self":[{"href":"https:\/\/shamael.noblogs.org\/index.php?rest_route=\/wp\/v2\/posts\/1624","targetHints":{"allow":["GET"]}}],"collection":[{"href":"https:\/\/shamael.noblogs.org\/index.php?rest_route=\/wp\/v2\/posts"}],"about":[{"href":"https:\/\/shamael.noblogs.org\/index.php?rest_route=\/wp\/v2\/types\/post"}],"author":[{"embeddable":true,"href":"https:\/\/shamael.noblogs.org\/index.php?rest_route=\/wp\/v2\/users\/2063"}],"replies":[{"embeddable":true,"href":"https:\/\/shamael.noblogs.org\/index.php?rest_route=%2Fwp%2Fv2%2Fcomments&post=1624"}],"version-history":[{"count":4,"href":"https:\/\/shamael.noblogs.org\/index.php?rest_route=\/wp\/v2\/posts\/1624\/revisions"}],"predecessor-version":[{"id":2230,"href":"https:\/\/shamael.noblogs.org\/index.php?rest_route=\/wp\/v2\/posts\/1624\/revisions\/2230"}],"wp:attachment":[{"href":"https:\/\/shamael.noblogs.org\/index.php?rest_route=%2Fwp%2Fv2%2Fmedia&parent=1624"}],"wp:term":[{"taxonomy":"category","embeddable":true,"href":"https:\/\/shamael.noblogs.org\/index.php?rest_route=%2Fwp%2Fv2%2Fcategories&post=1624"},{"taxonomy":"post_tag","embeddable":true,"href":"https:\/\/shamael.noblogs.org\/index.php?rest_route=%2Fwp%2Fv2%2Ftags&post=1624"}],"curies":[{"name":"wp","href":"https:\/\/api.w.org\/{rel}","templated":true}]}}