{"id":1607,"date":"2011-04-27T11:44:14","date_gmt":"2011-04-27T09:44:14","guid":{"rendered":"http:\/\/shamael.noblogs.org\/?p=1607"},"modified":"2011-05-18T08:53:20","modified_gmt":"2011-05-18T06:53:20","slug":"seguro-seguro-il-bisi-e-ceccuzziano-de-seguro","status":"publish","type":"post","link":"https:\/\/shamael.noblogs.org\/?p=1607","title":{"rendered":"Seguro seguro il Bisi \u00e8 ceccuzziano de seguro"},"content":{"rendered":"<p><a href=\"https:\/\/shamael.noblogs.org\/files\/2011\/04\/Porto_Seguro_6.jpg\"><img loading=\"lazy\" decoding=\"async\" class=\"alignleft size-thumbnail wp-image-1608\" src=\"https:\/\/shamael.noblogs.org\/files\/2011\/04\/Porto_Seguro_6-150x150.jpg\" alt=\"\" width=\"150\" height=\"150\" \/><\/a><a href=\"https:\/\/shamael.noblogs.org\/files\/2010\/12\/bisi1.jpg\"><img loading=\"lazy\" decoding=\"async\" class=\"alignleft size-thumbnail wp-image-176\" src=\"https:\/\/shamael.noblogs.org\/files\/2010\/12\/bisi1-150x150.jpg\" alt=\"\" width=\"150\" height=\"150\" \/><\/a><\/p>\n<p><span style=\"font-family: Calibri\"><strong>Seguramente il Bisi sta affrontando una traversata\u00a0\u00a0nell\u2019oceano\u00a0\u00a0in piena solitudine, confondendo \u201cl\u2019oriente\u201d con l\u2019occidente, e nel vano tentativo di resettare la bussola sbanda da una riva all\u2019altra. <\/strong>In questo suo andare disperso prova a dare un colpo al cerchio e uno alla botte e non si rende conto che quei colpi dati a casaccio si stanno rivelando un boomerang: colpisci colpisci e rimani colpito. Ma si render\u00e0 conto il Bisi che la politica senese( quella reale) \u00e8 stanca del suo non-giornalismo e del suo voler inquinare a tutti i costi la campagna elettorale? Probabilmente il Bisi se ne sta rendendo conto ma \u00e8 talmente orgoglioso da non ammettere l\u2019errore e quindi per dimostrare ai suoi collaboratori e apprendisti che ancora conta qualcosa alza il livello dello scontro e si riposiziona ufficialmente nello schieramento ceccuzziano. A questo punto pero\u2019 due riflessioni sono d\u2019obbligo.<strong>La prima,palesemente scontata, \u00e8 la seguente<\/strong>: Bisi ha deciso di schierare il suo giornale con il Ceccuzzi e alleati dimenticandosi che il chianino aveva dichiarato che \u201cla massoneria \u00e8 moralmente ed eticamente incompatibile con l\u2019iscrizione al partito\u201d.In tutto questo valzer di ipocrisia il Bisi dimentica di ricoprire il ruolo di Presidente del collegio dei Maestri Venerabili della Toscana del Grande Oriente d\u2019Italia.<strong>Visto che il presidente Bisi fa campagna elettorale per lo schieramento ostile alla massoneria che cosa aspetta a dimettersi dall\u2019incarico nel GOI o forse aspetta che qualcuno ne chieda ufficialmente le dimissioni?<\/strong><\/span><\/p>\n<p><span style=\"font-family: Calibri\"><strong>Altra riflessione<\/strong>. Dal suo giornale il Bisi garantisce ampio spazio alla coalizione del Ceccuzzi che attacca i vertici della Banca MPS e addirittura il partito del Ceccuzzi si \u00e8 scagliato contro Caltagirone(socio privato di MPS).<strong>Siccome MPS ha una partecipazione nella societ\u00e0 che edita il corriere di Siena, perch\u00e9 il consiglio di amministrazione della stessa banca non prende la decisione di interrompere questa partecipazione visto che il corriere di Siena fa campagna elettorale per coloro che attaccano la governante della banca?<\/strong><\/span><\/p>\n<p><span style=\"font-family: Calibri\">E oggi per non smentire il suo ritardo nel comprendere l\u2019evoluzione della politica sia locale che nazionale che cosa scrive il Bisi sul\u00a0\u00a0suo giornale? Dei 27 rinviati a giudizio per il dissesto dell\u2019ateneo senese? No di certo. Di questo il Bisi non ne parla e non trova nemmeno il tempo di chiedere un giudizio in tal senso al professore emerito Mauro Barni tanto sponsorizzato nell\u2019album fotografico del corriere di Siena. Di cosa si occupa oggi il Bisi\u00a0\u00a0con fare da giornalismo d\u2019inchiesta mondiale? Di una vicenda che non ha nessuna aderenza con la campagna elettorale e con le vicende della vita civile e politica senese. Il Bisi pensando di fare uno scoop ci racconta di una inchiesta della polizia civile di Porto Seguro(Brasile) e della poliziotta brasiliana Eliana Teles Barbosa.<\/span><\/p>\n<p><strong><span style=\"font-family: Calibri\">Seguramente il Bisi pensava di fare uno scoop strepitoso ma di questa storia sono seguro che non interessa de seguro a nessuno.<\/p>\n<p>Maestro James<br \/>\n<\/span><\/strong><\/p>\n","protected":false},"excerpt":{"rendered":"<p>Seguramente il Bisi sta affrontando una traversata\u00a0\u00a0nell\u2019oceano\u00a0\u00a0in piena solitudine, confondendo \u201cl\u2019oriente\u201d con l\u2019occidente, e nel vano tentativo di resettare la bussola sbanda da una riva all\u2019altra. In questo suo andare disperso prova a dare un colpo al cerchio e uno alla botte e non si rende conto che quei colpi dati a casaccio si stanno [&hellip;]<\/p>\n","protected":false},"author":2063,"featured_media":0,"comment_status":"open","ping_status":"open","sticky":false,"template":"","format":"standard","meta":{"footnotes":""},"categories":[1],"tags":[69,48],"class_list":["post-1607","post","type-post","status-publish","format-standard","hentry","category-general","tag-bisi","tag-corrierino-dei-piccoli"],"_links":{"self":[{"href":"https:\/\/shamael.noblogs.org\/index.php?rest_route=\/wp\/v2\/posts\/1607","targetHints":{"allow":["GET"]}}],"collection":[{"href":"https:\/\/shamael.noblogs.org\/index.php?rest_route=\/wp\/v2\/posts"}],"about":[{"href":"https:\/\/shamael.noblogs.org\/index.php?rest_route=\/wp\/v2\/types\/post"}],"author":[{"embeddable":true,"href":"https:\/\/shamael.noblogs.org\/index.php?rest_route=\/wp\/v2\/users\/2063"}],"replies":[{"embeddable":true,"href":"https:\/\/shamael.noblogs.org\/index.php?rest_route=%2Fwp%2Fv2%2Fcomments&post=1607"}],"version-history":[{"count":3,"href":"https:\/\/shamael.noblogs.org\/index.php?rest_route=\/wp\/v2\/posts\/1607\/revisions"}],"predecessor-version":[{"id":2234,"href":"https:\/\/shamael.noblogs.org\/index.php?rest_route=\/wp\/v2\/posts\/1607\/revisions\/2234"}],"wp:attachment":[{"href":"https:\/\/shamael.noblogs.org\/index.php?rest_route=%2Fwp%2Fv2%2Fmedia&parent=1607"}],"wp:term":[{"taxonomy":"category","embeddable":true,"href":"https:\/\/shamael.noblogs.org\/index.php?rest_route=%2Fwp%2Fv2%2Fcategories&post=1607"},{"taxonomy":"post_tag","embeddable":true,"href":"https:\/\/shamael.noblogs.org\/index.php?rest_route=%2Fwp%2Fv2%2Ftags&post=1607"}],"curies":[{"name":"wp","href":"https:\/\/api.w.org\/{rel}","templated":true}]}}