{"id":1591,"date":"2011-04-26T14:05:26","date_gmt":"2011-04-26T12:05:26","guid":{"rendered":"http:\/\/shamael.noblogs.org\/?p=1591"},"modified":"2011-05-18T08:53:36","modified_gmt":"2011-05-18T06:53:36","slug":"contro-le-liste-di-proscrizione-della-federazione-elogio-della-liberta-di-pensiero-a-proposito-qualcuno-li-ha-spiegato-che-da-qualche-anno-e-stata-introdotta-nel-vocabolario-la-parola-mobbing","status":"publish","type":"post","link":"https:\/\/shamael.noblogs.org\/?p=1591","title":{"rendered":"Contro le liste di proscrizione della federazione. Elogio della libert\u00e0 di pensiero. A proposito, qualcuno li ha spiegato che da qualche anno \u00e8 stata introdotta nel vocabolario la parola mobbing?"},"content":{"rendered":"<p><a href=\"https:\/\/shamael.noblogs.org\/files\/2011\/01\/primula-rossa.jpg\"><img loading=\"lazy\" decoding=\"async\" class=\"alignleft size-full wp-image-421\" src=\"https:\/\/shamael.noblogs.org\/files\/2011\/01\/primula-rossa.jpg\" alt=\"\" width=\"200\" height=\"210\" \/><\/a>Quando al confronto su fatti concreti\u00a0<strong>si sostituiscono le liste di<\/strong> <strong>proscrizione<\/strong> significa che il termine usato da Martelli e che ha tanto scandalizzato il Bisi allora non \u00e8 poi cos\u00ec buttato di fuori.<\/p>\n<p>Se poi la parola &#8216;regime&#8217; sia pi\u00f9 o meno corretta (ovviamente<br \/>\ncontestualizzandola alla realt\u00e0 e quindi dilatandone il significato) non lo so. E\u2019 certo per\u00f2 che\u00a0<strong>quando le liste di proscrizione vengono alimentate di <\/strong><strong>continuo per il semplice fatto di non essere allineati a 360 gradi ai voleri <\/strong><strong>della federazione<\/strong>, beh, <strong>un problema di libert\u00e0 \u00e8 innegabile che esista<\/strong>.<br \/>\nQuello che sfugge a Ceccuzzi \u00e8 che a Siena,\u00a0<strong>tra la gente comune<\/strong> &#8211; che non \u00e8 quella che pensa si viva solo delle alchimie di partito &#8211;\u00a0<strong>questo messaggio \u00e8 passato fin troppo forte<\/strong>. E da parecchio.<\/p>\n<p>Oggi pi\u00f9 che mai le\u00a0<strong>persone vanno selezionate per la testa e non per la tessera<\/strong>. Ma\u00a0<strong>nella logica ceccuzziana, ci\u00f2 che conta \u00e8 la seconda<\/strong>; una \u201cclasse dirigente\u201d scelta solo in base alla cieca obbedienza, in cui i <strong>fidi scudieri sono stati addestrati ad essere subito pronti a processare la gente in piazza sbandierando l\u2019alto tradimento<\/strong>. Un <strong>metodo selettivo in cui si <\/strong><strong>pretende la fedelt\u00e0 assoluta<\/strong>, unico requisito che deve comparire tassativamente nel curriculum, il resto non conta.<\/p>\n<p>E non si pu\u00f2 negare che un tale metodo sia la manifestazione di un\u00a0<strong>sistema malato<\/strong>. Sapete perch\u00e9 ora pi\u00f9 di ieri c\u2019\u00e8 la necessit\u00e0 di un cambio di passo che metta un freno ai polli di allevamento cresciuti in batteria e <strong>indottrinati con il solo credo della federazione<\/strong>? Perch\u00e9\u00a0<strong>\u00e8 la prima volta che le risorse stanno davvero finendo<\/strong>, vuoi un po\u2019 la crisi economica vuoi un po\u2019 il fatto che il mercato del lavoro ha sub\u00ecto un\u2019accelerazione tale inconciliabile con la scelta delle persone selezionate da Ceccuzzi. Ma lui, d\u2019altronde non pu\u00f2 fare altrimenti,\u00a0<strong>non ci pare di vederlo circondato da spiccate professionalit\u00e0<\/strong>. Ci sono assessori e consiglieri comunali di<br \/>\nprofessione \u00a0o funzionari di partito sempre rigorosamente di professione,\u00a0<strong>ma non ci sono figure che possano vantare esperienze lavorative<\/strong> vere e tali da dare garanzie di buona amministrazione. Metodo che viene replicato anche nella selezione dei giovani alleati. Artefici di una politica del megafono verso i quali quando le luci della ribalta si sono spente hai un\u2019immensa<br \/>\ndifficolt\u00e0 a ricordarti cosa hanno fatto.<\/p>\n<p>Prendete la\u00a0<strong>superficialit\u00e0 e l\u2019irresponsabilit\u00e0 con cui hanno attaccato e continuano ad attaccare il vice presidente del Monte dei Paschi, l\u2019Ing.<\/strong> <strong>Caltagirone<\/strong>. Pensate <strong>se solo per un attimo quest\u2019ultimo avesse ragionato con la stizza con cui sono abituati a ragionare loro<\/strong> e, per ripagarli con la stessa moneta avesse detto, va bene se non mi volete me ne vado e tutto ci\u00f2 che ho investito nel Monte lo investo da un\u2019altra parte.<\/p>\n<p>Non dimentichiamoci che\u00a0<strong>gli attacchi irresponsabili verso la banca<\/strong> (perch\u00e9<strong> non prendiamoci in giro, attaccare il suo maggior socio privato significa<\/strong> <strong>voler mandare un preciso messaggio che va ben al di l\u00e0 della sua persona<\/strong>) cadono in un momento assai delicato con un aumento di capitale in corso che dovr\u00e0 necessariamente garantire un maggiore sostegno anche alla ripresa delle aziende. Avete idea del d<strong>isastro economico che si sarebbe abbattuto su Siena se qualcuno avesse agito con i metodi da rappresaglia dei comunicatori e strateghi ceccuzziani<\/strong>? Chi avrebbe rilevato la partecipazione da svariati soldini di Caltagirone, i fedeli comunicatori ceccuzziani insieme agli altri ragazzini di bottega che stanno in federazione? Quando hanno scritto quegli attacchi (passati poi come sempre al solito Mugnaioli che si \u00e8 prestato a metterci faccia e firma) \u00a0hanno prospettato questo scenario? E se s\u00ec, <strong>dove pensavano di andare a reperire tali risorse, facendo una bella cena di sottoscrizione in Fortezza<\/strong>? Qui la logica degli egoismi e della\u00a0<strong>grettezza culturale<\/strong> avrebbe potuto assestare un duro colpo alla banca e quindi a Siena e, chiss\u00e0, magari, se ci\u00f2 fosse avvenuto gli artefici del folle comunicato si sarebbero anche sentiti dei bei ganzoni convinti, nelle loro teste, di aver fatto una prova muscolare e di averla vinta. Forse\u00a0<strong>\u00e8 arrivata l\u2019ora che questi ragazzi di bottega di tutte le et\u00e0 che giocano con il fuoco<\/strong> rischiando, per\u00f2, di far bruciare non solo s\u00e9 stessi (e fin l\u00ec poco male) ma anche tutta l\u2019intera comunit\u00e0 senese,\u00a0<strong>vadano a lavorare sul serio in modo da capire quanto sia caro guadagnarsi il pane senza che sia il partito a dartelo<\/strong> e, forse solo allora, cominceranno a rendersi conto che <strong>l\u2019attacco che hanno fatto pu\u00f2 tranquillamente essere archiviato alla voce &#8216;irresponsabile cazzata<\/strong>&#8216;.<\/p>\n<p><strong>p.s.<\/strong> ancora non c&#8217;\u00e8 stata una dichiarazione da parte dei\u00a0<strong>consiglieri del Monte in quota PD<\/strong>: sono d&#8217;accordo o no con quanto firmato da Mugnaioli? <strong>Borghi, Monaci e Rabizzi vogliono anche loro che Caltagirone se ne vada? Perch\u00e9 non dicono niente?<\/strong><\/p>\n<p>Firmato<br \/>\n<strong>La Primula Rossa<\/strong><\/p>\n","protected":false},"excerpt":{"rendered":"<p>Quando al confronto su fatti concreti\u00a0si sostituiscono le liste di proscrizione significa che il termine usato da Martelli e che ha tanto scandalizzato il Bisi allora non \u00e8 poi cos\u00ec buttato di fuori. Se poi la parola &#8216;regime&#8217; sia pi\u00f9 o meno corretta (ovviamente contestualizzandola alla realt\u00e0 e quindi dilatandone il significato) non lo so. [&hellip;]<\/p>\n","protected":false},"author":2063,"featured_media":0,"comment_status":"open","ping_status":"open","sticky":false,"template":"","format":"standard","meta":{"footnotes":""},"categories":[1],"tags":[22],"class_list":["post-1591","post","type-post","status-publish","format-standard","hentry","category-general","tag-politica-senese"],"_links":{"self":[{"href":"https:\/\/shamael.noblogs.org\/index.php?rest_route=\/wp\/v2\/posts\/1591","targetHints":{"allow":["GET"]}}],"collection":[{"href":"https:\/\/shamael.noblogs.org\/index.php?rest_route=\/wp\/v2\/posts"}],"about":[{"href":"https:\/\/shamael.noblogs.org\/index.php?rest_route=\/wp\/v2\/types\/post"}],"author":[{"embeddable":true,"href":"https:\/\/shamael.noblogs.org\/index.php?rest_route=\/wp\/v2\/users\/2063"}],"replies":[{"embeddable":true,"href":"https:\/\/shamael.noblogs.org\/index.php?rest_route=%2Fwp%2Fv2%2Fcomments&post=1591"}],"version-history":[{"count":5,"href":"https:\/\/shamael.noblogs.org\/index.php?rest_route=\/wp\/v2\/posts\/1591\/revisions"}],"predecessor-version":[{"id":2237,"href":"https:\/\/shamael.noblogs.org\/index.php?rest_route=\/wp\/v2\/posts\/1591\/revisions\/2237"}],"wp:attachment":[{"href":"https:\/\/shamael.noblogs.org\/index.php?rest_route=%2Fwp%2Fv2%2Fmedia&parent=1591"}],"wp:term":[{"taxonomy":"category","embeddable":true,"href":"https:\/\/shamael.noblogs.org\/index.php?rest_route=%2Fwp%2Fv2%2Fcategories&post=1591"},{"taxonomy":"post_tag","embeddable":true,"href":"https:\/\/shamael.noblogs.org\/index.php?rest_route=%2Fwp%2Fv2%2Ftags&post=1591"}],"curies":[{"name":"wp","href":"https:\/\/api.w.org\/{rel}","templated":true}]}}