{"id":1528,"date":"2011-04-15T20:12:18","date_gmt":"2011-04-15T18:12:18","guid":{"rendered":"http:\/\/shamael.noblogs.org\/?p=1528"},"modified":"2011-05-18T08:57:45","modified_gmt":"2011-05-18T06:57:45","slug":"essere-precari-stanca","status":"publish","type":"post","link":"https:\/\/shamael.noblogs.org\/?p=1528","title":{"rendered":"Essere precari stanca"},"content":{"rendered":"<p><a href=\"https:\/\/shamael.noblogs.org\/files\/2011\/04\/precari.jpg\"><img loading=\"lazy\" decoding=\"async\" class=\"alignleft size-full wp-image-1529\" src=\"https:\/\/shamael.noblogs.org\/files\/2011\/04\/precari.jpg\" alt=\"\" width=\"478\" height=\"318\" srcset=\"https:\/\/shamael.noblogs.org\/files\/2011\/04\/precari.jpg 520w, https:\/\/shamael.noblogs.org\/files\/2011\/04\/precari-300x200.jpg 300w\" sizes=\"auto, (max-width: 478px) 100vw, 478px\" \/><\/a><a href=\"https:\/\/shamael.noblogs.org\/files\/2011\/01\/fiorino.jpg\"><img loading=\"lazy\" decoding=\"async\" class=\"alignleft size-thumbnail wp-image-401\" src=\"https:\/\/shamael.noblogs.org\/files\/2011\/01\/fiorino-150x150.jpg\" alt=\"\" width=\"150\" height=\"150\" \/><\/a><a href=\"https:\/\/shamael.noblogs.org\/files\/2011\/04\/mani1.jpg\"><img loading=\"lazy\" decoding=\"async\" class=\"alignleft size-thumbnail wp-image-1530\" src=\"https:\/\/shamael.noblogs.org\/files\/2011\/04\/mani1-150x150.jpg\" alt=\"\" width=\"150\" height=\"150\" \/><\/a><a href=\"https:\/\/shamael.noblogs.org\/files\/2011\/02\/boldrini.jpg\"><img loading=\"lazy\" decoding=\"async\" class=\"alignleft size-full wp-image-869\" src=\"https:\/\/shamael.noblogs.org\/files\/2011\/02\/boldrini.jpg\" alt=\"\" width=\"150\" height=\"137\" \/><\/a>O bravo Iantorno! Essere precari stanca? Certo che stanca. Lo sanno benissimo i precari e lo sanno benissimo anche quei lavoratori che subiscono le angherie di certi poteri baronali che tu sostieni da una vita. Lo sai cos&#8217;\u00e8 che stanca? Stanca la tua propaganda fatta di parole vuote tese solo a cavalcare buttando fumo negli occhi un ipotetico consenso che per fortuna stavolta il tuo partito a Siena non otterr\u00e0. Hai una bella faccia tosta a presentarti come rinnovamento e discontinuit\u00e0 in questa citt\u00e0. Prima hai scorrazzato politicamente dietro la guida del tuo mentore Boldrini con cui hai condiviso il sostegno della nomenclatura tosiana, avendo anche fatto parte del consiglio di amministrazione dell&#8217;Universit\u00e0. Poi, sempre insieme al tuo mentore Boldrini, avete sostenuto Riccaboni e politicamente hai accettato tutti gli attacchi sindacali contro i lavoratori portati da Riccaboni e Fabbro. Poi ti sei sdraiato a sostegno del vero responsabile del disastro di Siena Franco Ceccuzzi con la speranza di fare l&#8217;assessore e per mantenere alta questa speranza ti sei fatto sostenere dal PD ceccuzziano e in perfetto stile bulgaro avete utilizzato i vostri dirigenti nazionali per modificare il voto contro Ceccuzzi espresso dal partito senese. Ma pensi che gli elettori di sinistra non abbiano capito il tuo comportamento? Fanno e faranno bene a sostenere la candidatura di Laura Vigni che rappresenta gente veramente si sinistra e autonoma dai diktat delle correnti ceccuzziane.<\/p>\n<p>Infine al sig. Fiorino vogliamo spiegare una cosa: prima fa la morale contro Pierluigi Piccini, poi contro Silvano Focardi, poi contro l&#8217;Associazione Per Siena, poi contro i vertici del MPS, poi contro Laura Vigni e la sua lista. Ma insomma caro Fiorino perch\u00e9 non ti fermi un attimo a riflettere sul fatto di essere al tramonto politico e che questa citt\u00e0 non ha bisogno di cercatori di poltrone e di propoagandisti ad orologeria?<\/p>\n<p>Buonanotte.<\/p>\n<p>&nbsp;<\/p>\n","protected":false},"excerpt":{"rendered":"<p>O bravo Iantorno! Essere precari stanca? Certo che stanca. Lo sanno benissimo i precari e lo sanno benissimo anche quei lavoratori che subiscono le angherie di certi poteri baronali che tu sostieni da una vita. Lo sai cos&#8217;\u00e8 che stanca? Stanca la tua propaganda fatta di parole vuote tese solo a cavalcare buttando fumo negli [&hellip;]<\/p>\n","protected":false},"author":2063,"featured_media":0,"comment_status":"open","ping_status":"open","sticky":false,"template":"","format":"standard","meta":{"footnotes":""},"categories":[1],"tags":[181,112,83,131,182,180],"class_list":["post-1528","post","type-post","status-publish","format-standard","hentry","category-general","tag-boldrini","tag-ceccuzzi","tag-dissestatori","tag-iantorno","tag-paolo-ferrero","tag-precari"],"_links":{"self":[{"href":"https:\/\/shamael.noblogs.org\/index.php?rest_route=\/wp\/v2\/posts\/1528","targetHints":{"allow":["GET"]}}],"collection":[{"href":"https:\/\/shamael.noblogs.org\/index.php?rest_route=\/wp\/v2\/posts"}],"about":[{"href":"https:\/\/shamael.noblogs.org\/index.php?rest_route=\/wp\/v2\/types\/post"}],"author":[{"embeddable":true,"href":"https:\/\/shamael.noblogs.org\/index.php?rest_route=\/wp\/v2\/users\/2063"}],"replies":[{"embeddable":true,"href":"https:\/\/shamael.noblogs.org\/index.php?rest_route=%2Fwp%2Fv2%2Fcomments&post=1528"}],"version-history":[{"count":4,"href":"https:\/\/shamael.noblogs.org\/index.php?rest_route=\/wp\/v2\/posts\/1528\/revisions"}],"predecessor-version":[{"id":2252,"href":"https:\/\/shamael.noblogs.org\/index.php?rest_route=\/wp\/v2\/posts\/1528\/revisions\/2252"}],"wp:attachment":[{"href":"https:\/\/shamael.noblogs.org\/index.php?rest_route=%2Fwp%2Fv2%2Fmedia&parent=1528"}],"wp:term":[{"taxonomy":"category","embeddable":true,"href":"https:\/\/shamael.noblogs.org\/index.php?rest_route=%2Fwp%2Fv2%2Fcategories&post=1528"},{"taxonomy":"post_tag","embeddable":true,"href":"https:\/\/shamael.noblogs.org\/index.php?rest_route=%2Fwp%2Fv2%2Ftags&post=1528"}],"curies":[{"name":"wp","href":"https:\/\/api.w.org\/{rel}","templated":true}]}}