{"id":1520,"date":"2011-04-15T14:16:28","date_gmt":"2011-04-15T12:16:28","guid":{"rendered":"http:\/\/shamael.noblogs.org\/?p=1520"},"modified":"2011-05-18T08:58:00","modified_gmt":"2011-05-18T06:58:00","slug":"1520","status":"publish","type":"post","link":"https:\/\/shamael.noblogs.org\/?p=1520","title":{"rendered":"Basta coi dissestatori e coi loro supporter"},"content":{"rendered":"<p><a href=\"https:\/\/shamael.noblogs.org\/files\/2011\/02\/boldrini.jpg\"><img loading=\"lazy\" decoding=\"async\" class=\"alignleft size-full wp-image-869\" src=\"https:\/\/shamael.noblogs.org\/files\/2011\/02\/boldrini.jpg\" alt=\"\" width=\"150\" height=\"137\" \/><\/a><a href=\"https:\/\/shamael.noblogs.org\/files\/2011\/04\/barni.jpg\"><img loading=\"lazy\" decoding=\"async\" class=\"alignleft size-full wp-image-1521\" src=\"https:\/\/shamael.noblogs.org\/files\/2011\/04\/barni.jpg\" alt=\"\" width=\"203\" height=\"159\" \/><\/a><a href=\"https:\/\/shamael.noblogs.org\/files\/2011\/01\/PieroTosi_G.gif\"><img loading=\"lazy\" decoding=\"async\" class=\"alignleft size-full wp-image-245\" src=\"https:\/\/shamael.noblogs.org\/files\/2011\/01\/PieroTosi_G.gif\" alt=\"\" width=\"84\" height=\"110\" \/><\/a><a href=\"https:\/\/shamael.noblogs.org\/files\/2011\/01\/bigi.jpg\"><img loading=\"lazy\" decoding=\"async\" class=\"alignleft size-full wp-image-536\" src=\"https:\/\/shamael.noblogs.org\/files\/2011\/01\/bigi.jpg\" alt=\"\" width=\"150\" height=\"128\" \/><\/a><a href=\"https:\/\/shamael.noblogs.org\/files\/2011\/04\/27.png\"><img loading=\"lazy\" decoding=\"async\" class=\"alignleft size-thumbnail wp-image-1522\" src=\"https:\/\/shamael.noblogs.org\/files\/2011\/04\/27-150x150.png\" alt=\"\" width=\"150\" height=\"150\" srcset=\"https:\/\/shamael.noblogs.org\/files\/2011\/04\/27-150x150.png 150w, https:\/\/shamael.noblogs.org\/files\/2011\/04\/27-300x300.png 300w, https:\/\/shamael.noblogs.org\/files\/2011\/04\/27.png 430w\" sizes=\"auto, (max-width: 150px) 100vw, 150px\" \/><\/a>Vi ricordate di Maurizio Boldrini? Maurizio Boldrini, braccio destro di Tosi, ex responsabile Area Comunicazione e Marketing dell&#8217;Universit\u00e0 di Siena, sponsor ufficiale della societ\u00e0 InFact e del rettore Riccaboni \u00e8 iscritto al PD senese e sostenitore attivo di Franco Ceccuzzi. Infatti ecco cosa ha dichiarato alla stampa il genio Maurizio Boldrini:<\/p>\n<p>&#8220;Sono iscritto al PD e alle prossime elezioni amministrative di Siena far\u00f2 la campagna elettorale per il partito al quale sono iscritto e per il cadidato &#8230; che sar\u00e0 scelto&#8221;.<\/p>\n<p>Vi ricordate di Piero Tosi? Piero Tosi \u00e8 la massima espressione della nomenklatura dissestatrice dell&#8217;Ateneo da sempre vicino al partito di Ceccuzzi e infatti lo stesso Ceccuzzi esprimeva la propria stima al Tosi.<\/p>\n<p>Vi ricordate di Loriano Bigi? Forse qualcuno se ne sta ricordando in questi giorni.<\/p>\n<p>Vi ricordate Mauro Barni? Mauro Barni in questi anni veniva descritto come il vecchio saggio della politica senese, con un nuovo super partes. Oggi, nel segno della discontinuit\u00e0, \u00e8 il primo sostenitore di Franco Ceccuzzi, oltre ad essere un sostenitore della gestione Riccaboni-Fabbro dell&#8217;Universit\u00e0. Infatti il Barni in un&#8217;iniziativa dell&#8217;Associazione Siena Futura del neoceccuzziano Mauro Marzucchi ha tessuto le lodi di Ines Fabbro. O bravo Barni! Perch\u00e9 non ci d\u00e0 un giudizio sul dissesto universitario e sui responsabili e non ci spiega come mai si \u00e8 schierato col partito che ha sostenuto i dissestatori?<\/p>\n<p>Vi ricordate il CdA dell&#8217;Universit\u00e0? Cannamela nel segno del suo sostegno a spada tratta di Riccaboni ha visto bene di candidare nella propria lista (e qui si pone un problema etico non da poco sui ruoli) il consigliere di amministrazione attuale Cosimo Francini. Ora capiamo perch\u00e9 il Francini \u00e8 sdraiato davanti a Riccaboni e Fabbro e sostiene la loro politica contro i dipendenti e gli studenti che lui dovrebbe rappresentare. Bella figura! Complimenti!<\/p>\n<p>Vi ricordate che il 15 e 16 maggio si vota per le elezioni comunali? Ecco ricordiamoci chi sono i dissestatori dell&#8217;Ateneo, i loro sostenitori seminati nelle liste che appoggiano Ceccuzzi. L&#8217;Ateneo, come tutta la Citt\u00e0, necessita di una svolta per risanare non solo l&#8217;Ateneo, ma tutte le istituzioni cittadine e non solo finanziariamente, ma anche sotto il profilo etico.<\/p>\n<p>Basta con i dissestatori e basta con i loro supporter politici!<\/p>\n<p>E questo basta ripetiamolo almeno 27 volte!<\/p>\n","protected":false},"excerpt":{"rendered":"<p>Vi ricordate di Maurizio Boldrini? Maurizio Boldrini, braccio destro di Tosi, ex responsabile Area Comunicazione e Marketing dell&#8217;Universit\u00e0 di Siena, sponsor ufficiale della societ\u00e0 InFact e del rettore Riccaboni \u00e8 iscritto al PD senese e sostenitore attivo di Franco Ceccuzzi. Infatti ecco cosa ha dichiarato alla stampa il genio Maurizio Boldrini: &#8220;Sono iscritto al PD [&hellip;]<\/p>\n","protected":false},"author":2063,"featured_media":0,"comment_status":"open","ping_status":"open","sticky":false,"template":"","format":"standard","meta":{"footnotes":""},"categories":[1],"tags":[112,176,178,76],"class_list":["post-1520","post","type-post","status-publish","format-standard","hentry","category-general","tag-ceccuzzi","tag-dissesto-dellateneo","tag-mauro-barni","tag-pd-senese"],"_links":{"self":[{"href":"https:\/\/shamael.noblogs.org\/index.php?rest_route=\/wp\/v2\/posts\/1520","targetHints":{"allow":["GET"]}}],"collection":[{"href":"https:\/\/shamael.noblogs.org\/index.php?rest_route=\/wp\/v2\/posts"}],"about":[{"href":"https:\/\/shamael.noblogs.org\/index.php?rest_route=\/wp\/v2\/types\/post"}],"author":[{"embeddable":true,"href":"https:\/\/shamael.noblogs.org\/index.php?rest_route=\/wp\/v2\/users\/2063"}],"replies":[{"embeddable":true,"href":"https:\/\/shamael.noblogs.org\/index.php?rest_route=%2Fwp%2Fv2%2Fcomments&post=1520"}],"version-history":[{"count":5,"href":"https:\/\/shamael.noblogs.org\/index.php?rest_route=\/wp\/v2\/posts\/1520\/revisions"}],"predecessor-version":[{"id":2254,"href":"https:\/\/shamael.noblogs.org\/index.php?rest_route=\/wp\/v2\/posts\/1520\/revisions\/2254"}],"wp:attachment":[{"href":"https:\/\/shamael.noblogs.org\/index.php?rest_route=%2Fwp%2Fv2%2Fmedia&parent=1520"}],"wp:term":[{"taxonomy":"category","embeddable":true,"href":"https:\/\/shamael.noblogs.org\/index.php?rest_route=%2Fwp%2Fv2%2Fcategories&post=1520"},{"taxonomy":"post_tag","embeddable":true,"href":"https:\/\/shamael.noblogs.org\/index.php?rest_route=%2Fwp%2Fv2%2Ftags&post=1520"}],"curies":[{"name":"wp","href":"https:\/\/api.w.org\/{rel}","templated":true}]}}