{"id":1493,"date":"2011-04-13T08:06:45","date_gmt":"2011-04-13T06:06:45","guid":{"rendered":"http:\/\/shamael.noblogs.org\/?p=1493"},"modified":"2011-05-18T09:01:27","modified_gmt":"2011-05-18T07:01:27","slug":"ma-come-ha-fatto-lo-possiamo-sapere","status":"publish","type":"post","link":"https:\/\/shamael.noblogs.org\/?p=1493","title":{"rendered":"Ma come ha fatto lo possiamo sapere?"},"content":{"rendered":"<p><a href=\"https:\/\/shamael.noblogs.org\/files\/2011\/02\/piccini.jpg\"><img loading=\"lazy\" decoding=\"async\" class=\"alignleft size-full wp-image-898\" src=\"https:\/\/shamael.noblogs.org\/files\/2011\/02\/piccini.jpg\" alt=\"\" width=\"100\" height=\"100\" \/><\/a>Il signore nella foto, ricandidato al consiglio comunale di Siena e per cinque anni in consiglio provinciale e altri cinque presidente del consiglio comunale, \u00e8 in aspettativa per motivi politici da dieci anni. Era un dipendente dell&#8217;Universit\u00e0 di Siena (ha fatto parte anche del CdA di Tosi insieme a Burresi e Iantorno) e oggi, nonostante fosse in aspettativa, \u00e8 invece dipendente dell&#8217;Asl.<\/p>\n<p>Ora questi uffici vorrebbero sapere da lui, visto che molti dipendenti universitari vorrebbero godere della mobilit\u00e0 intercompartimentale senza cambiare citt\u00e0, quali sono le procedure esatte da seguire. Che domanda va fatta all&#8217;ente che rilascia il visto? E quale invece all&#8217;ente ricevente? Bisogna produrre dei certificati? Qualche tessera? E gi\u00e0 che ci siamo, visto che a questi uffici risulta che sia stata in Ateneo istituita una commissione per la mobilit\u00e0, Piccini pu\u00f2 dare qualche suggerimento oppure mostrare uno schemino?<\/p>\n<p>Ci dica ci dica Piccini. Siamo qui ad attendere le sue risposte. Trovi due minuti durante la sua TERZA campagna elettorale per spiegare ai suoi ex colleghi come si fa a lasciare la barca che affonda. E magari, nel contesto, potrebbe dire anche qualche parola di solidariet\u00e0 o addirittura spiegare perch\u00e9 n\u00e9 lui n\u00e9 il suo partito n\u00e9 l&#8217;amministrazione di cui ha fatto parte ha mosso un dito per l&#8217;Ateneo.<\/p>\n<p>Siamo curiosi<\/p>\n<p>Firmato<\/p>\n<p><strong>Cesare Mori<\/strong><\/p>\n","protected":false},"excerpt":{"rendered":"<p>Il signore nella foto, ricandidato al consiglio comunale di Siena e per cinque anni in consiglio provinciale e altri cinque presidente del consiglio comunale, \u00e8 in aspettativa per motivi politici da dieci anni. Era un dipendente dell&#8217;Universit\u00e0 di Siena (ha fatto parte anche del CdA di Tosi insieme a Burresi e Iantorno) e oggi, nonostante [&hellip;]<\/p>\n","protected":false},"author":2063,"featured_media":0,"comment_status":"open","ping_status":"open","sticky":false,"template":"","format":"standard","meta":{"footnotes":""},"categories":[1],"tags":[170,173],"class_list":["post-1493","post","type-post","status-publish","format-standard","hentry","category-general","tag-nuovo-che-avanza","tag-privilegi"],"_links":{"self":[{"href":"https:\/\/shamael.noblogs.org\/index.php?rest_route=\/wp\/v2\/posts\/1493","targetHints":{"allow":["GET"]}}],"collection":[{"href":"https:\/\/shamael.noblogs.org\/index.php?rest_route=\/wp\/v2\/posts"}],"about":[{"href":"https:\/\/shamael.noblogs.org\/index.php?rest_route=\/wp\/v2\/types\/post"}],"author":[{"embeddable":true,"href":"https:\/\/shamael.noblogs.org\/index.php?rest_route=\/wp\/v2\/users\/2063"}],"replies":[{"embeddable":true,"href":"https:\/\/shamael.noblogs.org\/index.php?rest_route=%2Fwp%2Fv2%2Fcomments&post=1493"}],"version-history":[{"count":3,"href":"https:\/\/shamael.noblogs.org\/index.php?rest_route=\/wp\/v2\/posts\/1493\/revisions"}],"predecessor-version":[{"id":2262,"href":"https:\/\/shamael.noblogs.org\/index.php?rest_route=\/wp\/v2\/posts\/1493\/revisions\/2262"}],"wp:attachment":[{"href":"https:\/\/shamael.noblogs.org\/index.php?rest_route=%2Fwp%2Fv2%2Fmedia&parent=1493"}],"wp:term":[{"taxonomy":"category","embeddable":true,"href":"https:\/\/shamael.noblogs.org\/index.php?rest_route=%2Fwp%2Fv2%2Fcategories&post=1493"},{"taxonomy":"post_tag","embeddable":true,"href":"https:\/\/shamael.noblogs.org\/index.php?rest_route=%2Fwp%2Fv2%2Ftags&post=1493"}],"curies":[{"name":"wp","href":"https:\/\/api.w.org\/{rel}","templated":true}]}}