{"id":1471,"date":"2011-04-12T09:45:51","date_gmt":"2011-04-12T07:45:51","guid":{"rendered":"http:\/\/shamael.noblogs.org\/?p=1471"},"modified":"2011-05-18T09:02:00","modified_gmt":"2011-05-18T07:02:00","slug":"ecco-a-chi-ceccuzzi-vorrebbe-in-parte-affidare-le-redini-della-citta-fiorino-iantorno-e-cannamela-quali-strategie-industriali-per-la-banca-la-fondazione-luniversita-e-lospedale-propongono-il-s","status":"publish","type":"post","link":"https:\/\/shamael.noblogs.org\/?p=1471","title":{"rendered":"Ecco a chi Ceccuzzi vorrebbe in parte affidare le redini della citt\u00e0: Fiorino Iantorno e Cannamela. Quali strategie industriali per la Banca, la Fondazione, l&#8217;Universit\u00e0 e l&#8217;Ospedale propongono il Sellato Cannamela e Iantorno?"},"content":{"rendered":"<p><a href=\"https:\/\/shamael.noblogs.org\/files\/2011\/04\/iantorno.jpg\"><img loading=\"lazy\" decoding=\"async\" class=\"alignleft size-thumbnail wp-image-1472\" src=\"https:\/\/shamael.noblogs.org\/files\/2011\/04\/iantorno-150x150.jpg\" alt=\"\" width=\"150\" height=\"150\" \/><\/a><a href=\"https:\/\/shamael.noblogs.org\/files\/2011\/04\/SEL-dirigenti-siena.jpg\"><img loading=\"lazy\" decoding=\"async\" class=\"alignleft size-thumbnail wp-image-1473\" src=\"https:\/\/shamael.noblogs.org\/files\/2011\/04\/SEL-dirigenti-siena-150x150.jpg\" alt=\"\" width=\"150\" height=\"150\" \/><\/a>Mai come in questo momento\u00a0<strong>la selezione della classe dirigente e delle <\/strong><strong>persone che dovrebbero farne<\/strong> parte \u00e8 di fondamentale importanza. E come valutarla? Per esempio verificando cosa hanno fatto nella vita,\u00a0<strong>quali esperienze professionali hanno maturato<\/strong>.<br \/>\nPrendiamo, <strong>il partito di Ceccuzzi<\/strong>. Oramai non \u00e8 pi\u00f9 lo stesso che tutti voi ricordavate; ha mantenuto i brutti vizi perdendo, per\u00f2, le vecchie teste pensanti e le\u00a0<strong>c.d. nuove leve non hanno lo spessore per prendere in mano le redini dell&#8217;amministrazione<\/strong>. Non \u00e8 una critica, \u00e8 una constatazione. Anzi, se queste persone tenessero davvero a Siena dovrebbero\u00a0<strong>farsi un bell&#8217;esame di coscienza e capire se sono in grado di candidarsi a governarla o se la<\/strong><br \/>\n<strong>voglia di potere \u00e8 fine a s\u00e9 stessa.<\/strong> Facciamo un altro esempio, <strong>guardiamo <\/strong><strong>a due dei personaggi su cui punta Ceccuzzi. Il primo, Fiorino Iantorno di <\/strong><strong>Rifondazione Comunista<\/strong> (anzi, quella parte di Rifondazione Comunista che a fronte di una libera votazione che aveva scelto di non sostenere Ceccuzzi, si \u00e8 attaccata alle gonne di Roma perch\u00e9 <strong>l&#8217;imposizione a sostenerlo<\/strong> <strong>arrivasse dall&#8217;alto<\/strong>); <strong>ha criticato la gestione della Banca<\/strong>, cosa legittima ci mancherebbe altro, ma si \u00e8 dimenticato di spiegare una cosa:\u00a0<strong>qual \u00e8 la sua visione industriale del Monte da qui ai prossimi tre anni<\/strong>? Il secondo,\u00a0<strong>il Sellato Cannamela. Domanda anche a lui: come pensa debba essere <\/strong><strong>affrontata la ricapitalizzazione della maggior fonte di lavoro <\/strong><strong>senese?<\/strong> Perch\u00e9 dato che entrambi aspirano a ricoprire i vertici della citt\u00e0 e Ceccuzzi d\u00e0 loro tutto lo spazio che chiedono &#8211; compreso il dettare parte della linea politica della sua coalizione &#8211; <strong>sarebbe il caso che si<\/strong> <strong>confrontassero seriamente e pubblicamente sull&#8217;argomento<\/strong>. <strong>Chi bramasse di <\/strong><strong>arrivare nei posti di comando per il potere fine a s\u00e9 stesso senza le <\/strong><strong>necessarie competenze tecniche, creerebbe l&#8217;anticamera del disastro per <\/strong><strong>Siena<\/strong>. Se Fiorino Iantorno e Cannamela, che Ceccuzzi il PD vogliono come nuovi dirigenti a cui affidare le sorti di Siena,\u00a0<strong>dovessero trovarsi a <\/strong><strong>confrontarsi sul futuro della Fondazione e della Banca con gli azionisti<\/strong> <strong>privati, cosa suggerirebbero loro di fare<\/strong>?<strong> Quali sarebbero le proposte che<\/strong> <strong>Iantorno e Cannamela indicherebbero, per esempio, al vice presidente <\/strong><strong>Caltagirone? Immaginatevi un p\u00f2 la scena, perch\u00e9 si parla anche di <\/strong><strong>questo<\/strong>. Bisogna pensare che Ceccuzzi intende affidarli un pezzo importante delle decisioni che riguarderanno la vita dei senesi; infatti\u00a0<strong>gira <\/strong><strong>insistentemente la voce che laddove i senesi votassero Ceccuzzi, lui <\/strong><strong>nominerebbe sia Cannamela che Iantorno come suoi assessori<\/strong>*. E siccome\u00a0<strong>otto <\/strong><strong>membri della Fondazione MPS sono indicati dal Comune, voi capite che ci\u00f2 che <\/strong><strong>diciamo non \u00e8 poi cos\u00ec tanto campato in aria<\/strong>.\u00a0<strong>Quindi, anche Cannamela e <\/strong><strong>Iantorno sceglieranno i consiglieri di amministrazione della Fondazione <\/strong><strong>Monte dei Paschi e da l\u00ec, di riffa o di raffa, avranno titolo per mettere<\/strong> <strong>bocca sulle scelte della Banca: \u00e8 chiaro?<\/strong> Ovviamente l&#8217;influenza non si fermerebbe alle decisioni sul Monte, ma si estenderebbe a come gestire le erogazioni della Fondazione, a come risanare il disastro economico dell&#8217;Ateneo verificatosi in anni in cui la politica del partito di Ceccuzzi e lui in\u00a0<strong>primis<\/strong> hanno dimostrato di essere stati totalmente incapaci di capire cosa stava succedendo, o forse, sul principio che tra compagni non ci si morde, era preferibile non interessarsene troppo.<br \/>\nInsomma secondo <strong>Ceccuzzi, ecco i volti nuovi a cui intenderebbe affidare <\/strong><strong>Siena, gli estremisti Iantorno e Cannamela<\/strong>. Per\u00f2 dimentica un particolare:\u00a0<strong>i senesi amano gli estremismi come i gatti amano l&#8217;acqua<\/strong>.<\/p>\n<p>Firmato<br \/>\n<strong>La Primula Rossa<\/strong><\/p>\n","protected":false},"excerpt":{"rendered":"<p>Mai come in questo momento\u00a0la selezione della classe dirigente e delle persone che dovrebbero farne parte \u00e8 di fondamentale importanza. E come valutarla? Per esempio verificando cosa hanno fatto nella vita,\u00a0quali esperienze professionali hanno maturato. Prendiamo, il partito di Ceccuzzi. Oramai non \u00e8 pi\u00f9 lo stesso che tutti voi ricordavate; ha mantenuto i brutti vizi [&hellip;]<\/p>\n","protected":false},"author":2063,"featured_media":0,"comment_status":"open","ping_status":"open","sticky":false,"template":"","format":"standard","meta":{"footnotes":""},"categories":[1],"tags":[131,129],"class_list":["post-1471","post","type-post","status-publish","format-standard","hentry","category-general","tag-iantorno","tag-sellato-cannamela"],"_links":{"self":[{"href":"https:\/\/shamael.noblogs.org\/index.php?rest_route=\/wp\/v2\/posts\/1471","targetHints":{"allow":["GET"]}}],"collection":[{"href":"https:\/\/shamael.noblogs.org\/index.php?rest_route=\/wp\/v2\/posts"}],"about":[{"href":"https:\/\/shamael.noblogs.org\/index.php?rest_route=\/wp\/v2\/types\/post"}],"author":[{"embeddable":true,"href":"https:\/\/shamael.noblogs.org\/index.php?rest_route=\/wp\/v2\/users\/2063"}],"replies":[{"embeddable":true,"href":"https:\/\/shamael.noblogs.org\/index.php?rest_route=%2Fwp%2Fv2%2Fcomments&post=1471"}],"version-history":[{"count":5,"href":"https:\/\/shamael.noblogs.org\/index.php?rest_route=\/wp\/v2\/posts\/1471\/revisions"}],"predecessor-version":[{"id":2266,"href":"https:\/\/shamael.noblogs.org\/index.php?rest_route=\/wp\/v2\/posts\/1471\/revisions\/2266"}],"wp:attachment":[{"href":"https:\/\/shamael.noblogs.org\/index.php?rest_route=%2Fwp%2Fv2%2Fmedia&parent=1471"}],"wp:term":[{"taxonomy":"category","embeddable":true,"href":"https:\/\/shamael.noblogs.org\/index.php?rest_route=%2Fwp%2Fv2%2Fcategories&post=1471"},{"taxonomy":"post_tag","embeddable":true,"href":"https:\/\/shamael.noblogs.org\/index.php?rest_route=%2Fwp%2Fv2%2Ftags&post=1471"}],"curies":[{"name":"wp","href":"https:\/\/api.w.org\/{rel}","templated":true}]}}