{"id":1438,"date":"2011-04-08T10:12:53","date_gmt":"2011-04-08T08:12:53","guid":{"rendered":"http:\/\/shamael.noblogs.org\/?p=1438"},"modified":"2011-05-18T09:12:24","modified_gmt":"2011-05-18T07:12:24","slug":"quando-un-ciclo-storico-di-chiude-anche-a-chi-per-decenni-e-stato-uno-dei-punti-di-riferimento-di-un-certo-sistema-politico-non-rimane-che-una-sola-cosa-da-fare-prenderne-atto-e-farsi-da-parte","status":"publish","type":"post","link":"https:\/\/shamael.noblogs.org\/?p=1438","title":{"rendered":"Quando un ciclo storico di chiude, anche a chi per decenni \u00e8 stato uno dei punti di riferimento di un certo sistema politico, non rimane che una sola cosa da fare: prenderne atto e farsi da parte"},"content":{"rendered":"<p><a href=\"https:\/\/shamael.noblogs.org\/files\/2011\/01\/primula-rossa.jpg\"><img loading=\"lazy\" decoding=\"async\" class=\"alignleft size-thumbnail wp-image-421\" src=\"https:\/\/shamael.noblogs.org\/files\/2011\/01\/primula-rossa-150x150.jpg\" alt=\"\" width=\"150\" height=\"150\" \/><\/a><\/p>\n<div>Quella che sto per farvi \u00e8 senza dubbio una\u00a0<strong>metafora un p\u00f2 forzata<\/strong>.\u00a0Ma questa digressione\u00a0<strong>pu\u00f2 essere di aiuto alla riflessione\u00a0che vi propongo oggi<\/strong>. Forse qualcuno di voi\u00a0avr\u00e0 letto la notizia delle\u00a0<strong>dimissioni dal consiglio di Generali<\/strong>dell&#8217;ex nume tutelare della finanza,\u00a0<strong>Cesare Geronzi<\/strong>. Il tutto, peraltro, preceduto da pubblici appellativi (<strong>&#8220;arzillo vecchietto&#8221;<\/strong>)\u00a0<strong>che gi\u00e0 segnavano la cifra che il potere di Geronzi stava scricchiolando<\/strong>.\u00a0<strong>Chi mai avrebbe detto<\/strong>, un paio di anni fa, che il banchiere di Marino (come da sempre era stato battezzato per i suoi natali)\u00a0<strong>un giorno sarebbe stato<\/strong>, in buona sostanza,\u00a0<strong>fatto fuori?<\/strong> Forse nessuno. Anzi, il timore reverenziale che incuteva al suo passaggio\u00a0non avrebbe mai fatto presagire un tale scenario.\u00a0<strong>E invece \u00e8 successo<\/strong>. Geronzi \u00e8 stato fatto\u00a0fuori da Generali\u00a0e, forse, dal salotto buono della finanza italiana.\u00a0<strong>I tempi cambiano, gli equilibri\u00a0<em>idem<\/em>, le stagioni politiche si avvicendano<\/strong> e\u00a0quelli che per decenni\u00a0<strong>erano sempre sembrati personaggi intoccabili all&#8217;improvviso vengono rimossi senza tanti complimenti<\/strong>. Direte voi, ora questo dove vuole andare a parare e cosa c&#8217;entra\u00a0Geronzi con Siena e con le sue imminenti elelzioni? C&#8217;entra eccome. Non\u00a0sempre tutto \u00e8 destinato a rimanere inalterato nel tempo. Tutto ha un ciclo e la politica non ne \u00e8 tagliata fuori.\u00a0<strong>Parliamoci chiaramente<\/strong> in questo momento in Italia, soprattutto a livello politico, ci sono degli\u00a0<strong>scombussolamenti che nessuno immagina<\/strong>. Come, altrettanto, nessuno di noi immagina\u00a0<strong>cosa succeder\u00e0 ad un Partito Democratico in agonia<\/strong> una volta passate\u00a0le elezioni di maggio, date le continue fuoriuscite\u00a0di iscritti e dirigenti verso il Nuovo Terzo Polo.\u00a0E anche Siena sta risentendo di questa fiacca,\u00a0<strong>causata da un sempre pi\u00f9 ristretto nucleo di potere<\/strong> che sta l\u00ec piazzato ininterrotamente da anni, ma\u00a0<strong>il cui smalto e la cui capacit\u00e0 di attrarre\u00a0consenso e fiducia diminuiscono di anno in anno<\/strong>. Prendiamo,\u00a0<strong>ad esempio, Alberto Monaci<\/strong>. Nessuno\u00a0mette in discussione che in passato, nel bene o nel male, sia stato uno dei pochi politici senesi,\u00a0<strong>ma oggi a oltre settant&#8217;anni di et\u00e0 non pu\u00f2 esprimere pi\u00f9 niente di nuovo. Ed ecco allora l&#8217;involuzione<\/strong>.\u00a0Prima faceva politica con una prospettiva, oggi la fa con un altra. Prima\u00a0aveva una visione ad ampio respiro,\u00a0<strong>oggi la stessa si ferma sull&#8217;uscio di casa<\/strong>. L&#8217;impressione che si ha nel vedere il\u00a0<strong>piazzamento ossessivo di tutti i suoi familiari in organismi politici e in consessi elettivi<\/strong>,\u00a0<strong>\u00e8 che abbia\u00a0preso atto che appartiene ad una stagione passata, e che l&#8217;unica vera mira sia quella di sistemare al meglio figli e figliastri prima che la vecchiaia sopraggiunga per bene<\/strong>. Circostanza che capiamo da padri di famiglia,\u00a0<strong>ma che nulla ha a che vedere con l&#8217;interesse collettivo<\/strong>.<\/div>\n<div>Questo \u00e8 un ulteriore aspetto che dimostra un modo di ragionare che si \u00e8 fermato a dieci anni fa. All&#8217;epoca, forse, ancora si poteva ragionare sull&#8217;impostare la propria vita &#8220;lavorativa&#8221; solo sulla politica. Ma oggi non \u00e8 pi\u00f9 cos\u00ec. Perch\u00e9 oggi il mercato del lavoro &#8211; quello che produce e che\u00a0paga gli stipendi &#8211; non ha bisogno di burocrati di partito, ma ha bisogno di professionalit\u00e0 vere nei cui curricula\u00a0<strong>ci siano esperienze lavorative diverse dall&#8217;aver fatto solo l&#8217;assessore\u00a0o il consigliere comunale<\/strong>.<\/div>\n<div>Ecco che ritorna la metafora iniziale su Geronzi e su quei poteri che furono tali un tempo,\u00a0<strong>ma che il passo del tempo, ad un certo punto, non sono pi\u00f9\u00a0stati in grado di tenerlo<\/strong>.<\/div>\n<div>E l&#8217;unica cosa che dovrebbero fare \u00e8 prenderne atto.<\/div>\n<div><\/div>\n<div>Firmato<\/div>\n<div><strong>La Primula Rossa<\/strong><\/div>\n","protected":false},"excerpt":{"rendered":"<p>Quella che sto per farvi \u00e8 senza dubbio una\u00a0metafora un p\u00f2 forzata.\u00a0Ma questa digressione\u00a0pu\u00f2 essere di aiuto alla riflessione\u00a0che vi propongo oggi. Forse qualcuno di voi\u00a0avr\u00e0 letto la notizia delle\u00a0dimissioni dal consiglio di Generalidell&#8217;ex nume tutelare della finanza,\u00a0Cesare Geronzi. Il tutto, peraltro, preceduto da pubblici appellativi (&#8220;arzillo vecchietto&#8221;)\u00a0che gi\u00e0 segnavano la cifra che il potere [&hellip;]<\/p>\n","protected":false},"author":2063,"featured_media":0,"comment_status":"open","ping_status":"open","sticky":false,"template":"","format":"standard","meta":{"footnotes":""},"categories":[1],"tags":[112,161,87],"class_list":["post-1438","post","type-post","status-publish","format-standard","hentry","category-general","tag-ceccuzzi","tag-famiglie-m","tag-sistema-siena"],"_links":{"self":[{"href":"https:\/\/shamael.noblogs.org\/index.php?rest_route=\/wp\/v2\/posts\/1438","targetHints":{"allow":["GET"]}}],"collection":[{"href":"https:\/\/shamael.noblogs.org\/index.php?rest_route=\/wp\/v2\/posts"}],"about":[{"href":"https:\/\/shamael.noblogs.org\/index.php?rest_route=\/wp\/v2\/types\/post"}],"author":[{"embeddable":true,"href":"https:\/\/shamael.noblogs.org\/index.php?rest_route=\/wp\/v2\/users\/2063"}],"replies":[{"embeddable":true,"href":"https:\/\/shamael.noblogs.org\/index.php?rest_route=%2Fwp%2Fv2%2Fcomments&post=1438"}],"version-history":[{"count":3,"href":"https:\/\/shamael.noblogs.org\/index.php?rest_route=\/wp\/v2\/posts\/1438\/revisions"}],"predecessor-version":[{"id":2274,"href":"https:\/\/shamael.noblogs.org\/index.php?rest_route=\/wp\/v2\/posts\/1438\/revisions\/2274"}],"wp:attachment":[{"href":"https:\/\/shamael.noblogs.org\/index.php?rest_route=%2Fwp%2Fv2%2Fmedia&parent=1438"}],"wp:term":[{"taxonomy":"category","embeddable":true,"href":"https:\/\/shamael.noblogs.org\/index.php?rest_route=%2Fwp%2Fv2%2Fcategories&post=1438"},{"taxonomy":"post_tag","embeddable":true,"href":"https:\/\/shamael.noblogs.org\/index.php?rest_route=%2Fwp%2Fv2%2Ftags&post=1438"}],"curies":[{"name":"wp","href":"https:\/\/api.w.org\/{rel}","templated":true}]}}