{"id":1435,"date":"2011-04-08T09:44:38","date_gmt":"2011-04-08T07:44:38","guid":{"rendered":"http:\/\/shamael.noblogs.org\/?p=1435"},"modified":"2011-05-18T09:12:38","modified_gmt":"2011-05-18T07:12:38","slug":"ma-il-bisi-si-e-schierato-con-in-nuovi-poteri-forti-del-ceccuzzi","status":"publish","type":"post","link":"https:\/\/shamael.noblogs.org\/?p=1435","title":{"rendered":"Ma il Bisi si \u00e8 schierato con in nuovi &#8220;poteri forti&#8221; del Ceccuzzi?"},"content":{"rendered":"<p>Tra Siena, Roma e Rimini si stanno ponendo questa domanda: dopo le prese di distanza di Ceccuzzi, Cannamela, Iantorno, Evangelisti dalle societ\u00e0 di mutuo soccorso, di fatto quindi dalla Massoneria, il Bisi, che oltre all&#8217;attivit\u00e0 di giornalista \u00e8 presidente del Collegio dei Maestri Venerabili del GOI della Toscana, \u00e8 posto nella condizione di non sostenere questi quattro scienziati della politica. Invece sembra proprio che insista nel dare spazio a Cannamela e a Iantorno. Le ipotesi sono tre per spiegare questo atteggiamento: 1) o lui non conta pi\u00f9 nulla nella gestione del giornale 2) o condivide gli attacchi di Iantorno ai vertici Banca o 3) sulla scorta dello smemorato di Collegno, dimentica i ruoli che ricopre. Anche oggi infatti dalle pagine del suo giornale d\u00e0 spazio ai nuovi &#8220;poteri forti&#8221; che sostengono il Ceccuzzi (come da foto). Ma come si fa a dare spazio e credito a un Cannamela che di fatto non ha capito nulla della politica senese o, per fare un&#8217;ipotesi anche pi\u00f9 malevola, \u00e8 troppo condizionato dai fenomenali comunicatori ceccuzziani? Perch\u00e9 quando apre bocca, diciamolo, si va ben oltre il senso del ridicolo e della grammatica e sintassi italiana (vedi il famoso comune attraversabile). Sono giorni che ci fa venire il latte ai ginocchi con la solita tarantella con cui attacca l&#8217;amministrazione precedente e chiede discontinuit\u00e0.<br \/>\nMa Cannamela \u00e8 pi\u00f9 smemorato di quello di Collegno perch\u00e9 fino ad oggi anche lui e i suoi compagnucci hanno fatto parte a pieno titolo del sistema Siena.<br \/>\nIl Menchiari \u00e8 stato presidente di circoscrizione, in giunta provinciale c&#8217;\u00e8 l&#8217;altro sellato Berni come assessore. A questo punto, visto che fanno i puri e duri, CAnnamela ci faccia alla sveltina l&#8217;elenco dei suoi nominati in enti partecipati o consigli di amministrazione e vediamo se sono loro i discontinui.<\/p>\n<p><a href=\"https:\/\/shamael.noblogs.org\/files\/2011\/04\/sellato.jpg\"><img loading=\"lazy\" decoding=\"async\" class=\"alignleft size-medium wp-image-1436\" src=\"https:\/\/shamael.noblogs.org\/files\/2011\/04\/sellato-300x200.jpg\" alt=\"\" width=\"431\" height=\"287\" srcset=\"https:\/\/shamael.noblogs.org\/files\/2011\/04\/sellato-300x200.jpg 300w, https:\/\/shamael.noblogs.org\/files\/2011\/04\/sellato.jpg 450w\" sizes=\"auto, (max-width: 431px) 100vw, 431px\" \/><\/a><a href=\"https:\/\/shamael.noblogs.org\/files\/2010\/12\/bisi1.jpg\"><img loading=\"lazy\" decoding=\"async\" class=\"alignleft size-medium wp-image-176\" src=\"https:\/\/shamael.noblogs.org\/files\/2010\/12\/bisi1-198x300.jpg\" alt=\"\" width=\"104\" height=\"166\" \/><\/a><a href=\"https:\/\/shamael.noblogs.org\/files\/2011\/02\/ceccuzzi.jpeg\"><img loading=\"lazy\" decoding=\"async\" class=\"alignleft size-thumbnail wp-image-840\" src=\"https:\/\/shamael.noblogs.org\/files\/2011\/02\/ceccuzzi-150x150.jpg\" alt=\"\" width=\"150\" height=\"150\" \/><\/a><a href=\"https:\/\/shamael.noblogs.org\/files\/2011\/02\/denis-verdini1.jpg\"><img loading=\"lazy\" decoding=\"async\" class=\"alignleft size-thumbnail wp-image-914\" src=\"https:\/\/shamael.noblogs.org\/files\/2011\/02\/denis-verdini1-150x150.jpg\" alt=\"\" width=\"150\" height=\"150\" \/><\/a><\/p>\n","protected":false},"excerpt":{"rendered":"<p>Tra Siena, Roma e Rimini si stanno ponendo questa domanda: dopo le prese di distanza di Ceccuzzi, Cannamela, Iantorno, Evangelisti dalle societ\u00e0 di mutuo soccorso, di fatto quindi dalla Massoneria, il Bisi, che oltre all&#8217;attivit\u00e0 di giornalista \u00e8 presidente del Collegio dei Maestri Venerabili del GOI della Toscana, \u00e8 posto nella condizione di non sostenere [&hellip;]<\/p>\n","protected":false},"author":2063,"featured_media":0,"comment_status":"open","ping_status":"open","sticky":false,"template":"","format":"standard","meta":{"footnotes":""},"categories":[1],"tags":[69,112,129],"class_list":["post-1435","post","type-post","status-publish","format-standard","hentry","category-general","tag-bisi","tag-ceccuzzi","tag-sellato-cannamela"],"_links":{"self":[{"href":"https:\/\/shamael.noblogs.org\/index.php?rest_route=\/wp\/v2\/posts\/1435","targetHints":{"allow":["GET"]}}],"collection":[{"href":"https:\/\/shamael.noblogs.org\/index.php?rest_route=\/wp\/v2\/posts"}],"about":[{"href":"https:\/\/shamael.noblogs.org\/index.php?rest_route=\/wp\/v2\/types\/post"}],"author":[{"embeddable":true,"href":"https:\/\/shamael.noblogs.org\/index.php?rest_route=\/wp\/v2\/users\/2063"}],"replies":[{"embeddable":true,"href":"https:\/\/shamael.noblogs.org\/index.php?rest_route=%2Fwp%2Fv2%2Fcomments&post=1435"}],"version-history":[{"count":3,"href":"https:\/\/shamael.noblogs.org\/index.php?rest_route=\/wp\/v2\/posts\/1435\/revisions"}],"predecessor-version":[{"id":2275,"href":"https:\/\/shamael.noblogs.org\/index.php?rest_route=\/wp\/v2\/posts\/1435\/revisions\/2275"}],"wp:attachment":[{"href":"https:\/\/shamael.noblogs.org\/index.php?rest_route=%2Fwp%2Fv2%2Fmedia&parent=1435"}],"wp:term":[{"taxonomy":"category","embeddable":true,"href":"https:\/\/shamael.noblogs.org\/index.php?rest_route=%2Fwp%2Fv2%2Fcategories&post=1435"},{"taxonomy":"post_tag","embeddable":true,"href":"https:\/\/shamael.noblogs.org\/index.php?rest_route=%2Fwp%2Fv2%2Ftags&post=1435"}],"curies":[{"name":"wp","href":"https:\/\/api.w.org\/{rel}","templated":true}]}}