{"id":1379,"date":"2011-04-02T23:10:10","date_gmt":"2011-04-02T21:10:10","guid":{"rendered":"http:\/\/shamael.noblogs.org\/?p=1379"},"modified":"2011-05-18T09:14:50","modified_gmt":"2011-05-18T07:14:50","slug":"il-ceccuzziano-alessandro-piccini-in-via-roma","status":"publish","type":"post","link":"https:\/\/shamael.noblogs.org\/?p=1379","title":{"rendered":"Il ceccuzziano Alessandro Piccini in Via Roma"},"content":{"rendered":"<p><a href=\"https:\/\/shamael.noblogs.org\/files\/2011\/02\/piccini.jpg\"><img loading=\"lazy\" decoding=\"async\" class=\"alignleft size-full wp-image-898\" src=\"https:\/\/shamael.noblogs.org\/files\/2011\/02\/piccini.jpg\" alt=\"\" width=\"100\" height=\"100\" \/><\/a>Comoda la vita per i politici del PD senese. Troppo comoda. Mentre i cittadini lavoratori sudano e si dimenano per sbarcare il lunario e garantire il benessere alle proprie famiglie certi politici, stranamente, sono sempre sulle corsie preferenziali.<br \/>\nIl ceccuzziano Alessandro Piccini ex democristiano, ex vicepresidente della giunta provinciale di Siena e \u00a0presidente del consiglio comunale di Siena, attualmente \u00e8 un esponente del PD senese dell&#8217;area politica di Alfredo Monaci e inoltre da poco tempo lo stesso Piccini Alessandro \u00e8 anche un ex dipendente dell&#8217;Universit\u00e0 di Siena.<br \/>\nE&#8217; un ex dipendente dell&#8217;universit\u00e0 perch\u00e8 all&#8217;improvviso ha ottenuto la mobilit\u00e0 l\u00e0 dove nessuno dei molti che vorrebbero andarsene dalla nave che affonda e che hanno sicuramente pi\u00f9 meriti, competenze e titoli riesce a spostarsi. Singolarmente questa mobilit\u00e0 l&#8217;hanno ottenuta solo in due: lui e il figlio di Marcello Rustici (sempre ceccuzziano, consigliere di amministrazione di Ampugnano e indagato proprio per questo).<br \/>\nMentre i dipendenti universitari pagano sulla loro pelle il dissesto universitario, con il silenzio assordante del PD del ceccuzziano Alessandro Piccini, quest&#8217;ultimo ottiene la mobilit\u00e0 e verso l&#8217;ASL per giunta. Mobilit\u00e0 senza lavorare, ci mancherebbe altro, visto che \u00e8 in aspettativa politica. Ma che strano &#8230;<\/p>\n","protected":false},"excerpt":{"rendered":"<p>Comoda la vita per i politici del PD senese. Troppo comoda. Mentre i cittadini lavoratori sudano e si dimenano per sbarcare il lunario e garantire il benessere alle proprie famiglie certi politici, stranamente, sono sempre sulle corsie preferenziali. Il ceccuzziano Alessandro Piccini ex democristiano, ex vicepresidente della giunta provinciale di Siena e \u00a0presidente del consiglio [&hellip;]<\/p>\n","protected":false},"author":2063,"featured_media":0,"comment_status":"open","ping_status":"open","sticky":false,"template":"","format":"standard","meta":{"footnotes":""},"categories":[1],"tags":[150,149],"class_list":["post-1379","post","type-post","status-publish","format-standard","hentry","category-general","tag-alessandro-piccini","tag-ceccuzziani"],"_links":{"self":[{"href":"https:\/\/shamael.noblogs.org\/index.php?rest_route=\/wp\/v2\/posts\/1379","targetHints":{"allow":["GET"]}}],"collection":[{"href":"https:\/\/shamael.noblogs.org\/index.php?rest_route=\/wp\/v2\/posts"}],"about":[{"href":"https:\/\/shamael.noblogs.org\/index.php?rest_route=\/wp\/v2\/types\/post"}],"author":[{"embeddable":true,"href":"https:\/\/shamael.noblogs.org\/index.php?rest_route=\/wp\/v2\/users\/2063"}],"replies":[{"embeddable":true,"href":"https:\/\/shamael.noblogs.org\/index.php?rest_route=%2Fwp%2Fv2%2Fcomments&post=1379"}],"version-history":[{"count":6,"href":"https:\/\/shamael.noblogs.org\/index.php?rest_route=\/wp\/v2\/posts\/1379\/revisions"}],"predecessor-version":[{"id":2289,"href":"https:\/\/shamael.noblogs.org\/index.php?rest_route=\/wp\/v2\/posts\/1379\/revisions\/2289"}],"wp:attachment":[{"href":"https:\/\/shamael.noblogs.org\/index.php?rest_route=%2Fwp%2Fv2%2Fmedia&parent=1379"}],"wp:term":[{"taxonomy":"category","embeddable":true,"href":"https:\/\/shamael.noblogs.org\/index.php?rest_route=%2Fwp%2Fv2%2Fcategories&post=1379"},{"taxonomy":"post_tag","embeddable":true,"href":"https:\/\/shamael.noblogs.org\/index.php?rest_route=%2Fwp%2Fv2%2Ftags&post=1379"}],"curies":[{"name":"wp","href":"https:\/\/api.w.org\/{rel}","templated":true}]}}