{"id":1369,"date":"2011-04-02T10:16:32","date_gmt":"2011-04-02T08:16:32","guid":{"rendered":"http:\/\/shamael.noblogs.org\/?p=1369"},"modified":"2011-05-18T09:15:01","modified_gmt":"2011-05-18T07:15:01","slug":"si-puo-prendere-in-giro-una-persona-per-sempre-oppure-una-massa-di-persone-per-un-po-di-tempo-ma-non-si-possono-prendere-in-giro-tutti-per-sempre-il-pd-a-casa-parte-prima","status":"publish","type":"post","link":"https:\/\/shamael.noblogs.org\/?p=1369","title":{"rendered":"Si pu\u00f2 prendere in giro una persona per sempre, oppure una massa di persone per un po&#8217; di tempo, ma non si possono prendere in giro tutti per sempre. Il PD a casa (parte prima)"},"content":{"rendered":"<p><a href=\"https:\/\/shamael.noblogs.org\/files\/2011\/01\/primula-rossa.jpg\"><img loading=\"lazy\" decoding=\"async\" class=\"alignleft size-full wp-image-421\" src=\"https:\/\/shamael.noblogs.org\/files\/2011\/01\/primula-rossa.jpg\" alt=\"\" width=\"200\" height=\"210\" \/><\/a><\/p>\n<p><strong>Rompere gli schemi<\/strong>, andare\u00a0<strong>al di l\u00e0 di logiche stantie<\/strong> che\u00a0<strong>non sono pi\u00f9 rispondenti alla realt\u00e0<\/strong>, buttare il cuore al di l\u00e0 dell\u2019ostacolo, non pensare che le cose non possano mai cambiare: prendete pure la frase in cui vi riconoscete meglio,\u00a0<strong>ma per favore, se volete che Siena cambi passo, non votate Ceccuzzi<\/strong>. E, soprattutto\u00a0<strong>non sottovalutate mai una cosa<\/strong>; il\u00a0<strong>cambiamento<\/strong>, sar\u00e0 retorico da dirsi, ma\u00a0<strong>passa davvero per ognuno di noi<\/strong>; passa\u00a0<strong>attraverso l&#8217;espressione di un voto che vada contro a certe logiche e a certi atteggiamenti<\/strong>. Rifletteteci amici, ma\u00a0<strong>se i veri protagonisti della coalizione di Ceccuzzi che inneggia al nuovismo sono quelle stesse figure che spadroneggiano a Siena da decenni<\/strong>, ma quale cambiamento e rilancio pensate che siano in grado di garantirvi? Su,\u00a0<strong>non prendiamoci in giro<\/strong>, rivedano completamente la loro campagna di comunicazione e\u00a0<strong>la smettano con questa farsa della discontinuit\u00e0 da un qualcosa di cui sono stati gli unici artefici<\/strong>.Capiamo che si tratta di ragionamenti gi\u00e0 fatti, ma pensiamo\u00a0<strong>sia opportuno rendersene conto per bene<\/strong>. Qualcuno di voi sta vedendo sulla scena politica qualche politico di\u00a0<strong>area ex Margherita che esprime un proprio pensiero? No? Infatti, neanche noi<\/strong>. Perch\u00e9, viene da chiedersi? Ad essere maliziosi verrebbe quasi da pensare, che abbiano\u00a0<strong>stretto il solito patto di ferro con Ceccuzzi<\/strong> e, quindi, per quanto li riguarda sia gi\u00e0 tutto sistemato e\u00a0<strong>le loro personalissime esistenze siano bell\u2019e garantite<\/strong>. Quindi pazienza se il loro elettorato di riferimento non li sente, non li vede e non condividendo lo\u00a0<strong>schiacciamento a sinistra imposto da Ceccuzzi<\/strong>vorrebbe sentire una loro voce fuori dal coro. I\u00a0<strong>loro posti sono gi\u00e0 stati contrattati<\/strong> e se questo vuol dire rinnegare se stessi e la loro storia politica, beh,\u00a0<strong>un CdA pu\u00f2 valere qualche sacrificio<\/strong>. C\u2019\u00e8 un per\u00f2 ed \u00e8 il loro elettorato. E\u2019 probabile che<strong>abbiano perso un po\u2019 il polso della realt\u00e0<\/strong> e che, per questo, si siano convinti che i<strong> vecchi democristiani (storico elettorato di riferimento specie di qualche anziano esponente ex Popolare ed ex Margherita<\/strong>) votino a prescindere, trascurando il fatto che, per l&#8217;appunto, quei\u00a0<strong>vecchi democristiani se c\u2019\u00e8 una cosa che non hanno mai potuto vedere sono \u201ci comunisti\u201d<\/strong> (<strong>appellativo con cui ancora oggi gli esponenti della ex Margherita chiamano i compagni Diessini, Ceccuzzi in testa<\/strong>). Quindi, vedersi rappresentare da un Fiorino Iantorno di Rifondazione Comunista non ci sta proprio (anche se va detto che pi\u00f9 che appartenere a Rifondazione Comunista, appartiene al partito di se stesso). Mi spiegate per quale assurda ragione un elettore moderato dovrebbe scegliere di votare qualcuno che si professa moderato ma pur di garantire un posto a se stesso accetta di appiattirsi su posizioni e su linee politiche ed amministrative di estremismi non controllabili?<\/p>\n<p>Vediamo un po\u2019, ma\u00a0<strong>secondo voi, un senese di area moderata e di centro, in chi si identifica di pi\u00f9<\/strong>, nel chianino Ceccuzzi o\u00a0<strong>in Corradi<\/strong>?<\/p>\n<p>Firmato<\/p>\n<p><strong>La Primula Rossa<\/strong><\/p>\n","protected":false},"excerpt":{"rendered":"<p>Rompere gli schemi, andare\u00a0al di l\u00e0 di logiche stantie che\u00a0non sono pi\u00f9 rispondenti alla realt\u00e0, buttare il cuore al di l\u00e0 dell\u2019ostacolo, non pensare che le cose non possano mai cambiare: prendete pure la frase in cui vi riconoscete meglio,\u00a0ma per favore, se volete che Siena cambi passo, non votate Ceccuzzi. E, soprattutto\u00a0non sottovalutate mai [&hellip;]<\/p>\n","protected":false},"author":2063,"featured_media":0,"comment_status":"open","ping_status":"open","sticky":false,"template":"","format":"standard","meta":{"footnotes":""},"categories":[1],"tags":[22],"class_list":["post-1369","post","type-post","status-publish","format-standard","hentry","category-general","tag-politica-senese"],"_links":{"self":[{"href":"https:\/\/shamael.noblogs.org\/index.php?rest_route=\/wp\/v2\/posts\/1369","targetHints":{"allow":["GET"]}}],"collection":[{"href":"https:\/\/shamael.noblogs.org\/index.php?rest_route=\/wp\/v2\/posts"}],"about":[{"href":"https:\/\/shamael.noblogs.org\/index.php?rest_route=\/wp\/v2\/types\/post"}],"author":[{"embeddable":true,"href":"https:\/\/shamael.noblogs.org\/index.php?rest_route=\/wp\/v2\/users\/2063"}],"replies":[{"embeddable":true,"href":"https:\/\/shamael.noblogs.org\/index.php?rest_route=%2Fwp%2Fv2%2Fcomments&post=1369"}],"version-history":[{"count":4,"href":"https:\/\/shamael.noblogs.org\/index.php?rest_route=\/wp\/v2\/posts\/1369\/revisions"}],"predecessor-version":[{"id":2291,"href":"https:\/\/shamael.noblogs.org\/index.php?rest_route=\/wp\/v2\/posts\/1369\/revisions\/2291"}],"wp:attachment":[{"href":"https:\/\/shamael.noblogs.org\/index.php?rest_route=%2Fwp%2Fv2%2Fmedia&parent=1369"}],"wp:term":[{"taxonomy":"category","embeddable":true,"href":"https:\/\/shamael.noblogs.org\/index.php?rest_route=%2Fwp%2Fv2%2Fcategories&post=1369"},{"taxonomy":"post_tag","embeddable":true,"href":"https:\/\/shamael.noblogs.org\/index.php?rest_route=%2Fwp%2Fv2%2Ftags&post=1369"}],"curies":[{"name":"wp","href":"https:\/\/api.w.org\/{rel}","templated":true}]}}