{"id":1342,"date":"2011-03-30T21:11:46","date_gmt":"2011-03-30T19:11:46","guid":{"rendered":"http:\/\/shamael.noblogs.org\/?p=1342"},"modified":"2011-05-18T09:16:28","modified_gmt":"2011-05-18T07:16:28","slug":"notizia-chock-per-i-comunicatori-senesi-innamorati-della-frase-web-2-0-lepoca-dei-comunicati-imposti-dalla-federazione-e-della-comunicazione-di-regime-e-finita","status":"publish","type":"post","link":"https:\/\/shamael.noblogs.org\/?p=1342","title":{"rendered":"Notizia chock per i comunicatori senesi innamorati della frase &#8220;Web 2.0&#8221;: l&#8217;epoca dei comunicati imposti dalla federazione e della comunicazione di regime \u00e8 finita"},"content":{"rendered":"<p><a href=\"https:\/\/shamael.noblogs.org\/files\/2011\/01\/primula-rossa.jpg\"><img loading=\"lazy\" decoding=\"async\" class=\"alignleft size-full wp-image-421\" src=\"https:\/\/shamael.noblogs.org\/files\/2011\/01\/primula-rossa.jpg\" alt=\"\" width=\"200\" height=\"210\" \/><\/a>A chi pensa e dice\u00a0<strong>che siamo politicamente scorretti,<\/strong> noi rispondiamo\u00a0<strong>chi se ne frega.<\/strong> Semmai gli altri ci vanno di scartino. E, comunque,\u00a0<strong>se cercare di togliere il velo ad un&#8217;informazione troppe volte addomesticata<\/strong> vuole dire essere politicamente scorretti, beh, allora lo prendiamo come un complimento. Noi pensiamo che chi si professa tanto &#8220;Bella, Meravigliosa 2.0&#8221; non ha ben chiaro cosa\u00a0<strong>significhi quel benedetto 2.0<\/strong>. Perch\u00e9 quel 2.0,\u00a0<strong>cari comunicatori Ceccuzziani<\/strong> rappresenta l&#8217;<strong>evoluzione in chiave dinamica del web<\/strong>, che tradotto in pratica significa una maggiore interazione con chi sta nella rete, e\u00a0<strong>nella rete \u00e8 bene sia chiaro\u00a0l&#8217;informazione \u00e8 molto pi\u00f9 libera e realistica<\/strong>.<\/p>\n<div>Ma\u00a0<strong>avete fatto caso ad una cosa<\/strong> (accaduta in maniera cos\u00ec fragorosa e plateale\u00a0per la prima volta)?<\/div>\n<div><strong>I DS, quelli che con la propaganda c&#8217;hanno campato per una vita <\/strong><strong>sono stati completamente sconfitti sul piano della comunicazione<\/strong> (e noi, in tutta sincerit\u00e0, ci auguriamo che questo risultato possa estendersi anche su un altro versante).<\/div>\n<div>E\u00a0<strong>sapete perch\u00e9<\/strong>? Semplice, perch\u00e9 stanno\u00a0<strong>continuando a ragionare con le vecchie logiche<\/strong>,\u00a0esprimendosi come se fossero i depositari del bene assoluto (<strong>che la carta etica li abbia dato alla testa?<\/strong>), nella totale\u00a0<strong>non consapevolezza che <\/strong>in un&#8217;era cos\u00ec altamente tecnologica come quella\u00a0in cui viviamo<strong> le notizie non si prendono solo da comunicati della federazione\u00a0che vorrebbero importi un unico pensiero e immagini che con la vita reale non hanno nulla a che spartire<\/strong>. Ma loro, niente. Duri come marmo di Carrara\u00a0 passano di sconfitta mediatica in sconfitta mediatica con una seraficit\u00e0 che fa quasi tenerezza. Convinti che, siccome sanno lavorare cos\u00ec,\u00a0<strong>non sono loro che devono adattarsi ai mutati contesti sociali, ma sono i mutati contesti sociali che devono adattarsi a loro<\/strong>. Mai una volta che si soffermino un attimo a pensare che forse &#8211;\u00a0<strong>e dico forse<\/strong> &#8211; al mondo la verit\u00e0 non \u00e8 necessariamente detto che sia stata depositata nelle loro mani. Come\u00a0<strong>non \u00e8 detto che tutti i senesi\u00a0abbiano l&#8217;anello al naso<\/strong>.<strong> Secondo voi<\/strong> ci sar\u00e0 qualcuno che, dopo aver analizzato ci\u00f2 che hanno fatto dire fino ad oggi a Ceccuzzi sia esploso con un p\u00f2 di sano senso di umilt\u00e0 in un &#8220;<strong>o citti, ci s&#8217;\u00e8 provato ma &#8216;un ci riesce, s&#8217;\u00e8 sbagliato tutto<\/strong>&#8220;. Ma in fin dei conti, nel<strong>prontuario del perfetto\u00a0<em>yes man<\/em> la prima regola che insegnano \u00e8 <\/strong>dire\u00a0<strong>&#8220;sempre agli ordini e non fermarsi mai a riflettere&#8221;<\/strong>. Va ammesso che sono stati degli studenti davvero scrupolosi, lo hanno preso alla lettera. Anche troppo, per\u00f2.<\/div>\n<div>Noi, invece,\u00a0<strong>abbiamo quel brutto vizio di non voler farci imporre un&#8217;idea\u00a0o un&#8217;opinione<\/strong>. Noi vogliamo valutare ci\u00f2 che ci viene detto\u00a0con gli strumenti intellettivi che abbiamo e, una volta analizzato il tutto,\u00a0<strong>l&#8217;idea che ne esce deve essere nostra, non appaltata al segretario di partito di turno.<\/strong> E questo non si chiama insubordinazione.<\/div>\n<div>Si chiama voler crescere, volersi formare\u00a0e, soprattutto,\u00a0<strong>non<\/strong> volerci stare ad essere<strong>trattati come pecoroni<\/strong> di cui ricordare, pi\u00f9 che il nome e le esigenze,\u00a0<strong>solo l&#8217;indirizzo per vedere in che collegio si va a votare<\/strong>.<\/div>\n<div><\/div>\n<div>Firmato<\/div>\n<div><strong>La Primula Rossa<\/strong><\/div>\n","protected":false},"excerpt":{"rendered":"<p>A chi pensa e dice\u00a0che siamo politicamente scorretti, noi rispondiamo\u00a0chi se ne frega. Semmai gli altri ci vanno di scartino. E, comunque,\u00a0se cercare di togliere il velo ad un&#8217;informazione troppe volte addomesticata vuole dire essere politicamente scorretti, beh, allora lo prendiamo come un complimento. Noi pensiamo che chi si professa tanto &#8220;Bella, Meravigliosa 2.0&#8221; non [&hellip;]<\/p>\n","protected":false},"author":2063,"featured_media":0,"comment_status":"open","ping_status":"open","sticky":false,"template":"","format":"standard","meta":{"footnotes":""},"categories":[1],"tags":[],"class_list":["post-1342","post","type-post","status-publish","format-standard","hentry","category-general"],"_links":{"self":[{"href":"https:\/\/shamael.noblogs.org\/index.php?rest_route=\/wp\/v2\/posts\/1342","targetHints":{"allow":["GET"]}}],"collection":[{"href":"https:\/\/shamael.noblogs.org\/index.php?rest_route=\/wp\/v2\/posts"}],"about":[{"href":"https:\/\/shamael.noblogs.org\/index.php?rest_route=\/wp\/v2\/types\/post"}],"author":[{"embeddable":true,"href":"https:\/\/shamael.noblogs.org\/index.php?rest_route=\/wp\/v2\/users\/2063"}],"replies":[{"embeddable":true,"href":"https:\/\/shamael.noblogs.org\/index.php?rest_route=%2Fwp%2Fv2%2Fcomments&post=1342"}],"version-history":[{"count":3,"href":"https:\/\/shamael.noblogs.org\/index.php?rest_route=\/wp\/v2\/posts\/1342\/revisions"}],"predecessor-version":[{"id":2299,"href":"https:\/\/shamael.noblogs.org\/index.php?rest_route=\/wp\/v2\/posts\/1342\/revisions\/2299"}],"wp:attachment":[{"href":"https:\/\/shamael.noblogs.org\/index.php?rest_route=%2Fwp%2Fv2%2Fmedia&parent=1342"}],"wp:term":[{"taxonomy":"category","embeddable":true,"href":"https:\/\/shamael.noblogs.org\/index.php?rest_route=%2Fwp%2Fv2%2Fcategories&post=1342"},{"taxonomy":"post_tag","embeddable":true,"href":"https:\/\/shamael.noblogs.org\/index.php?rest_route=%2Fwp%2Fv2%2Ftags&post=1342"}],"curies":[{"name":"wp","href":"https:\/\/api.w.org\/{rel}","templated":true}]}}