{"id":1330,"date":"2011-03-29T13:58:41","date_gmt":"2011-03-29T11:58:41","guid":{"rendered":"http:\/\/shamael.noblogs.org\/?p=1330"},"modified":"2011-05-18T09:16:50","modified_gmt":"2011-05-18T07:16:50","slug":"l%e2%80%99intervento-di-franco-ceccuzzi-alla-presentazione-del-libro-%e2%80%9cmitra-e-compasso%e2%80%9d-di-stefano-bisi","status":"publish","type":"post","link":"https:\/\/shamael.noblogs.org\/?p=1330","title":{"rendered":"L\u2019intervento di Franco Ceccuzzi alla presentazione del libro \u201cMitra e compasso\u201d di Stefano Bisi"},"content":{"rendered":"<p><a href=\"https:\/\/shamael.noblogs.org\/files\/2010\/12\/bisi1.jpg\"><img loading=\"lazy\" decoding=\"async\" class=\"alignleft size-thumbnail wp-image-176\" src=\"https:\/\/shamael.noblogs.org\/files\/2010\/12\/bisi1-150x150.jpg\" alt=\"\" width=\"150\" height=\"150\" \/><\/a><a href=\"https:\/\/shamael.noblogs.org\/files\/2011\/02\/ceccuzzi.jpeg\"><img loading=\"lazy\" decoding=\"async\" class=\"alignleft size-thumbnail wp-image-840\" src=\"https:\/\/shamael.noblogs.org\/files\/2011\/02\/ceccuzzi-150x150.jpg\" alt=\"\" width=\"150\" height=\"150\" \/><\/a>Ve le ricordate le prese di distanze di questi ultimi giorni dalla Massoneria di Franco Ceccuzzi? L&#8217;avete presente la famosa carta dei valori con la quale prendono le distanze dalla Massoneria?<\/p>\n<p>Noi questa polemica ancora non l&#8217;abbiamo capita anche perch\u00e9 la Massoneria non \u00e8 un&#8217;associazione illegale. Riteniamo anche alla luce di quanto veniamo a pubblicare che quella di Ceccuzzi e della sua coalizione sia solo un&#8217;ipocrita campagna propagandistica, visto che lo stesso Ceccuzzi partecipava (naturalmente non da massone) alle iniziative organizzate dal presidente del Collegio dei Maestri Venerabili del GOI della Toscana Stefano Bisi.<\/p>\n<p>Qualche passo significativo e poi vi lasciamo il link in fondo per leggerlo tutto:<\/p>\n<blockquote><p>Conosco Stefano da quasi vent\u2019anni, da quando era uno dei pi\u00f9 promettenti cronisti locali, conosco il suo carattere e le sue capacit\u00e0. Credo di non fare torti a nessuno affermando che rappresenti una felice anomalia nel panorama mediatico e culturale cittadino: pronto alla battuta ma anche alla riflessione, sempre caratterizzati da una verve polemica inconfondibile. Una firma indelebile che ci fa spesso riconoscere i suoi articoli anche senza il supporto di firme, nomi o sigle. Dalle sue intuizioni sono venute fuori alcune delle rubriche giornalistiche pi\u00f9 apprezzate e riuscite: basti pensare al celeberrimo \u201cAngolo dell\u2019unto\u201d, la velina politico-culturale ed istituzionale pi\u00f9 letta in citt\u00e0, o le divertenti ed appassionanti rubriche dove personaggi, noti e meno noti sotto ispirati pseudonimi, si confrontano con l\u2019attualit\u00e0 e le sue innumerevoli sfaccettature. Uno dei suoi pi\u00f9 grandi meriti \u00e8 stato quello di aver capito le necessit\u00e0 del lettore e di aver costruito, assieme ai suoi preziosi collaboratori, un giornale pronto ad interpretarne al meglio le differenti esigenze alternando leggerezza e gravit\u00e0. Sempre con profonda professionalit\u00e0 e rigorosa credibilit\u00e0. L\u2019edizione serale del Corriere di Siena, ad esempio, che viene distribuita nei giorni del Palio \u00e8 una ulteriore conferma di questa sensibilit\u00e0 maturata nei confronti della comunit\u00e0 e dei suoi avvenimenti pi\u00f9 sentiti. Scelte spesso coraggiose che mettono in evidenza, innanzitutto, un gusto vivace per la sfida, ed una capacit\u00e0 innata di rimettersi sempre in discussione.<\/p><\/blockquote>\n<p>E ancora:<\/p>\n<blockquote><p>Una figura universale capace di unire, di far comunicare, comprendere: \u201cAccade quasi sempre che un Papa \u2013 dichiar\u00f2 in ricordo di Giovanni XXIII\u00b0 Giordano Gamberini che ha rivestito la carica di Gran Maestro del Grande Oriente d\u2019Italia \u2013 lasci un profondo rimpianto nell\u2019ambito della sua Chiesa, ma certamente \u00e8 la prima volta che un Papa muore circondato dalla simpatia e dall\u2019affetto di tutta l\u2019umanit\u00e0. Scompare, come tutti sentono, un uomo buono, un uomo che si prometteva di colmare, in virt\u00f9 di un autentico sentimento cristiano, l\u2019abisso scavato dalla Chiesa, prima di lui, fra s\u00e9 medesima e la civilt\u00e0 moderna. E per la prima volta nella storia i massoni possono rendere omaggio al tumulo di un Papa, senza ambiguit\u00e0 n\u00e9 contraddizioni\u201d. Con queste parole risulta evidente ancora una volta come l\u2019obiettivo della tesi discussa sia prima di tutto quello di evidenziare un tentativo di dialogo e non una contrapposizione ideologica e spirituale dettata esclusivamente da presupposti antitetici.<\/p>\n<p>Non va poi dimenticato un altro merito del saggio: quello di aver affrontato, senza speculazioni o prevenzioni, il delicato tema della laicit\u00e0 dello stato. Una tematica sempre attuale e che coinvolge da sempre la vita sociale e politica dei cittadini. Una diversit\u00e0 di posizioni che come spiega il testo comport\u00f2 addirittura una frattura nella stessa massoneria quando si apr\u00ec il confronto dell\u2019insegnamento religioso nella scuola ed i deputati massoni optarono per due diversi schieramenti. Il concetto di laicit\u00e0 dello stato ed i rapporti con la Chiesa non sono certamente una problematica prettamente massonica ma riguardano ogni cittadino e definiscono un confronto di ampio respiro con cui non solo la politica, ma anche la morale deve continuamente confrontarsi. Anche lo storico incontro avvenuto nei giorni scorsi fra il presidente della Repubblica, Giorgio Napolitano ed il pontefice Benedetto XVI\u00b0 pu\u00f2 essere idealmente ricollegato a questa tematica.<\/p><\/blockquote>\n<p>Ecco il link al testo completo: <a href=\"http:\/\/www.francoceccuzzi.it\/wordpress\/?p=199\">http:\/\/www.francoceccuzzi.it\/wordpress\/?p=199<\/a><\/p>\n","protected":false},"excerpt":{"rendered":"<p>Ve le ricordate le prese di distanze di questi ultimi giorni dalla Massoneria di Franco Ceccuzzi? L&#8217;avete presente la famosa carta dei valori con la quale prendono le distanze dalla Massoneria? Noi questa polemica ancora non l&#8217;abbiamo capita anche perch\u00e9 la Massoneria non \u00e8 un&#8217;associazione illegale. Riteniamo anche alla luce di quanto veniamo a pubblicare [&hellip;]<\/p>\n","protected":false},"author":2063,"featured_media":0,"comment_status":"open","ping_status":"open","sticky":false,"template":"","format":"standard","meta":{"footnotes":""},"categories":[1],"tags":[112,126,70],"class_list":["post-1330","post","type-post","status-publish","format-standard","hentry","category-general","tag-ceccuzzi","tag-ceccuzzini","tag-massoneria"],"_links":{"self":[{"href":"https:\/\/shamael.noblogs.org\/index.php?rest_route=\/wp\/v2\/posts\/1330","targetHints":{"allow":["GET"]}}],"collection":[{"href":"https:\/\/shamael.noblogs.org\/index.php?rest_route=\/wp\/v2\/posts"}],"about":[{"href":"https:\/\/shamael.noblogs.org\/index.php?rest_route=\/wp\/v2\/types\/post"}],"author":[{"embeddable":true,"href":"https:\/\/shamael.noblogs.org\/index.php?rest_route=\/wp\/v2\/users\/2063"}],"replies":[{"embeddable":true,"href":"https:\/\/shamael.noblogs.org\/index.php?rest_route=%2Fwp%2Fv2%2Fcomments&post=1330"}],"version-history":[{"count":4,"href":"https:\/\/shamael.noblogs.org\/index.php?rest_route=\/wp\/v2\/posts\/1330\/revisions"}],"predecessor-version":[{"id":2303,"href":"https:\/\/shamael.noblogs.org\/index.php?rest_route=\/wp\/v2\/posts\/1330\/revisions\/2303"}],"wp:attachment":[{"href":"https:\/\/shamael.noblogs.org\/index.php?rest_route=%2Fwp%2Fv2%2Fmedia&parent=1330"}],"wp:term":[{"taxonomy":"category","embeddable":true,"href":"https:\/\/shamael.noblogs.org\/index.php?rest_route=%2Fwp%2Fv2%2Fcategories&post=1330"},{"taxonomy":"post_tag","embeddable":true,"href":"https:\/\/shamael.noblogs.org\/index.php?rest_route=%2Fwp%2Fv2%2Ftags&post=1330"}],"curies":[{"name":"wp","href":"https:\/\/api.w.org\/{rel}","templated":true}]}}