{"id":1328,"date":"2011-03-29T10:47:00","date_gmt":"2011-03-29T08:47:00","guid":{"rendered":"http:\/\/shamael.noblogs.org\/?p=1328"},"modified":"2011-05-18T09:16:58","modified_gmt":"2011-05-18T07:16:58","slug":"levangelo-dellevangelista-e-le-sue-contraddizioni-faccia-inserire-un-altro-punto-nella-carta-dei-valori-chi-ha-fatto-due-mandati-in-comune-a-casa-e-senza-deroghe-parte-seconda","status":"publish","type":"post","link":"https:\/\/shamael.noblogs.org\/?p=1328","title":{"rendered":"L&#8217;evangelo dell&#8217;Evangelista e le sue contraddizioni. Faccia inserire un altro punto nella carta dei valori: chi ha fatto due mandati in comune a casa. E senza deroghe!!! (parte seconda)"},"content":{"rendered":"<p><a href=\"https:\/\/shamael.noblogs.org\/files\/2011\/01\/primula-rossa.jpg\"><img loading=\"lazy\" decoding=\"async\" class=\"alignleft size-full wp-image-421\" src=\"https:\/\/shamael.noblogs.org\/files\/2011\/01\/primula-rossa.jpg\" alt=\"\" width=\"200\" height=\"210\" \/><\/a>E ora, cari amici, il\u00a0<strong>cerchio pu\u00f2 dirsi davvero chiuso<\/strong>. Ricapitoliamo. Prima fu la volta del Sellato Cannamela; poi venne il tempo del\u00a0<strong>coordinatore Stumpo<\/strong>; poi ecco\u00a0<strong>correre in soccorso di Ceccuzzi l&#8217;altro Rifondatore Comunista, Fiorino Iantorno<\/strong>.\u00a0<strong>Oggi<\/strong>, finalmente (anche se gi\u00e0 nei giorni passati aveva gi\u00e0 dato primi ma significativi segnali di amore &#8216;incondizionato&#8217;)\u00a0<strong>la nuova dichiarazioni di amore &#8211; e soprattutto di sostegno politico &#8211; \u00e8 arrivata dall&#8217;IDV<\/strong>, che<strong> entra a pieno titolo tra gli azionisti di maggioranza Ceccuzziani insieme agli esponenti di Rifondazione Comunista, Comunisti Italiani e Sel<\/strong>. Bene.<\/p>\n<div>Ora\u00a0<strong>la parte moderata pu\u00f2 anche fare le valigie e levarsi da tre passi<\/strong>, come si dice. Se qualcuno aveva ancora qualche dubbio\u00a0 che la coalizione non fosse a\u00a0<strong>trazione estremista<\/strong>, oggi finalmente ha avuto la sua conferma.\u00a0<strong>All&#8217;interno della coalizione che sostiene Ceccuzzi l&#8217;area moderata \u00e8 definitivamente stata asfaltata<\/strong>. L&#8217;Italia dei Valori si inserisce di diritto\u00a0<strong>nell&#8217;empireo dei puristi Diessini, nei giustizialisti ad oltranza <\/strong>(ovviamente quando la cosa non li riguarda) pretendendo di far credere all&#8217;universo mondo che gli unici ad essere puri e senza macchia sono loro. Tutto il resto \u00e8 noia, come diceva Califano. E brava Italia dei Valori. Per\u00f2,\u00a0<strong>gi\u00e0 che ci siete, perch\u00e9 non fate rispettare anche qualche altro punto non marginale ai vostri compagni Diessini e limitrofi<\/strong>? Non avete detto che\u00a0<strong>serve discontonuit\u00e0<\/strong>? Non avete detto che bisogna\u00a0<strong>dare un taglio al passato<\/strong>? Bene (a parte che viene spontaneo chiedervi,\u00a0<strong>ma allora perch\u00e9 votate Ceccuzzi?<\/strong>). Perch\u00e9, allora non vi fate garanti anche di un&#8217;altra non trascurabile faccenda?\u00a0<strong>Niente deroghe per chi ha gi\u00e0 fatto due mandati, ossia per chi siede da ben dieci anni sulle poltrone del Comune, chiaro?<\/strong> Cosa fate, accettate che non venga rispettato il vincolo dell&#8217;impossibilit\u00e0 del secondo mandato e che\u00a0<strong>dentro la vostra coalizione ci siano figli e figliastri<\/strong>? Eh no!\u00a0<strong>Chi \u00e8 da dieci anni sta in Comune \u00e8 bene che si schiodi da quelle seggiole, senza se e senza ma e, soprattutto, senza deroghe cucite\u00a0<em>ad personam<\/em><\/strong>.<\/div>\n<div>Ogni volta di pi\u00f9 mi chiedo\u00a0<strong>quale peso abbia quella parte che all&#8217;interno della coalizione che sta con Ceccuzzi si definisce &#8216;moderata&#8217;<\/strong>. Ma davvero pensano che\u00a0quella parte di Siena\u00a0moderata\u00a0sia\u00a0costretta per chiss\u00e0 quali motivi\u00a0a votare qualche candidato consigliere che\u00a0<strong>non\u00a0sar\u00e0 in grado di dire &#8216;pio&#8217; all&#8217;interno del partito di cui fa parte<\/strong>, a causa del fatto che\u00a0<strong>Ceccuzzi ha preferito spostare l&#8217;asse della sua politica sui pi\u00f9 ingestibili estremismi?<\/strong><\/div>\n<div>La Siena moderata \u00e8 pienamente libera di scegliere chi meglio le d\u00e0 garanzie di solidit\u00e0 potendo in tal modo rappresentarne le idee.<\/div>\n<div>E quella Siena non ha nessuna voglia di\u00a0<strong>restare succube e prona solo\u00a0per garantire posti ben remunerati ai soliti noti e ai loro figliocci<\/strong>.<\/div>\n<div>I dirigenti del PD sedicenti moderati vicini a Ceccuzzi, vadano a farsi trovare i voti da Iantorno di Rifondazione Comunista che\u00a0<strong>l&#8217;elettore moderato vero ci pensa da solo a votare Corradi.<\/strong><\/div>\n<div><\/div>\n<div>Firmato<\/div>\n<div><strong>La Primula Rossa<\/strong><\/div>\n<p>&nbsp;<\/p>\n","protected":false},"excerpt":{"rendered":"<p>E ora, cari amici, il\u00a0cerchio pu\u00f2 dirsi davvero chiuso. Ricapitoliamo. Prima fu la volta del Sellato Cannamela; poi venne il tempo del\u00a0coordinatore Stumpo; poi ecco\u00a0correre in soccorso di Ceccuzzi l&#8217;altro Rifondatore Comunista, Fiorino Iantorno.\u00a0Oggi, finalmente (anche se gi\u00e0 nei giorni passati aveva gi\u00e0 dato primi ma significativi segnali di amore &#8216;incondizionato&#8217;)\u00a0la nuova dichiarazioni di amore [&hellip;]<\/p>\n","protected":false},"author":2063,"featured_media":0,"comment_status":"open","ping_status":"open","sticky":false,"template":"","format":"standard","meta":{"footnotes":""},"categories":[1],"tags":[126,140,22],"class_list":["post-1328","post","type-post","status-publish","format-standard","hentry","category-general","tag-ceccuzzini","tag-idv","tag-politica-senese"],"_links":{"self":[{"href":"https:\/\/shamael.noblogs.org\/index.php?rest_route=\/wp\/v2\/posts\/1328","targetHints":{"allow":["GET"]}}],"collection":[{"href":"https:\/\/shamael.noblogs.org\/index.php?rest_route=\/wp\/v2\/posts"}],"about":[{"href":"https:\/\/shamael.noblogs.org\/index.php?rest_route=\/wp\/v2\/types\/post"}],"author":[{"embeddable":true,"href":"https:\/\/shamael.noblogs.org\/index.php?rest_route=\/wp\/v2\/users\/2063"}],"replies":[{"embeddable":true,"href":"https:\/\/shamael.noblogs.org\/index.php?rest_route=%2Fwp%2Fv2%2Fcomments&post=1328"}],"version-history":[{"count":3,"href":"https:\/\/shamael.noblogs.org\/index.php?rest_route=\/wp\/v2\/posts\/1328\/revisions"}],"predecessor-version":[{"id":2304,"href":"https:\/\/shamael.noblogs.org\/index.php?rest_route=\/wp\/v2\/posts\/1328\/revisions\/2304"}],"wp:attachment":[{"href":"https:\/\/shamael.noblogs.org\/index.php?rest_route=%2Fwp%2Fv2%2Fmedia&parent=1328"}],"wp:term":[{"taxonomy":"category","embeddable":true,"href":"https:\/\/shamael.noblogs.org\/index.php?rest_route=%2Fwp%2Fv2%2Fcategories&post=1328"},{"taxonomy":"post_tag","embeddable":true,"href":"https:\/\/shamael.noblogs.org\/index.php?rest_route=%2Fwp%2Fv2%2Ftags&post=1328"}],"curies":[{"name":"wp","href":"https:\/\/api.w.org\/{rel}","templated":true}]}}