{"id":1075,"date":"2011-03-07T20:03:33","date_gmt":"2011-03-07T19:03:33","guid":{"rendered":"https:\/\/shamael.noblogs.org\/?p=1075"},"modified":"2011-05-18T09:28:41","modified_gmt":"2011-05-18T07:28:41","slug":"io-donna-pretendo-il-rispetto-e-non-voglio-essere-ghettizzata-o-%e2%80%9cquotata%e2%80%9d","status":"publish","type":"post","link":"https:\/\/shamael.noblogs.org\/?p=1075","title":{"rendered":"Io Donna pretendo il rispetto e non voglio essere ghettizzata o \u201cquotata\u201d"},"content":{"rendered":"<p><a href=\"https:\/\/shamael.noblogs.org\/files\/2011\/03\/marianne.jpg\"><img loading=\"lazy\" decoding=\"async\" class=\"alignleft size-full wp-image-1076\" src=\"https:\/\/shamael.noblogs.org\/files\/2011\/03\/marianne.jpg\" alt=\"\" width=\"184\" height=\"250\" \/><\/a><\/p>\n<p>Da anni oramai la Festa della Donna, quindi la mia festa, \u00e8 vissuta piu\u2019 che altro come una sorta di mera strumentalizzazione politica o come una sorta di \u201cunico giorno per dire che noi ci siamo\u201d.<\/p>\n<p>Forse sar\u00f2 fuori dal coro delle benpensanti o delle dirigenti di partito che vivono questa giornata come palcoscenico e poi magari negli altri giorni dell\u2019anno (che sono 364) la condizione della donna \u00e8 relegata in piccolo angoli sui giornali tipo \u201cLa posta delle lettrici\u201d. Il mio corpo e il mio cervello di donna sono tali 365 giorni all\u2019anno e non voglio pi\u00f9 essere considerata \u201cun giorno di festa\u201d.Certo fa piacere sentirsi dire \u201cbuona festa\u201d o ricevere una mimosa o dei fiori, ma\u00a0<strong><em>IO PRETENDO DIGNITA\u2019 E RISPETTO IN OGNI AMBITO DELLA VITA CHE VIVO, \u00a0IN CASA O NELLA SOCIETA\u2019 SENZA DOVERMI SENTIRE OGGETTO DI SCONTRO POLITICO E SENZA DOVER VIVERE LA MIA CONDIZIONE FEMMINILE COME UNA GHETTIZZAZIONE O COME UNA \u201cQUOTAZIONE\u201d IN OGNI DOVE.<\/em><\/strong><\/p>\n<p>L\u2019 8 marzo dobbiamo viverlo come una ricorrenza particolare per ricordarci e ricordare le origini di questa data: perch\u00e9 l\u20198 marzo sta a significare qualcosa di piu\u2019 elevato rispetto al corteo dei fiorai.<\/p>\n<blockquote><p>\u201c<strong>La data della Festa dell\u20198 marzo \u00a0risale al 1908, quando un gruppo di operaie di una industria tessile di New York scioper\u00f2 come forma di protesta contro le terribili condizioni in cui si trovavano a lavorare.<\/strong><\/p>\n<p><strong>Lo sciopero prosegu\u00ec per diverse giornate ma fu proprio l&#8217;8 Marzo che la propriet\u00e0 dell&#8217;azienda blocc\u00f2 le uscite della fabbrica, impedendo alle operaie di uscire dalla stessa.<\/strong><\/p>\n<p><strong>Un incendio fer\u00ec mortalmente 129 operaie, tra cui anche delle italiane, donne che cercavano semplicemente di migliorare la propria qualit\u00e0 del lavoro.Tra di loro vi erano molte immigrate, tra cui anche delle donne italiane che, come le altre, cercavano di migliorare la loro condizione di vita. L&#8217;8 marzo assunse col tempo un&#8217;importanza mondiale, diventando il simbolo delle vessazioni che la donna ha dovuto subire nel corso dei secoli e il punto di partenza per il riscatto della propria dignit\u00e0&#8221;<\/p>\n<p><\/strong><\/p><\/blockquote>\n<p>Mi piace riviverla cos\u00ec questa data, con la speranza che anche tante donne in politica o con ruoli dirigenziali si ricordino \u00a0della condizione della donna \u00a0non solo \u201cper sventolare bandiere per un solo giorno\u201d o per rivendicare cariche o poltrone politiche, ma nei momenti concreti in cui la dignit\u00e0 della donna \u00e8 messa in discussione.<\/p>\n<p>Ad esempio non ho visto le famose femministe del PD come Fiorenza Anatrini o Alessandra Navarri scendere in piazza per difendere la dignit\u00e0 delle lavoratrici dell\u2019universit\u00e0 di Siena colpite nel proprio reddito dalla direttrice di ferro Ines Fabbro. Va bene gridare contro il bunga bunga e su questo concordo. Ma la condizione della donna sui luoghi di lavoro \u00e8 relegata solo al giudice del lavoro? Io ricordo l\u20198 marzo\u00a0 da donna non quotata , da madre e da cittadina libera e fiera .<\/p>\n<p><strong>Marianne Franceschi<\/strong><\/p>\n<p>&nbsp;<\/p>\n<p>&nbsp;<\/p>\n<p>&nbsp;<\/p>\n","protected":false},"excerpt":{"rendered":"<p>Da anni oramai la Festa della Donna, quindi la mia festa, \u00e8 vissuta piu\u2019 che altro come una sorta di mera strumentalizzazione politica o come una sorta di \u201cunico giorno per dire che noi ci siamo\u201d. Forse sar\u00f2 fuori dal coro delle benpensanti o delle dirigenti di partito che vivono questa giornata come palcoscenico e [&hellip;]<\/p>\n","protected":false},"author":2063,"featured_media":0,"comment_status":"open","ping_status":"open","sticky":false,"template":"","format":"standard","meta":{"footnotes":""},"categories":[1],"tags":[],"class_list":["post-1075","post","type-post","status-publish","format-standard","hentry","category-general"],"_links":{"self":[{"href":"https:\/\/shamael.noblogs.org\/index.php?rest_route=\/wp\/v2\/posts\/1075","targetHints":{"allow":["GET"]}}],"collection":[{"href":"https:\/\/shamael.noblogs.org\/index.php?rest_route=\/wp\/v2\/posts"}],"about":[{"href":"https:\/\/shamael.noblogs.org\/index.php?rest_route=\/wp\/v2\/types\/post"}],"author":[{"embeddable":true,"href":"https:\/\/shamael.noblogs.org\/index.php?rest_route=\/wp\/v2\/users\/2063"}],"replies":[{"embeddable":true,"href":"https:\/\/shamael.noblogs.org\/index.php?rest_route=%2Fwp%2Fv2%2Fcomments&post=1075"}],"version-history":[{"count":4,"href":"https:\/\/shamael.noblogs.org\/index.php?rest_route=\/wp\/v2\/posts\/1075\/revisions"}],"predecessor-version":[{"id":2372,"href":"https:\/\/shamael.noblogs.org\/index.php?rest_route=\/wp\/v2\/posts\/1075\/revisions\/2372"}],"wp:attachment":[{"href":"https:\/\/shamael.noblogs.org\/index.php?rest_route=%2Fwp%2Fv2%2Fmedia&parent=1075"}],"wp:term":[{"taxonomy":"category","embeddable":true,"href":"https:\/\/shamael.noblogs.org\/index.php?rest_route=%2Fwp%2Fv2%2Fcategories&post=1075"},{"taxonomy":"post_tag","embeddable":true,"href":"https:\/\/shamael.noblogs.org\/index.php?rest_route=%2Fwp%2Fv2%2Ftags&post=1075"}],"curies":[{"name":"wp","href":"https:\/\/api.w.org\/{rel}","templated":true}]}}