{"id":1061,"date":"2011-03-07T08:37:47","date_gmt":"2011-03-07T07:37:47","guid":{"rendered":"https:\/\/shamael.noblogs.org\/?p=1061"},"modified":"2011-05-18T09:33:47","modified_gmt":"2011-05-18T07:33:47","slug":"storie-di-dissesti-di-tessere-di-partito-di-decadenza-e-dei-soliti-geni","status":"publish","type":"post","link":"https:\/\/shamael.noblogs.org\/?p=1061","title":{"rendered":"Storie di dissesti, di tessere di partito, di decadenza e dei soliti Geni"},"content":{"rendered":"<p><a href=\"https:\/\/shamael.noblogs.org\/files\/2011\/02\/boldrini.jpg\"><img loading=\"lazy\" decoding=\"async\" class=\"alignleft size-full wp-image-869\" src=\"https:\/\/shamael.noblogs.org\/files\/2011\/02\/boldrini.jpg\" alt=\"\" width=\"150\" height=\"137\" \/><\/a><\/p>\n<p>Per poter star dietro a tutto e monitorare avanti e indietro la situazione dentro e fuori l\u2019Ateneo senese mi son fatto inviare dal Nord America una\u00a0<strong><em>Moevia inclemens<\/em><\/strong> (un ragno che grazie alla sue quattro paia di occhi puo\u2019 individuare qualsiasi cosa in un campo visivo di 360 gradi).<\/p>\n<p>In particolar modo \u00e8 difficile seguire i movimenti del passato e del presente di alcuni GENI, come ad esempio l\u2019onnipresente e tuttologo Maurizio Boldrini. Gi\u00e0, il famoso genio individuato tale da un altro esponente di rango della nomenclatura berlingueriana-tosiana che corrisponde la nome di Maurizio Bettini; perch\u00e9 merita ricordarle spesso le maestose parole del Bettini :\u201c<strong><em>Ah, vedere un Genio che si avvicina a Tosi, con le chiome inghirlandate di molli corone! Che scena meravigliosa (per la parte del Genio, avevo pensato a Maurizio Boldrini) Purtroppo per\u00f2 non ho potuto far niente del genere. E non perch\u00e9 Piero non si meritasse un\u2019elegia di Tibullo, o perch\u00e9 Boldrini recalcitrasse all\u2019idea di impersonare la parte del Genio. Figurarsi se recalcitrava! E quando gli ricapita, nella vita, di fare il Genio?<\/em><\/strong>\u201d<\/p>\n<p>A mio avviso quanto scritto da Bettini \u00e8 sufficiente per farsi un\u2019idea del concetto che avevano questi signori (geni compresi) del loro ruolo dentro e fuori l\u2019universit\u00e0.E non solo: queste parole sono il segno tangibile della visione padronale e dell\u2019uso privatistico dell\u2019Ateneo, e se analizziamo attentamente il livello confidenziale dei rapporti riusciamo a comprendere anche il clima favorevole in cui \u00e8 nato il dissesto finanziario. Praticamente era tutta una famiglia:da quella naturale a quella baronale. Regnava l\u2019arbitrio\u00a0e la mitizzazione del capo. Si sentivano superiori a tutti e a tutto; protetti a Roma e dal potere politico senese.Erano \u201cmagnifici\u201d di carica e di fatto.E quando qualcosa non funzionava nel meccanismo di compensazione dei poteri o si creavano dei dissidi con il potere politico locale, entrava in scena il Genio:la sua tessera del partito Ceccuzziano era una garanzia. Insomma, rieccolo il Boldrini,il tuttologo e il grande genio della grande universit\u00e0 tosiana. Il Genio \u00e8 diventato tale, grazie al suo grande idolo Luigi Berlinguer; poi il magnifico Luigi concluso il suo rettorato incorona successore,con l\u2019acclamazione del corpo docente allineato e della CGIL, il magnifico Piero Tosi: nuovo capo indiscusso ma ben coordinato dal Genio. Le origini del dissesto e la decadenza dell\u2019ateneo senese vanno ricercate in questo periodo ed \u00e8 solo con la bonifica definitiva dei residui di questa storia decadente che l\u2019Ateneo puo\u2019 ripartire con dignit\u00e0 e garanzie per il futuro.Le indagini della magistratura servono per individuare i responsabili diretti del dissesto e quindi sanzionarli con severit\u00e0,ma nel contempo la comunit\u00e0 universitaria deve auto- bonificarsi,altrimenti nulla cambier\u00e0 in meglio.<\/p>\n<p>Non dimentichiamoci le responsabilit\u00e0 del\u00a0\u00a0potere politico senese di quegli anni rappresentato da Franco Ceccuzzi. Ora, Ceccuzzi si presenta come un verginello della politica e fa finta di non saper nulla o di non conoscere i protagonisti del dissesto finanziario o della gestione berlingueriana-tosiana.Forse il candidato sindaco del PD tenta il colpo di genio \u201cdel sono io il nuovo\u201d per allontanare dalla campagna elettorale i suoi magnifici rapporti con Piero Tosi e Maurizio Boldrini, oppure con Angelaccio e quindi affermare che\u00a0\u00a0chi oggi chiede verit\u00e0 e giustizia crea un clima di faide interne all\u2019ateneo o macellazioni. Devo ammettere che il Ceccuzzi e il Boldrini hanno una tratto particolare in comune: la faccia tosta!!<\/p>\n<p>Grazie agli occhi della\u00a0<strong><em>Maevia inclemens<\/em><\/strong> rinfreschiamo la memoria collettiva: Il tesserato del Pd Boldrini Maurizio il 19 agosto 2010 coordinava un dibattito alla festa del PD :\u201d<strong> <\/strong><strong><em>19 AGOSTO<\/em><\/strong><strong><em><br \/>\nORE 21.00 \u2013 SPAZIO DIBATTITI<br \/>\n<\/em><\/strong><strong><em>Libera la cultura! I tagli del governo alle politiche culturali-<\/em><\/strong><strong><em>Coordina <\/em><\/strong><strong><em>Maurizio Boldrini<\/em><\/strong><strong><em>, docente di Scienze della comunicazione \u2013 Universit\u00e0 di Siena<\/em><\/strong>\u201d<\/p>\n<p><strong><em>Il 21 0ttobre del 2002 Maurizio Boldrini coordinava il dibattito con relatore Piero Tosi e alla presenza di Franco Ceccuzzi organizzato dal coordinamento dell\u2019Ulivo al Jolly Hotel ore 17:30 dal titolo \u201cConfronto sulla legge finanziaria\u201d.<\/em><\/strong><\/p>\n<p>Nel febbraio 2006 Boldrini era il moderatore di una tavola rotonda organizzata dai DS (leggete i nomi dei partecipanti e il tema della tavola):\u201d\u00a0<strong><em>Tavola rotonda, a cui hanno partecipato Gabriella Piccinni, Franco Ceccuzzi, Andrea Ranieri, Angelo Riccaboni, Maurizio Bettini, ha acceso il dibattito &#8211; moderato da Maurizio Boldrini, direttore del Centro comunicazione e marketing dell\u2019Universit\u00e0 di Siena &#8211; nella parte conclusiva della giornata che i Ds senesi hanno dedicato al tema delle universit\u00e0.\u201d<\/em><\/strong><\/p>\n<p>Franco Ceccuzzi dichiarava a suo tempo: \u201c<strong><em>Fummo tra i primi a rimproverare ed a spronare al miglioramento l\u2019allora Rettore Piero Tosi, al quale vogliamo manifestare ancora oggi la nostra stima.<\/em><\/strong>\u201d La considerazione a queste affermazioni di Ceccuzzi mi sorge spontanea: se spronava e rimproverava Piero Tosi risulta palese che Ceccuzzi conosceva bene la gestione universitaria dello stesso Tosi, o sbaglio? Certo che non mi sbaglio.<\/p>\n<p>Ma la storia finisce qui? Assolutamente no. Nel giorno della presentazione della candidatura a sindaco di Franco Ceccuzzi\u00a0organizzata dal PD al Santa Maria della Scala tra i presenti all\u2019evento chi c\u2019era ad acclamare il compagno di sempre? Risposta ovvia: il genio Maurizio Boldrini.<\/p>\n<p>Quel Maurizio Boldrini ex responsabile dell\u2019area comunicazione e marketing dell\u2019Ateneo, il docente a contratto del dipartimento di scienze della comunicazione, il tessitore di lodi della societ\u00e0 IN.FACT srl (\u201c<strong>Esiste gi\u00e0 uno spin off all\u2019interno dell\u2019Ateneo ma il loro \u00e8 un modello diverso trattandosi di un\u2019azienda vera e propria. Lo spin off richiede tempi lunghi per affrontare il mercato mentre oggi \u00e8 importante fare impresa nel pi\u00f9 breve tempo possibile. Importante, poi, che inizino a produrre mantenendo un profondo legame con l\u2019Universit\u00e0: le aziende devono rivolgersi a consulenze esterne mentre loro hanno a disposizione attrezzature e professionalit\u00e0 in un luogo dove gi\u00e0 si produce ricerca\u201d). Quel Maurizio Boldrini <\/strong>del debito di 26.210,00 contratto nel 2006\u00a0\u00a0con Rubbettino Editore, per l\u2019acquisto di\u00a0<a href=\"http:\/\/ilsensodellamisura.com\/?p=3387\" target=\"_blank\">300 copie del libro<\/a> in onore di Luigi Berlinguer.<\/p>\n<p>In conclusione di questo intervento converrete con me che occorre una rapida conclusione delle indagini della magistratura ,ma nel contempo anche a seguito della vicenda IN.FACT e del debito dei 26.210,00 euro,proprio per dare a tutta la comunit\u00e0 universitaria un bel segnale di trasparenza e autotutela degli interessi dell\u2019ente, gli organi competenti dell\u2019Ateneo non possono non chiudere qualsiasi tipo di rapporto tra il sig. Boldrini Maurizio e l\u2019ateneo stesso. Al Ceccuzzi credo che ci penseranno gli elettori senesi dentro le urne elettorali di maggio.<\/p>\n","protected":false},"excerpt":{"rendered":"<p>Per poter star dietro a tutto e monitorare avanti e indietro la situazione dentro e fuori l\u2019Ateneo senese mi son fatto inviare dal Nord America una\u00a0Moevia inclemens (un ragno che grazie alla sue quattro paia di occhi puo\u2019 individuare qualsiasi cosa in un campo visivo di 360 gradi). In particolar modo \u00e8 difficile seguire i [&hellip;]<\/p>\n","protected":false},"author":2063,"featured_media":0,"comment_status":"open","ping_status":"open","sticky":false,"template":"","format":"standard","meta":{"footnotes":""},"categories":[1],"tags":[121,22],"class_list":["post-1061","post","type-post","status-publish","format-standard","hentry","category-general","tag-infact","tag-politica-senese"],"_links":{"self":[{"href":"https:\/\/shamael.noblogs.org\/index.php?rest_route=\/wp\/v2\/posts\/1061","targetHints":{"allow":["GET"]}}],"collection":[{"href":"https:\/\/shamael.noblogs.org\/index.php?rest_route=\/wp\/v2\/posts"}],"about":[{"href":"https:\/\/shamael.noblogs.org\/index.php?rest_route=\/wp\/v2\/types\/post"}],"author":[{"embeddable":true,"href":"https:\/\/shamael.noblogs.org\/index.php?rest_route=\/wp\/v2\/users\/2063"}],"replies":[{"embeddable":true,"href":"https:\/\/shamael.noblogs.org\/index.php?rest_route=%2Fwp%2Fv2%2Fcomments&post=1061"}],"version-history":[{"count":4,"href":"https:\/\/shamael.noblogs.org\/index.php?rest_route=\/wp\/v2\/posts\/1061\/revisions"}],"predecessor-version":[{"id":2377,"href":"https:\/\/shamael.noblogs.org\/index.php?rest_route=\/wp\/v2\/posts\/1061\/revisions\/2377"}],"wp:attachment":[{"href":"https:\/\/shamael.noblogs.org\/index.php?rest_route=%2Fwp%2Fv2%2Fmedia&parent=1061"}],"wp:term":[{"taxonomy":"category","embeddable":true,"href":"https:\/\/shamael.noblogs.org\/index.php?rest_route=%2Fwp%2Fv2%2Fcategories&post=1061"},{"taxonomy":"post_tag","embeddable":true,"href":"https:\/\/shamael.noblogs.org\/index.php?rest_route=%2Fwp%2Fv2%2Ftags&post=1061"}],"curies":[{"name":"wp","href":"https:\/\/api.w.org\/{rel}","templated":true}]}}