{"id":1005,"date":"2011-03-03T08:56:06","date_gmt":"2011-03-03T07:56:06","guid":{"rendered":"http:\/\/shamael.noblogs.org\/?p=1005"},"modified":"2011-05-18T09:38:25","modified_gmt":"2011-05-18T07:38:25","slug":"al-via-un-altro-spottone-tavoli-workshop-appuntamenti-tematici-forum-fateci-fare-di-tutto-ma-non-chiedeteci-danda-a-lavora","status":"publish","type":"post","link":"https:\/\/shamael.noblogs.org\/?p=1005","title":{"rendered":"Al via un altro spottone. Tavoli, workshop, appuntamenti tematici, forum: fateci fare di tutto, ma non chiedeteci d&#8217;and\u00e0 a lavor\u00e0"},"content":{"rendered":"<p><a href=\"https:\/\/shamael.noblogs.org\/files\/2011\/01\/primula-rossa.jpg\"><img loading=\"lazy\" decoding=\"async\" class=\"alignleft size-full wp-image-421\" src=\"https:\/\/shamael.noblogs.org\/files\/2011\/01\/primula-rossa.jpg\" alt=\"\" width=\"200\" height=\"210\" \/><\/a><\/p>\n<div>Vai, ci risiamo. Dopo il titolo &#8220;Bella, meravigliosa 2.0&#8221; eccone un altro fresco fresco,<strong>partorito dagli esperti di marketing politico cittadino<\/strong>. La nuova fatica avr\u00e0 per titolo &#8220;<strong>Laboratorio delle idee per Siena 2016<\/strong>&#8220;. E sapete di cosa si tratter\u00e0? Di un\u00a0<strong>altro bel &#8220;percorso&#8221;<\/strong> che si snoder\u00e0 in\u00a0<strong>6 appuntamenti tematici<\/strong> (ci viene un dubbio: ma prima di fare tutti questi percorsi, la mappa di dove vogliono andare l&#8217;avranno guardata?\u00a0<strong>Perch\u00e9 qui, percorri percorri, pare tanto girino a vuoto<\/strong>).\u00a0<strong>San Pancrazio, ora\u00a0son proprio confuso! <\/strong>E ora questi 6 nuovi\u00a0appuntamenti da dove scappano fuori? Eppure ci eravamo cos\u00ec appassionati alla\u00a0<strong><em>soap opera<\/em> del centro sinistra<\/strong> che l&#8217;avevamo seguita tutta con parecchia attenzione. Ma forse, nonostante questo, ci siamo persi qualche puntata.<\/p>\n<div><strong>Ricapitolando<\/strong>.\u00a0A catechismo vi hanno insegnato che all&#8217;inizio fu\u00a0il Verbo?<\/div>\n<div><strong>No, qui all&#8217;inizio fu\u00a0il tavolo<\/strong>,\u00a0una telenovela pi\u00f9 avvincente di Beautiful (e quasi lunga allo stesso modo) in cui ogni giorno aprivi i giornali e trovavi\u00a0<strong>nuovi colpi di scena manco si fosse trattato di un giallo di Agatha Christie<\/strong>.\u00a0Poi, un bel giorno, hanno<strong>emesso il loro vagito i Forum<\/strong>,\u00a0<strong>altres\u00ec detti &#8220;un colpo e via&#8221;<\/strong> (tranne, per obiettivit\u00e0,\u00a0quello coordinato da Orlandini) nel senso che grande rullo di tamburi, grande spottone con cui si chiedeva una partecipazione aperta a chiunque, poi, pi\u00f9 niente.\u00a0<strong>A qualcuno risulta che Daniele Magrini abbia fatto qualche altra iniziativa pubblica sulla buona politica<\/strong>, magari\u00a0<strong>rilanciando<\/strong> di nuovo\u00a0<strong>l&#8217;immediata creazione dell&#8217;anagrafe di eletti e nominati (a proposito, ma questa proposta dell&#8217;anagrafe, poi, che fine ha fatto)?<\/strong> Ora un nuovo\u00a0<em>coupe de theatre<\/em>:\u00a0<strong>gli appuntamenti tematici. &#8216;Azz<\/strong> (per inciso, quasi ci stavamo dimenticando;\u00a0<strong>la SEL del Sellato Cannamela, in un impeto di giovanilistico entusiasmo<\/strong>, si era lasciata prendere la mano e, tanto per incasinare ancora un p\u00f2 di pi\u00f9 il tutto,\u00a0<strong>aveva proposto anche una bella serie di<em>workshop<\/em>, purch\u00e9 tematici, per\u00f2<\/strong>). Poi, pi\u00f9 niente? Ma, come si dice, lavorare, no?<\/div>\n<div>Ma a chi \u00e8 che viene in mente tutta questa serie di iniziative una uguale a quell&#8217;altra?<strong>Perch\u00e9 a questi va senza dubbio il premio per l&#8217;originalit\u00e0<\/strong> e la scafatezza politica.<\/div>\n<div>E poi, suvvia,\u00a0<strong>ancora a scrivere che l&#8217;argomento Universit\u00e0<\/strong> (ossia\u00a0<strong>il parlarne<\/strong>) viene utilizzato perch\u00e9 la si vuole macellare? A\u00a0<strong>Ceccuzzi e ai suoi fedeli comunicatori\u00a0<em>yes men<\/em><\/strong> sfugge forse un piccolo ma non trascurabile particolare; la macellazione di un qualcosa presuppone, innanzitutto, che questo qualcosa esista,\u00a0<strong>mentre qui invece, e scusate cari lettori il raffinato francesismo, non c&#8217;\u00e8 rimasto pi\u00f9 una sega<\/strong>.<\/div>\n<div>Affermazioni di questo genere, ancora una volta, danno la rappresentazione dell&#8217;empatia che\u00a0intercorre tra chi all&#8217;Ateneo ci lavora e un\u00a0<strong>certo potere politico (candidato Ceccuzzi compreso)<\/strong> che pur essendo stato saldamente in sella (nonostante all&#8217;epoca non avesse il Sellato Cannamela, per\u00f2)\u00a0<strong>negli anni in cui \u00e8 presumibile le casse universitarie\u00a0abbiano cominciato a svuotarsi<\/strong> (con tutti i danni diretti e indiretti che questo ha prodotto e continuer\u00e0 a produrre) se ne \u00e8 stato nel silenzio o, peggio ancora, non gli \u00e8 mai venuto in mente di dare\u00a0<strong>una sbirciatina per vedere se\u00a0da quelle parti la gestione era oculata<\/strong>. E perch\u00e9 mai; in fin dei conti c&#8217;erano i soliti compagni anche l\u00ec dentro e<strong> tra compagni non ci si morde.<\/strong><\/div>\n<div>Caro Ceccuzzi, per dimostrare che\u00a0si \u00e8\u00a0veramente slegati da un certo passato\u00a0<strong>non si deve attaccare chi non la pensa come te e cerca, invece,\u00a0di tenere viva l&#8217;attenzione sul disastro economico che \u00e8 stato fatto l\u00e0 dentro<\/strong>. Se proprio Ceccuzzi vuole attaccare qualcuno,\u00a0<strong>vada ad attaccare chi il disastro lo ha fatto<\/strong>.<\/div>\n<div><strong>Se uno\u00a0si fregia di non venire dal passato, che problema ha a farlo?<\/strong><\/div>\n<\/div>\n<div><\/div>\n<div>Firmato<\/div>\n<div><strong>La Primula Rossa<\/strong><\/div>\n","protected":false},"excerpt":{"rendered":"<p>Vai, ci risiamo. Dopo il titolo &#8220;Bella, meravigliosa 2.0&#8221; eccone un altro fresco fresco,partorito dagli esperti di marketing politico cittadino. La nuova fatica avr\u00e0 per titolo &#8220;Laboratorio delle idee per Siena 2016&#8220;. E sapete di cosa si tratter\u00e0? Di un\u00a0altro bel &#8220;percorso&#8221; che si snoder\u00e0 in\u00a06 appuntamenti tematici (ci viene un dubbio: ma prima di [&hellip;]<\/p>\n","protected":false},"author":2063,"featured_media":0,"comment_status":"open","ping_status":"open","sticky":false,"template":"","format":"standard","meta":{"footnotes":""},"categories":[1],"tags":[22],"class_list":["post-1005","post","type-post","status-publish","format-standard","hentry","category-general","tag-politica-senese"],"_links":{"self":[{"href":"https:\/\/shamael.noblogs.org\/index.php?rest_route=\/wp\/v2\/posts\/1005","targetHints":{"allow":["GET"]}}],"collection":[{"href":"https:\/\/shamael.noblogs.org\/index.php?rest_route=\/wp\/v2\/posts"}],"about":[{"href":"https:\/\/shamael.noblogs.org\/index.php?rest_route=\/wp\/v2\/types\/post"}],"author":[{"embeddable":true,"href":"https:\/\/shamael.noblogs.org\/index.php?rest_route=\/wp\/v2\/users\/2063"}],"replies":[{"embeddable":true,"href":"https:\/\/shamael.noblogs.org\/index.php?rest_route=%2Fwp%2Fv2%2Fcomments&post=1005"}],"version-history":[{"count":4,"href":"https:\/\/shamael.noblogs.org\/index.php?rest_route=\/wp\/v2\/posts\/1005\/revisions"}],"predecessor-version":[{"id":2389,"href":"https:\/\/shamael.noblogs.org\/index.php?rest_route=\/wp\/v2\/posts\/1005\/revisions\/2389"}],"wp:attachment":[{"href":"https:\/\/shamael.noblogs.org\/index.php?rest_route=%2Fwp%2Fv2%2Fmedia&parent=1005"}],"wp:term":[{"taxonomy":"category","embeddable":true,"href":"https:\/\/shamael.noblogs.org\/index.php?rest_route=%2Fwp%2Fv2%2Fcategories&post=1005"},{"taxonomy":"post_tag","embeddable":true,"href":"https:\/\/shamael.noblogs.org\/index.php?rest_route=%2Fwp%2Fv2%2Ftags&post=1005"}],"curies":[{"name":"wp","href":"https:\/\/api.w.org\/{rel}","templated":true}]}}